{"id":35757,"date":"2024-05-03T16:01:14","date_gmt":"2024-05-03T16:01:14","guid":{"rendered":"https:\/\/dekkbi.com\/?p=35757"},"modified":"2024-05-03T16:01:14","modified_gmt":"2024-05-03T16:01:14","slug":"pelerinage-de-popenguine-les-habitants-invites-a-ne-pas-faire-dans-la-surenchere-sur-la-location-des-maisons","status":"publish","type":"post","link":"https:\/\/dekkbi.com\/?p=35757","title":{"rendered":"P\u00e8lerinage\u00a0de Popenguine : les habitants invit\u00e9s\u00a0\u00e0 ne pas faire dans la surench\u00e8re sur la location \u00a0des maisons"},"content":{"rendered":"\n<p>Thi\u00e8s,  (APS) \u2013 L\u2019adjointe au gouverneur de Thi\u00e8s et des responsables de l\u2019organisation du p\u00e8lerinage marial de Popenguine (Thi\u00e8s, ouest) ont appel\u00e9 les habitants de la localit\u00e9 h\u00f4te du plus grand \u00e9v\u00e8nement religieux catholique du S\u00e9n\u00e9gal \u00e0 ne pas c\u00e9der \u00e0 la \u201csurench\u00e8re\u201d not\u00e9e l\u2019ann\u00e9e derni\u00e8re dans la location des maisons, pendant ce rassemblement annuel.<\/p>\n\n\n\n<p>\u201cDepuis l\u2019ann\u00e9e derni\u00e8re, il nous a \u00e9t\u00e9 signal\u00e9 de la surench\u00e8re dans la location des maisons par les propri\u00e9taires lors de l\u2019\u00e9v\u00e8nement. Je les sensibilise sur le fait qu\u2019il s\u2019agit d\u2019une activit\u00e9 religieuse, qui est une occasion de d\u00e9votion. Nous les invitons \u00e0 faciliter aux p\u00e8lerins les conditions d\u2019h\u00e9bergement\u201d, a dit notamment T\u00e9ning Faye B\u00e2.<\/p>\n\n\n\n<p>En cl\u00f4turant un CRD pr\u00e9paratoire de la 136-\u00e8me \u00e9dition du p\u00e8lerinage marial de Popenguine, Mme B\u00e2 a recommand\u00e9 aux propri\u00e9taires de maison \u00e0 louer, \u201c\u00e0 d\u00e9faut de les mettre gratuitement \u00e0 la disposition des p\u00e8lerins, de les rendre abordables\u201d, pour am\u00e9liorer les conditions de s\u00e9jour des visiteurs.<\/p>\n\n\n\n<p>Abondant dans le m\u00eame sens que l\u2019adjointe au gouverneur, Jean-Pierre Dasilva, secr\u00e9taire g\u00e9n\u00e9ral adjoint du Comit\u00e9 national du p\u00e8lerinage de Popenguine, a exhort\u00e9 les habitants de Popenguine \u00e0 faire preuve, \u201cpour une fois dans l\u2019ann\u00e9e\u201d, de leur hospitalit\u00e9 envers les p\u00e8lerins, ce qui est un acte de d\u00e9votion, selon lui.<\/p>\n\n\n\n<p>Des milliers de p\u00e8lerins viennent de partout au S\u00e9n\u00e9gal pour se retrouver pendant trois jours, pour ce p\u00e8lerinage pr\u00e9vu cette ann\u00e9e du 18 au 20 mai, dans cette localit\u00e9 du d\u00e9partement de Mbour, a rappel\u00e9 Jean-Pierre Dasilva.<\/p>\n\n\n\n<p>Il a invit\u00e9, par la m\u00eame occasion, les p\u00e8lerins \u00e0 se munir d\u2019un badge, pour faciliter la t\u00e2che aux forces de l\u2019ordre.<\/p>\n\n\n\n<p>L\u2019innovation&nbsp; de cette ann\u00e9e est que les marcheurs prendront leur d\u00e9part au niveau des doyenn\u00e9s, pour se retrouver lundi \u00e0 Popenguine, a-t-il dit.<\/p>\n\n\n\n<p>Cette ann\u00e9e, le dioc\u00e8se de Thi\u00e8s, dont l\u2019\u00e9v\u00eaque Mgr Andr\u00e9 Gu\u00e8ye dira la messe du lundi, sera \u00e0 l\u2019honneur.<\/p>\n\n\n\n<p>Lors de cette rencontre, les diff\u00e9rents services que sont la Senelec, les forces de d\u00e9fense et de s\u00e9curit\u00e9, l\u2019ONAS, de la sant\u00e9, entre autres ont pris des engagements assortis de d\u00e9lais d\u2019ex\u00e9cution, pour contribuer au bon d\u00e9roulement de ce rendez-vous annuel des fid\u00e8les catholiques du S\u00e9n\u00e9gal.<\/p>\n\n\n\n<p>L\u2019abb\u00e9 Ousario Gomis, directeur des \u0153uvres, charg\u00e9 du p\u00e8lerinage \u00e0 Thi\u00e8s a sollicit\u00e9 plus de s\u00e9curit\u00e9 sur la route de Sindia qu\u2019emprunteront les marcheurs de Thi\u00e8s. Il s\u2019agit d\u2019une voie \u00e9troite escarp\u00e9e par endroit, qu\u2019ils doivent partager avec les v\u00e9hicules.<\/p>\n\n\n\n<p>Il a invit\u00e9 les diff\u00e9rents services \u00e0 respecter les engagements pris par les services.<\/p>\n\n\n\n<p>Selon l\u2019adjointe au gouverneur, 15 postes m\u00e9dicaux avanc\u00e9s seront mis en place lors de ce p\u00e8lerinage, dont un dans la r\u00e9gion de Dakar et un dans la commune de Yenne.<\/p>\n\n\n\n<p>L\u2019AGEROUTE devra assurer le nivellement des pistes et l\u2019am\u00e9nagement de parkings. Les services du commerce se sont engag\u00e9s \u00e0 effectuer un contr\u00f4le \u00e0 Popenguine, afin de veiller au respect des prix et de la qualit\u00e9 des denr\u00e9es alimentaires qui y seront \u00e9coul\u00e9es.<\/p>\n\n\n\n<p>\u201cGlobalement, avec le niveau d\u2019engagement des services, nous sommes pr\u00eats \u00e0 organiser un p\u00e8lerinage marial de Popenguine comme nous l\u2019avions fait par le pass\u00e9\u201d.<\/p>\n\n\n\n<p>Cette rencontre pr\u00e9paratoire faisait suite \u00e0 celles tenues aux \u00e9chelles de l\u2019arrondissement de Sindia et du d\u00e9partement de Mbour.<\/p>\n\n\n\n<p>ADI\/ASG<\/p>\n","protected":false},"excerpt":{"rendered":"<p>Thi\u00e8s, (APS) \u2013 L\u2019adjointe au gouverneur de Thi\u00e8s et des responsables de l\u2019organisation du p\u00e8lerinage marial de Popenguine (Thi\u00e8s, ouest)<\/p>\n","protected":false},"author":1,"featured_media":35758,"comment_status":"open","ping_status":"open","sticky":false,"template":"","format":"standard","meta":{"footnotes":""},"categories":[21],"tags":[],"class_list":["post-35757","post","type-post","status-publish","format-standard","has-post-thumbnail","hentry","category-societe"],"_links":{"self":[{"href":"https:\/\/dekkbi.com\/index.php?rest_route=\/wp\/v2\/posts\/35757","targetHints":{"allow":["GET"]}}],"collection":[{"href":"https:\/\/dekkbi.com\/index.php?rest_route=\/wp\/v2\/posts"}],"about":[{"href":"https:\/\/dekkbi.com\/index.php?rest_route=\/wp\/v2\/types\/post"}],"author":[{"embeddable":true,"href":"https:\/\/dekkbi.com\/index.php?rest_route=\/wp\/v2\/users\/1"}],"replies":[{"embeddable":true,"href":"https:\/\/dekkbi.com\/index.php?rest_route=%2Fwp%2Fv2%2Fcomments&post=35757"}],"version-history":[{"count":1,"href":"https:\/\/dekkbi.com\/index.php?rest_route=\/wp\/v2\/posts\/35757\/revisions"}],"predecessor-version":[{"id":35759,"href":"https:\/\/dekkbi.com\/index.php?rest_route=\/wp\/v2\/posts\/35757\/revisions\/35759"}],"wp:featuredmedia":[{"embeddable":true,"href":"https:\/\/dekkbi.com\/index.php?rest_route=\/wp\/v2\/media\/35758"}],"wp:attachment":[{"href":"https:\/\/dekkbi.com\/index.php?rest_route=%2Fwp%2Fv2%2Fmedia&parent=35757"}],"wp:term":[{"taxonomy":"category","embeddable":true,"href":"https:\/\/dekkbi.com\/index.php?rest_route=%2Fwp%2Fv2%2Fcategories&post=35757"},{"taxonomy":"post_tag","embeddable":true,"href":"https:\/\/dekkbi.com\/index.php?rest_route=%2Fwp%2Fv2%2Ftags&post=35757"}],"curies":[{"name":"wp","href":"https:\/\/api.w.org\/{rel}","templated":true}]}}