{"id":3575,"date":"2022-11-21T11:30:38","date_gmt":"2022-11-21T11:30:38","guid":{"rendered":"https:\/\/dekkbi.com\/?p=3575"},"modified":"2022-11-21T11:30:40","modified_gmt":"2022-11-21T11:30:40","slug":"diourbel-visite-du-president-de-la-coalition-elegu-senegal-charles-emile-abdou-ciss-plaide-pour-un-programme-axe-sur-les-resultats","status":"publish","type":"post","link":"https:\/\/dekkbi.com\/?p=3575","title":{"rendered":"Diourbel-visite du pr\u00e9sident de la coalition \u00eblegu S\u00e9n\u00e9gal : Charles \u00c9mile Abdou Ciss plaide pour un programme ax\u00e9 sur les r\u00e9sultats"},"content":{"rendered":"\n<p><strong>La coalition ELEGU S\u00e9n\u00e9gal a d\u00e9cid\u00e9 de pr\u00e9senter une candidature aux prochaines \u00e9lections pr\u00e9sidentielles de 2024. Son Pr\u00e9sident Charles \u00c9mile Abdou Ciss, ancien Directeur de la solde, \u00e9tait ce week-end \u00e0 Diourbel pour une rencontre de partage avec ses militants et sympathisants.<\/strong><\/p>\n\n\n\n<p>Le Pr\u00e9sident de la coalition ELEGU&nbsp; S\u00e9n\u00e9gal \u00e9tait \u00e0 Diourbel pour une rencontre de partage sur les diff\u00e9rents axes de son programme. \u00ab&nbsp;C\u2019est une rencontre de partage sur les grands axes du Programme de la coalition Elegu S\u00e9n\u00e9gal, nous avons pu \u00e9changer avec les populations et avec les participants, recueillir leurs pr\u00e9occupations qui sont l\u00e9gitimes et qui sont celles&nbsp; des S\u00e9n\u00e9galais qui veulent avoir une vie moins ch\u00e8re, avoir acc\u00e8s&nbsp; aux denr\u00e9es de mani\u00e8re facile, avoir acc\u00e8s \u00e0 des services qui sont adapt\u00e9s aux moyens de la population, avoir des conditions d\u2019acc\u00e8s aux b\u00e9n\u00e9fices du service public&nbsp; qui soient d\u00e9cents et qui puissent permettre aux populations de s\u2019\u00e9panouir en mati\u00e8re de sant\u00e9, en mati\u00e8re d\u2019\u00e9ducation, en mati\u00e8re&nbsp; routi\u00e8re et sur tous les plans&nbsp;\u00bb, a-t-il dit. Et il poursuit&nbsp;: &nbsp;\u00bb nous avons pu recueillir les pr\u00e9occupations des populations en mati\u00e8re d\u2019\u00e9ducation. Il s\u2019agit de permettre&nbsp;\u00e0 la soci\u00e9t\u00e9 s\u00e9n\u00e9galaise d\u2019acc\u00e9der \u00e0 une \u00e9ducation lui permettant de participer de mani\u00e8re qualitative au d\u00e9veloppement du pays. Il s\u2019agit \u00e9galement de voir comment pr\u00e9server les valeurs qui sont les n\u00f4tres qui sont des valeurs religieuses, morales&nbsp; mais aussi des valeurs sociologiques et culturelles qui permettent \u00e0 tout citoyen d\u2019\u00eatre \u00e9panoui. Nous avons discut\u00e9 des conditions d\u2019exercice de certains m\u00e9tiers. Nous pensons que les m\u00e9tiers qui sont d\u00e9di\u00e9s au grand public doivent faire l\u2019objet d\u2019une modernisation. C\u2019est le cas des h\u00f4pitaux, c\u2019est le cas des \u00e9coles&nbsp;\u00bb. Interrog\u00e9 sur la candidature du Pr\u00e9sident Macky Sall en 2024, l\u2019ancien Directeur de la solde est formel&nbsp;: \u00ab&nbsp;Le Pr\u00e9sident Macky Sall ne peut pas briguer un 3\u00e8me mandat m\u00eame si ses souteneurs affirment le contraire&nbsp;\u00bb.<\/p>\n\n\n\n<p><strong>ADAMA NDIAYE\u00a0<\/strong><\/p>\n\n\n\n<p>SUDONLINE<\/p>\n","protected":false},"excerpt":{"rendered":"<p>La coalition ELEGU S\u00e9n\u00e9gal a d\u00e9cid\u00e9 de pr\u00e9senter une candidature aux prochaines \u00e9lections pr\u00e9sidentielles de 2024. Son Pr\u00e9sident Charles \u00c9mile<\/p>\n","protected":false},"author":1,"featured_media":3576,"comment_status":"open","ping_status":"open","sticky":false,"template":"","format":"standard","meta":{"footnotes":""},"categories":[6],"tags":[],"class_list":["post-3575","post","type-post","status-publish","format-standard","has-post-thumbnail","hentry","category-politics"],"_links":{"self":[{"href":"https:\/\/dekkbi.com\/index.php?rest_route=\/wp\/v2\/posts\/3575","targetHints":{"allow":["GET"]}}],"collection":[{"href":"https:\/\/dekkbi.com\/index.php?rest_route=\/wp\/v2\/posts"}],"about":[{"href":"https:\/\/dekkbi.com\/index.php?rest_route=\/wp\/v2\/types\/post"}],"author":[{"embeddable":true,"href":"https:\/\/dekkbi.com\/index.php?rest_route=\/wp\/v2\/users\/1"}],"replies":[{"embeddable":true,"href":"https:\/\/dekkbi.com\/index.php?rest_route=%2Fwp%2Fv2%2Fcomments&post=3575"}],"version-history":[{"count":1,"href":"https:\/\/dekkbi.com\/index.php?rest_route=\/wp\/v2\/posts\/3575\/revisions"}],"predecessor-version":[{"id":3577,"href":"https:\/\/dekkbi.com\/index.php?rest_route=\/wp\/v2\/posts\/3575\/revisions\/3577"}],"wp:featuredmedia":[{"embeddable":true,"href":"https:\/\/dekkbi.com\/index.php?rest_route=\/wp\/v2\/media\/3576"}],"wp:attachment":[{"href":"https:\/\/dekkbi.com\/index.php?rest_route=%2Fwp%2Fv2%2Fmedia&parent=3575"}],"wp:term":[{"taxonomy":"category","embeddable":true,"href":"https:\/\/dekkbi.com\/index.php?rest_route=%2Fwp%2Fv2%2Fcategories&post=3575"},{"taxonomy":"post_tag","embeddable":true,"href":"https:\/\/dekkbi.com\/index.php?rest_route=%2Fwp%2Fv2%2Ftags&post=3575"}],"curies":[{"name":"wp","href":"https:\/\/api.w.org\/{rel}","templated":true}]}}