{"id":35742,"date":"2024-05-02T14:01:37","date_gmt":"2024-05-02T14:01:37","guid":{"rendered":"https:\/\/dekkbi.com\/?p=35742"},"modified":"2024-05-02T14:01:38","modified_gmt":"2024-05-02T14:01:38","slug":"ussein-lintersyndicale-se-mobilise-pour-laugmentation-du-budget-du-crous-ss","status":"publish","type":"post","link":"https:\/\/dekkbi.com\/?p=35742","title":{"rendered":"USSEIN: l\u2019intersyndicale se mobilise pour l\u2019augmentation du budget du CROUS-SS"},"content":{"rendered":"\n<p>Kaolack,  (APS) \u2013 L\u2019Inter-syndicale des travailleurs du Centre r\u00e9gional des \u0153uvres universitaires et sociales du Sine-Saloum a c\u00e9l\u00e9br\u00e9 la f\u00eate internationale du Travail avec comme principale revendication l\u2019augmentation du budget de cette structure rattach\u00e9e \u00e0 l\u2019Universit\u00e9 du Sine-Saloum El Hadji Ibrahima Niass (USSEIN) de Kaolack (centre).<\/p>\n\n\n\n<p>Face \u00e0 la \u2018\u2019situation pr\u00e9occupante\u2019\u2019 que traverse le CROUS-SS,&nbsp; les travailleurs estiment qu\u2019il est devenu \u2018\u2019imp\u00e9ratif\u2019\u2019 pour eux de se mobiliser et de revendiquer leurs \u2018\u2019droits l\u00e9gitimes\u2019\u2019.<\/p>\n\n\n\n<p>\u201dNotre direction souffre d\u2019un sous-financement chronique qui compromet gravement notre capacit\u00e9 \u00e0 fournir des services de qualit\u00e9 et \u00e0 garantir de bonnes conditions de travail pour tous\u2019\u2019, a notamment d\u00e9clar\u00e9 Moustapha B\u00e2, secr\u00e9taire g\u00e9n\u00e9ral du Syndicat autonome des travailleurs des universit\u00e9s du S\u00e9n\u00e9gal (SATUS), section CROUS-SS.<\/p>\n\n\n\n<p>Il a fait cette d\u00e9claration mercredi, au si\u00e8ge de l\u2019institution, dans la commune de Kaolack, \u00e0 l\u2019occasion de la comm\u00e9moration de la f\u00eate international du travail, une c\u00e9l\u00e9bration \u2018\u2019sobre\u2019\u2019 mais \u2018\u2019symbolique\u2019\u2019, avec la remise d\u2019un cahier de dol\u00e9ances au directeur g\u00e9n\u00e9ral du CROUS-SS, Ousseynou Diop.<\/p>\n\n\n\n<p>Ces travailleurs ont fait \u00e9tat d\u2019une \u2018\u2019situation intol\u00e9rable\u2019\u2019, avec \u2018\u2019des projets retard\u00e9s, des \u00e9quipements v\u00e9tustes et des services essentiels compromis\u2019\u2019.<\/p>\n\n\n\n<p>\u2018\u2019Nous sommes confront\u00e9s \u00e0 des d\u00e9fis quotidiens en raison de ce manque de financement. Les ressources insuffisantes entravent notre capacit\u00e9 \u00e0 r\u00e9pondre aux besoins de notre communaut\u00e9 et \u00e0 assurer le bien-\u00eatre de nos coll\u00e8gues\u2019\u2019, s\u2019est indign\u00e9 M. B\u00e2, un des porte-parole de cette intersyndicale.<\/p>\n\n\n\n<p>Les travailleurs ont exig\u00e9 \u00e9galement des investissements dans les infrastructures, les \u00e9quipements et les services, l\u2019ach\u00e8vement et la livraison des chantiers de l\u2019universit\u00e9, ainsi que la g\u00e9n\u00e9ralisation de l\u2019indemnit\u00e9 de logement, le rel\u00e8vement de l\u2019\u00e2ge \u00e0 la retraite \u00e0 65 ans, la revalorisation de la pension de retraite et le reversement des cotisations sociales, pour garantir des conditions de travail \u2018\u2019s\u00fbres et ad\u00e9quates\u2019\u2019.<\/p>\n\n\n\n<p>Ils ont r\u00e9clam\u00e9 aussi l\u2019instauration d\u2019un syst\u00e8me d\u2019absorption des vacataires et autres contractuels, le reclassement et l\u2019avancement des agents.&nbsp;<\/p>\n\n\n\n<p>Pour un budget initialement estim\u00e9 entre dix et onze milliards de francs CFA, le CROUS-SS ne re\u00e7oit que deux milliards de francs CFA, ce qui est insuffisant, surtout que les locaux provisoires qui abritent cette universit\u00e9 sont en location, indique-t-on.<\/p>\n\n\n\n<p>Ce qui pousse Mamadou Bineta Badiane, secr\u00e9taire g\u00e9n\u00e9ral du Syndicat des travailleurs des \u00e9tablissements scolaires et universitaires du CROUS-SS, a lanc\u00e9 un \u2018\u2019appel solennel\u2019\u2019 au chef de l\u2019Etat.<\/p>\n\n\n\n<p>\u201dMonsieur le pr\u00e9sident de la R\u00e9publique, votre pr\u00e9d\u00e9cesseur nous avait promis qu\u2019au mois d\u2019avril nous allions rejoindre nos campus. Des efforts ont \u00e9t\u00e9 faits mais nous attendons que votre gouvernement puisse les p\u00e9renniser\u2019\u2019, a plaid\u00e9 M. Badiane.<\/p>\n","protected":false},"excerpt":{"rendered":"<p>Kaolack, (APS) \u2013 L\u2019Inter-syndicale des travailleurs du Centre r\u00e9gional des \u0153uvres universitaires et sociales du Sine-Saloum a c\u00e9l\u00e9br\u00e9 la f\u00eate<\/p>\n","protected":false},"author":1,"featured_media":35743,"comment_status":"open","ping_status":"open","sticky":false,"template":"","format":"standard","meta":{"footnotes":""},"categories":[21],"tags":[],"class_list":["post-35742","post","type-post","status-publish","format-standard","has-post-thumbnail","hentry","category-societe"],"_links":{"self":[{"href":"https:\/\/dekkbi.com\/index.php?rest_route=\/wp\/v2\/posts\/35742","targetHints":{"allow":["GET"]}}],"collection":[{"href":"https:\/\/dekkbi.com\/index.php?rest_route=\/wp\/v2\/posts"}],"about":[{"href":"https:\/\/dekkbi.com\/index.php?rest_route=\/wp\/v2\/types\/post"}],"author":[{"embeddable":true,"href":"https:\/\/dekkbi.com\/index.php?rest_route=\/wp\/v2\/users\/1"}],"replies":[{"embeddable":true,"href":"https:\/\/dekkbi.com\/index.php?rest_route=%2Fwp%2Fv2%2Fcomments&post=35742"}],"version-history":[{"count":1,"href":"https:\/\/dekkbi.com\/index.php?rest_route=\/wp\/v2\/posts\/35742\/revisions"}],"predecessor-version":[{"id":35744,"href":"https:\/\/dekkbi.com\/index.php?rest_route=\/wp\/v2\/posts\/35742\/revisions\/35744"}],"wp:featuredmedia":[{"embeddable":true,"href":"https:\/\/dekkbi.com\/index.php?rest_route=\/wp\/v2\/media\/35743"}],"wp:attachment":[{"href":"https:\/\/dekkbi.com\/index.php?rest_route=%2Fwp%2Fv2%2Fmedia&parent=35742"}],"wp:term":[{"taxonomy":"category","embeddable":true,"href":"https:\/\/dekkbi.com\/index.php?rest_route=%2Fwp%2Fv2%2Fcategories&post=35742"},{"taxonomy":"post_tag","embeddable":true,"href":"https:\/\/dekkbi.com\/index.php?rest_route=%2Fwp%2Fv2%2Ftags&post=35742"}],"curies":[{"name":"wp","href":"https:\/\/api.w.org\/{rel}","templated":true}]}}