{"id":35673,"date":"2024-04-30T13:10:12","date_gmt":"2024-04-30T13:10:12","guid":{"rendered":"https:\/\/dekkbi.com\/?p=35673"},"modified":"2024-04-30T13:10:12","modified_gmt":"2024-04-30T13:10:12","slug":"ddd-le-service-perturbe-par-une-greve-du-syndicat-democratique-des-travailleurs-du-transport-routier","status":"publish","type":"post","link":"https:\/\/dekkbi.com\/?p=35673","title":{"rendered":"DDD : le service perturb\u00e9 par une gr\u00e8ve du Syndicat d\u00e9mocratique des travailleurs du transport routier"},"content":{"rendered":"\n<p>Dakar,  (APS) \u2013 La gr\u00e8ve du Syndicat d\u00e9mocratique des travailleurs du transport routier de Dakar Dem Dikk (DDD) a paralys\u00e9, lundi, le transport urbain et interurbain au grand dam des nombreux usagers de la soci\u00e9t\u00e9 publique de transport.<\/p>\n\n\n\n<p>Au terminus de Dakar Dem Dikk de libert\u00e9 5, ce n\u2019\u00e9tait pas l\u2019ambiance des grands jours. Les bus qui devaient rejoindre les r\u00e9gions sont \u00e0 l\u2019arr\u00eat \u00e0 cause d\u2019un mouvement d\u2019humeur spontan\u00e9 observ\u00e9 par le syndicat.<\/p>\n\n\n\n<p>\u2018\u2019M\u00eame moi qui travaille \u00e0 DDD, je n\u2019\u00e9tais pas au courant de la gr\u00e8ve. C\u2019est dommage. C\u2019est une partie des travailleurs qui est en gr\u00e8ve. Ils sont venus tr\u00e8s t\u00f4t le matin arracher les cl\u00e9s bus et barricad\u00e9 l\u2019entr\u00e9e et la sortie du terminus. C\u2019est ind\u00e9pendant de notre volont\u00e9. On s\u2019excuse vraiment\u2019\u2019, d\u00e9clare un membre du personnel face aux nombreuses interpellations des voyageurs d\u00e9sesp\u00e9r\u00e9s.<\/p>\n\n\n\n<p>Au t\u00e9l\u00e9phone, Amy explique son d\u00e9sarroi \u00e0 une coll\u00e8gue qui devait prendre un bus. Amy qui avait pr\u00e9vu de se rendre au Fouta (Nord) d\u00e9plore l\u2019absence du pr\u00e9avis de gr\u00e8ve. \u2018\u2019Ce n\u2019est pas normal. On a perdu beaucoup de temps. Il faut au moins&nbsp; pr\u00e9venir les gens. Ce n\u2019est pas professionnel\u2019\u2019, a-t-elle fustig\u00e9 avant d\u2019observer un petit silence et de poursuivre. \u2018\u2019Comment peut-on aller en gr\u00e8ve sans pr\u00e9avis\u2019\u2019, s\u2019interroge-t-elle encore.<\/p>\n\n\n\n<p>\u201dC\u2019est dommage, j\u2019ai achet\u00e9 hier un ticket pour me rendre aujourd\u2019hui \u00e0 Diourbel. L\u2019heure de d\u00e9part \u00e9tait pr\u00e9vue \u00e0 15h mais \u00e0 ma grande surprise, ils m\u2019ont signal\u00e9 que les travailleurs sont en gr\u00e8ve\u201d, s\u2019offusque une autre cliente.<\/p>\n\n\n\n<p>Fatou et sa petite s\u0153ur devaient \u00e9galement aller \u00e0 K\u00e9b\u00e9mer (Louga). D\u00e9sesp\u00e9r\u00e9e, elle tente de rallier la gare routi\u00e8re des Baux-Mara\u00eechers o\u00f9&nbsp; la trentaine esp\u00e8re trouver un moyen de transport pour pouvoir voyager. \u201dJe voulais me rendre \u00e0 K\u00e9b\u00e9mer. Tout mon programme a \u00e9t\u00e9 perturb\u00e9 par cette gr\u00e8ve que j\u2019ignorais totalement. Ils devraient nous avertir et nous rendre au moins notre argent\u2019\u2019, fulmine t-elle.<\/p>\n\n\n\n<p><strong>\u201dLe syndicat d\u00e9nonce des nominations politiques\u2019<\/strong>\u2018<\/p>\n\n\n\n<p>\u201dL\u2019Etat doit prendre ses responsabilit\u00e9s et organiser cette soci\u00e9t\u00e9. Une soci\u00e9t\u00e9 nationale comme DDD ne peut pas se permettre de telles choses. Les nouvelles autorit\u00e9s doivent intervenir et r\u00e9gler d\u00e9finitivement ces probl\u00e8mes\u201d, soutient Abdoul Aziz Fall, qui avait pr\u00e9vu de se rendre \u00e0 Touba.<\/p>\n\n\n\n<p>Selon le syndicat d\u00e9mocratique des travailleurs routiers de DDD, \u201dce mouvement humeur spontan\u00e9 est d\u00fb \u00e0 des nominations politiques au sein de l\u2019entreprise\u201d.<\/p>\n\n\n\n<p>\u201dOn a constat\u00e9 qu\u2019il y a une forme de discrimination au sein de Dakar Dem Dikk. L\u2019\u00e9l\u00e9ment d\u00e9clencheur, c\u2019est qu\u2019on a appris que le DG a promu des agents qui ne le m\u00e9ritent pas\u201d, a expliqu\u00e9 un syndicaliste qui a requis l\u2019anonymat.<\/p>\n\n\n\n<p>\u201dCes postes reviennent de droit aux plus anciens mais le DG a donn\u00e9 ces responsabilit\u00e9s \u00e0 des agents qui sont nouveaux dans l\u2019entreprise pour des raisons purement politique\u201d, d\u00e9nonce t-il, invitant les nouvelles autorit\u00e9s \u00e0 intervenir pour r\u00e9gler la situation.<\/p>\n\n\n\n<p><strong>Ousmane Sylla r\u00e9fute ces accusations et \u00e9voque des nominations pour \u201dam\u00e9liorer le fonctionnement de l\u2019entreprise<\/strong>\u201d<\/p>\n\n\n\n<p>\u2018\u2019Nous voulons avoir un Directeur g\u00e9n\u00e9ral qui travaille et qui connait bien le secteur du transport. Nous ne voulons plus avoir un directeur g\u00e9n\u00e9ral politique\u2019\u2019, a-t-il-lanc\u00e9 \u00e0 l\u2019endroit.<\/p>\n\n\n\n<p>Interrog\u00e9 par la RFM, le Directeur g\u00e9n\u00e9ral de Dakar Dem Dikk Ousmane Sylla a balay\u00e9 les accusations du syndicat, expliquant que \u201dces nominations visent uniquement \u00e0 am\u00e9liorer le fonctionnement de l\u2019entreprise\u201d.<\/p>\n\n\n\n<p>\u201dA Thiaroye, nous avions un chef de division qui est parti depuis 4 mois et ce chef de division n\u2019a pas \u00e9t\u00e9 remplac\u00e9. Pendant ce temps, j\u2019ai choisi d\u2019observer et voir ce que nous pouvons faire\u201d, a t-il-expliqu\u00e9.<\/p>\n\n\n\n<p>\u201dVu les situations difficiles que nous rencontrons dans ces ateliers, nous avons pris l\u2019adjoint \u00e0 ce chef de division pour le nommer chef, nous avons pris un autre qui le suivait pour le nommer chef d\u2019atelier et ensuite pour mixer nous avons un agent autre venant du d\u00e9p\u00f4t de Ouakam pour le nommer chef d\u2019atelier pour avoir deux chef d\u2019atelier, ce que le syndicat n\u2019a pas appr\u00e9ci\u00e9\u201d, a dit M. Sylla.<\/p>\n\n\n\n<p>Ousmane Sylla a promis de poursuivre le dialogue avec tous les acteurs pour \u00e9viter certaines difficult\u00e9s que l\u2019entreprise a connues dans le pass\u00e9.<\/p>\n\n\n\n<p>\u201dJe leur ai que je n\u2019ai pas un syndicat, j\u2019ai des salari\u00e9s et je prendrai la personne qu\u2019il faut pour la mettre \u00e0 la place qu\u2019il faut et c\u2019est sur \u00e7a que nous sommes en train de travailler\u201d, a-t-il d\u00e9clar\u00e9.<\/p>\n\n\n\n<p>\u201dLa soci\u00e9t\u00e9 a connu beaucoup de difficult\u00e9s dans le pass\u00e9 et si nous ne faisons pas attention, nous risquons de retomber dans les m\u00eames travers. C\u2019est pour cela que je privil\u00e9gie le dialogue avec les acteurs\u201d, a-t-il- dit.<\/p>\n\n\n\n<p>Le ministre des Infrastructures, El Hadji Malick Ndiaye, a promis de rencontrer le Directeur g\u00e9n\u00e9ral de DDD, assurant que \u2018\u2019le n\u00e9cessaire sera fait\u2019\u2019 pour r\u00e9gler la question.<\/p>\n\n\n\n<p>ABD\/OID<\/p>\n","protected":false},"excerpt":{"rendered":"<p>Dakar, (APS) \u2013 La gr\u00e8ve du Syndicat d\u00e9mocratique des travailleurs du transport routier de Dakar Dem Dikk (DDD) a paralys\u00e9,<\/p>\n","protected":false},"author":1,"featured_media":35674,"comment_status":"open","ping_status":"open","sticky":false,"template":"","format":"standard","meta":{"footnotes":""},"categories":[3],"tags":[],"class_list":["post-35673","post","type-post","status-publish","format-standard","has-post-thumbnail","hentry","category-event-more-news"],"_links":{"self":[{"href":"https:\/\/dekkbi.com\/index.php?rest_route=\/wp\/v2\/posts\/35673","targetHints":{"allow":["GET"]}}],"collection":[{"href":"https:\/\/dekkbi.com\/index.php?rest_route=\/wp\/v2\/posts"}],"about":[{"href":"https:\/\/dekkbi.com\/index.php?rest_route=\/wp\/v2\/types\/post"}],"author":[{"embeddable":true,"href":"https:\/\/dekkbi.com\/index.php?rest_route=\/wp\/v2\/users\/1"}],"replies":[{"embeddable":true,"href":"https:\/\/dekkbi.com\/index.php?rest_route=%2Fwp%2Fv2%2Fcomments&post=35673"}],"version-history":[{"count":1,"href":"https:\/\/dekkbi.com\/index.php?rest_route=\/wp\/v2\/posts\/35673\/revisions"}],"predecessor-version":[{"id":35675,"href":"https:\/\/dekkbi.com\/index.php?rest_route=\/wp\/v2\/posts\/35673\/revisions\/35675"}],"wp:featuredmedia":[{"embeddable":true,"href":"https:\/\/dekkbi.com\/index.php?rest_route=\/wp\/v2\/media\/35674"}],"wp:attachment":[{"href":"https:\/\/dekkbi.com\/index.php?rest_route=%2Fwp%2Fv2%2Fmedia&parent=35673"}],"wp:term":[{"taxonomy":"category","embeddable":true,"href":"https:\/\/dekkbi.com\/index.php?rest_route=%2Fwp%2Fv2%2Fcategories&post=35673"},{"taxonomy":"post_tag","embeddable":true,"href":"https:\/\/dekkbi.com\/index.php?rest_route=%2Fwp%2Fv2%2Ftags&post=35673"}],"curies":[{"name":"wp","href":"https:\/\/api.w.org\/{rel}","templated":true}]}}