{"id":35639,"date":"2024-04-28T11:49:06","date_gmt":"2024-04-28T11:49:06","guid":{"rendered":"https:\/\/dekkbi.com\/?p=35639"},"modified":"2024-04-28T11:49:06","modified_gmt":"2024-04-28T11:49:06","slug":"ballet-diplomatique-en-arabie-saoudite-pour-des-discussions-sur-gaza","status":"publish","type":"post","link":"https:\/\/dekkbi.com\/?p=35639","title":{"rendered":"Ballet diplomatique en Arabie saoudite pour des discussions sur Gaza"},"content":{"rendered":"\n<p>De hauts diplomates arabes et europ\u00e9ens sont attendus dans la capitale saoudienne ce week-end pour un sommet \u00e9conomique et des discussions sur la guerre entre Isra\u00ebl et le Hamas \u00e0 Gaza, ont indiqu\u00e9 des sources diplomatiques. Le secr\u00e9taire d&rsquo;\u00c9tat am\u00e9ricain Antony Blinken sera \u00e9galement sur place \u00e0 partir de dimanche.<\/p>\n\n\n\n<p>Le Forum \u00e9conomique mondial s&rsquo;ouvre dimanche \u00e0 Riyad, en pr\u00e9sence notamment des ministres des Affaires \u00e9trang\u00e8res saoudien, jordanien, \u00e9gyptien et turc, selon le programme de la r\u00e9union. <\/p>\n\n\n\n<p>Lundi, une s\u00e9ance consacr\u00e9e \u00e0 Gaza r\u00e9unira le nouveau Premier ministre palestinien Mohammed Mustafa, le chef du gouvernement \u00e9gyptien Mostafa Madbouly et Sigrid Kaag, coordinatrice de l&rsquo;aide des Nations unies pour Gaza.<\/p>\n\n\n\n<p>Apr\u00e8s sa visite au Liban, le ministre fran\u00e7ais des Affaires \u00e9trang\u00e8res St\u00e9phane S\u00e9journ\u00e9 fait partie des responsables europ\u00e9ens qui se rendront dans la capitale saoudienne lors du sommet pour des discussions sur la guerre, qui a \u00e9clat\u00e9 avec l&rsquo;attaque sans pr\u00e9c\u00e9dent du Hamas le 7 octobre contre Isra\u00ebl. <\/p>\n\n\n\n<p>\u00ab Des discussions avec leurs homologues europ\u00e9ens, am\u00e9ricains et r\u00e9gionaux sur Gaza et la situation r\u00e9gionale sont pr\u00e9vues \u00e0 Riyad \u00bb, a indiqu\u00e9 vendredi une source diplomatique.<\/p>\n\n\n\n<p>Parvenir \u00e0 un cessez-le-feu durable<\/p>\n\n\n\n<p>Les objectifs du chef de la diplomatie fran\u00e7aise sont notamment d&rsquo;\u0153uvrer \u00e0 la lib\u00e9ration des otages captur\u00e9s lors de l&rsquo;attaque du Hamas et \u00e0 parvenir \u00e0 un cessez-le-feu durable, a indiqu\u00e9 son porte-parole Christophe Lemoine.<\/p>\n\n\n\n<p> Le ministre fran\u00e7ais se rendra ensuite en Isra\u00ebl et dans les territoires palestiniens et pr\u00e9voit de \u00ab r\u00e9it\u00e9rer aux Isra\u00e9liens notre ferme opposition \u00e0 une offensive sur Rafah \u00bb, a dit Christophe Lemoine, faisant r\u00e9f\u00e9rence \u00e0 la ville du sud de Gaza, o\u00f9 des centaines de milliers de Palestiniens ont cherch\u00e9 refuge, et qui est menac\u00e9e par une offensive isra\u00e9lienne dans son but d&rsquo;an\u00e9antir le dernier bastion du Hamas.<\/p>\n\n\n\n<p>La ministre allemande des Affaires \u00e9trang\u00e8res Annalena Baerbock doit-elle arriver lundi pour rencontrer notamment Mme Kaag et cheikh Abdallah ben Zayed Al-Nahyane, son homologue \u00e9mirati, selon le porte-parole du minist\u00e8re Sebastian Fischer. <\/p>\n\n\n\n<p>\u00ab La visite aura pour but de travailler sur les nombreux points sensibles de la crise au Moyen-Orient, sur la d\u00e9sescalade et sur la r\u00e9alisation de progr\u00e8s vers un avenir pacifique \u00bb, a ajout\u00e9 Sebastian Fischer \u00e0 la presse vendredi.<\/p>\n\n\n\n<p>\u00ab Comme vous le savez tous, les \u00c9tats du Golfe ont \u00e9galement un r\u00f4le important \u00e0 jouer ici \u00bb, a-t-il soulign\u00e9. Le Qatar, voisin de l&rsquo;Arabie saoudite, abrite un bureau politique du Hamas et a servi de m\u00e9diateur dans des pourparlers qui n&rsquo;ont jusqu&rsquo;\u00e0 pr\u00e9sent pas r\u00e9ussi \u00e0 garantir un cessez-le-feu durable et la lib\u00e9ration de nombreux otages captur\u00e9s lors de l&rsquo;attaque du 7 octobre. <\/p>\n\n\n\n<p>De son c\u00f4t\u00e9, l&rsquo;Arabie saoudite a suspendu des discussions sur une normalisation avec Isra\u00ebl apr\u00e8s le d\u00e9clenchement de la guerre, le 7 octobre 2023.<\/p>\n\n\n\n<p>Antony Blinken \u00e9galement sur Place<\/p>\n\n\n\n<p> Le chef de la diplomatie am\u00e9ricaine sera \u00e9galement sur place lundi et mardi notamment pour \u00ab discuter des efforts en cours visant \u00e0 parvenir \u00e0 un cessez-le-feu \u00e0 Gaza qui permette la lib\u00e9ration des otages \u00bb, a indiqu\u00e9 samedi le d\u00e9partement d&rsquo;\u00c9tat.<\/p>\n\n\n\n<p> Antony Blinken, qui partira dimanche, \u00ab mettra aussi l&rsquo;accent sur l&rsquo;importance de pr\u00e9venir une extension \u00bb r\u00e9gionale de la guerre que m\u00e8ne Isra\u00ebl dans la bande de Gaza depuis les attaques sanglantes du Hamas sur son sol le 7 octobre, selon un communiqu\u00e9 du porte-parole du d\u00e9partement d&rsquo;\u00c9tat Matthew Miller.<\/p>\n\n\n\n<p> Il compte \u00e9galement \u00ab discuter des moyens de parvenir \u00e0 une paix durable dans la r\u00e9gion, y compris par le biais d&rsquo;un chemin vers un \u00c9tat palestinien ind\u00e9pendant accompagn\u00e9 de garanties de s\u00e9curit\u00e9 pour Isra\u00ebl \u00bb.<\/p>\n\n\n\n<p>Le secr\u00e9taire d&rsquo;Etat am\u00e9ricain participera en outre \u00e0 une rencontre de ministres du Conseil de coop\u00e9ration du Golfe, organisation qui regroupe six pays de la p\u00e9ninsule arabique, dont le Qatar, qui joue un r\u00f4le de m\u00e9diateur entre Isra\u00ebl et le Hamas. <\/p>\n\n\n\n<p>Il sera aussi au Forum \u00e9conomique mondial (WEF) qui se tient \u00e0 Riyad dimanche et lundi et est consacr\u00e9 \u00e0 l&rsquo;adaptation au d\u00e9r\u00e8glement climatique et la transition \u00e9nerg\u00e9tique.Mobilisation de la Turquie qui craint une extension du conflit<\/p>\n\n\n\n<p>Suivez toute l&rsquo;actualit\u00e9 internationale en t\u00e9l\u00e9chargeant l&rsquo;application RFI<\/p>\n\n\n\n<p>Le ministre turc des Affaires \u00e9trang\u00e8res, Hakan Fidan, se rendra aussi en Arabie saoudite dimanche et lundi. Le risque d\u2019une offensive isra\u00e9lienne sur Rafah et d&rsquo;une extension r\u00e9gionale du conflit \u00e0 Gaza poussent la Turquie \u00e0 jouer un r\u00f4le diplomatique plus important \u2013 ou du moins \u00e0 tenter de le faire, explique notre correspondante \u00e0 Istanbul, Anne Andlauer.<\/p>\n\n\n\n<p>Son ministre des Affaires \u00e9trang\u00e8res, Hakan Fidan, qui ma\u00eetrise parfaitement le dossier pour avoir \u00e9t\u00e9 pendant plus de treize ans \u00e0 la t\u00eate des services de renseignement, est au centre de ces efforts.<\/p>\n\n\n\n<p> Il s&rsquo;\u00e9tait d\u00e9j\u00e0 rendu la semaine derni\u00e8re au Qatar, m\u00e9diateur entre Isra\u00ebl et le Hamas, et avait re\u00e7u son homologue \u00e9gyptien, autre acteur cl\u00e9 des n\u00e9gociations.<\/p>\n\n\n\n<p>La Turquie joue de ses relations \u00e9troites et anciennes avec le Hamas \u2013 que Hakan Fidan avait d&rsquo;ailleurs contribu\u00e9 \u00e0 forger \u2013 pour faciliter les n\u00e9gociations. <\/p>\n\n\n\n<p>Son soutien sans r\u00e9serve au groupe palestinien l&#8217;emp\u00eache de pr\u00e9tendre \u00e0 un r\u00f4le de m\u00e9diateur. Mais le pr\u00e9sident Erdogan a confirm\u00e9 en d\u00e9but de semaine que son pays \u00e9tait impliqu\u00e9 dans les discussions sur les otages isra\u00e9liens \u00e0 Gaza et leur \u00e9change contre des prisonniers palestiniens. Le Hamas aurait sugg\u00e9r\u00e9 que la Turquie soit garante d&rsquo;un accord sur ce point.<\/p>\n\n\n\n<p>.<\/p>\n","protected":false},"excerpt":{"rendered":"<p>De hauts diplomates arabes et europ\u00e9ens sont attendus dans la capitale saoudienne ce week-end pour un sommet \u00e9conomique et des<\/p>\n","protected":false},"author":1,"featured_media":34805,"comment_status":"open","ping_status":"open","sticky":false,"template":"","format":"standard","meta":{"footnotes":""},"categories":[21],"tags":[],"class_list":["post-35639","post","type-post","status-publish","format-standard","has-post-thumbnail","hentry","category-societe"],"_links":{"self":[{"href":"https:\/\/dekkbi.com\/index.php?rest_route=\/wp\/v2\/posts\/35639","targetHints":{"allow":["GET"]}}],"collection":[{"href":"https:\/\/dekkbi.com\/index.php?rest_route=\/wp\/v2\/posts"}],"about":[{"href":"https:\/\/dekkbi.com\/index.php?rest_route=\/wp\/v2\/types\/post"}],"author":[{"embeddable":true,"href":"https:\/\/dekkbi.com\/index.php?rest_route=\/wp\/v2\/users\/1"}],"replies":[{"embeddable":true,"href":"https:\/\/dekkbi.com\/index.php?rest_route=%2Fwp%2Fv2%2Fcomments&post=35639"}],"version-history":[{"count":1,"href":"https:\/\/dekkbi.com\/index.php?rest_route=\/wp\/v2\/posts\/35639\/revisions"}],"predecessor-version":[{"id":35640,"href":"https:\/\/dekkbi.com\/index.php?rest_route=\/wp\/v2\/posts\/35639\/revisions\/35640"}],"wp:featuredmedia":[{"embeddable":true,"href":"https:\/\/dekkbi.com\/index.php?rest_route=\/wp\/v2\/media\/34805"}],"wp:attachment":[{"href":"https:\/\/dekkbi.com\/index.php?rest_route=%2Fwp%2Fv2%2Fmedia&parent=35639"}],"wp:term":[{"taxonomy":"category","embeddable":true,"href":"https:\/\/dekkbi.com\/index.php?rest_route=%2Fwp%2Fv2%2Fcategories&post=35639"},{"taxonomy":"post_tag","embeddable":true,"href":"https:\/\/dekkbi.com\/index.php?rest_route=%2Fwp%2Fv2%2Ftags&post=35639"}],"curies":[{"name":"wp","href":"https:\/\/api.w.org\/{rel}","templated":true}]}}