{"id":3561,"date":"2022-11-21T10:59:55","date_gmt":"2022-11-21T10:59:55","guid":{"rendered":"https:\/\/dekkbi.com\/?p=3561"},"modified":"2022-11-21T11:25:51","modified_gmt":"2022-11-21T11:25:51","slug":"tous-les-deux-forfaits-pour-le-mondial-benzema-mane-deux-ballonsdehors","status":"publish","type":"post","link":"https:\/\/dekkbi.com\/?p=3561","title":{"rendered":"Tous les deux forfaits pour le Mondial : Benzema-Man\u00e9&nbsp;: deux Ballons\u2026Dehors&nbsp;!"},"content":{"rendered":"\n<p>D\u00e9cid\u00e9ment, le quotidien sportif L\u2019Equipe fait trembler les fans des \u00e9quipes qualifi\u00e9es en ce d\u00e9but de Mondial. Apr\u00e8s avoir \u00e9t\u00e9 les premiers \u00e0 annoncer le forfait de Sadio Man\u00e9 (une info confirm\u00e9e ce jeudi suite \u00e0 l\u2019op\u00e9ration au genou de la star s\u00e9n\u00e9galaise), ce samedi soir, les confr\u00e8res ont balanc\u00e9 une autre bombe\u00a0en annon\u00e7ant un probable forfait du Mondial du buteur du Real Madrid.<br>\u00abKarim Benzema ne participera pas, au moins, au premier match des Bleus face \u00e0 l\u2019Australie mardi soir. L\u2019atta\u00adquant, touch\u00e9 musculairement, n\u2019a pas pu terminer l\u2019opposition d\u00e9but\u00e9e \u00e0 Doha ce samedi soir dans l\u2019\u00e9quipe des titulaires\u00bb, \u00e9crit le quotidien. Qui poursuit\u00a0: \u00abL\u2019attaquant a ressenti une vive douleur musculaire au quadriceps gauche, dans une zone diff\u00e9rente de la g\u00eane musculaire qu\u2019il tra\u00eenait depuis un mois.\u00bb<\/p>\n\n\n\n<p>Selon nos confr\u00e8res, le Madril\u00e8ne devait passer ce samedi soir une Irm pour d\u00e9terminer la nature exacte de sa blessure. Mais, compte tenu des premiers retours, il se dirige vers un forfait pour l\u2019ensemble de la comp\u00e9tition.<\/p>\n\n\n\n<p>Un forfait finalement confirm\u00e9 tard dans la soir\u00e9e d\u2019hier. \u00abTou\u00adch\u00e9 au quadriceps gauche lors de la s\u00e9ance de samedi soir, Karim Benzema a pass\u00e9 des examens qui ont r\u00e9v\u00e9l\u00e9 une l\u00e9sion. L\u2019at\u00adtaquant de l\u2019Equipe de France est forfait pour la Coupe du monde\u00bb, tranche net L\u2019Equipe.<\/p>\n\n\n\n<p>C\u2019est une forme de mal\u00e9diction qui frappe l\u2019Equipe de France, apr\u00e8s les blessures de N\u2019Golo Kant\u00e9, Paul Pogba, Presnel Kimpembe et Christo\u00adpher Nkunku. C\u2019est aussi un nouveau rendez-vous manqu\u00e9 entre Benzema et la Coupe du monde. Non retenu par Raymond Domenech en 2010, l\u2019attaquant avait \u00e9t\u00e9 du voyage au Br\u00e9sil en 2014 o\u00f9 les Bleus avaient atteint les quarts. Mais \u00abKB9\u00bb avait manqu\u00e9 le titre de 2018, \u00e9cart\u00e9 de l\u2019Equipe de France entre 2015 et 2021 \u00e0 cause de l\u2019affaire de la sextape.<\/p>\n\n\n\n<p><\/p>\n\n\n\n<p>Lequotidien\u00a0<\/p>\n","protected":false},"excerpt":{"rendered":"<p>D\u00e9cid\u00e9ment, le quotidien sportif L\u2019Equipe fait trembler les fans des \u00e9quipes qualifi\u00e9es en ce d\u00e9but de Mondial. Apr\u00e8s avoir \u00e9t\u00e9<\/p>\n","protected":false},"author":1,"featured_media":3562,"comment_status":"open","ping_status":"open","sticky":false,"template":"","format":"standard","meta":{"footnotes":""},"categories":[9],"tags":[],"class_list":["post-3561","post","type-post","status-publish","format-standard","has-post-thumbnail","hentry","category-sports"],"_links":{"self":[{"href":"https:\/\/dekkbi.com\/index.php?rest_route=\/wp\/v2\/posts\/3561","targetHints":{"allow":["GET"]}}],"collection":[{"href":"https:\/\/dekkbi.com\/index.php?rest_route=\/wp\/v2\/posts"}],"about":[{"href":"https:\/\/dekkbi.com\/index.php?rest_route=\/wp\/v2\/types\/post"}],"author":[{"embeddable":true,"href":"https:\/\/dekkbi.com\/index.php?rest_route=\/wp\/v2\/users\/1"}],"replies":[{"embeddable":true,"href":"https:\/\/dekkbi.com\/index.php?rest_route=%2Fwp%2Fv2%2Fcomments&post=3561"}],"version-history":[{"count":2,"href":"https:\/\/dekkbi.com\/index.php?rest_route=\/wp\/v2\/posts\/3561\/revisions"}],"predecessor-version":[{"id":3572,"href":"https:\/\/dekkbi.com\/index.php?rest_route=\/wp\/v2\/posts\/3561\/revisions\/3572"}],"wp:featuredmedia":[{"embeddable":true,"href":"https:\/\/dekkbi.com\/index.php?rest_route=\/wp\/v2\/media\/3562"}],"wp:attachment":[{"href":"https:\/\/dekkbi.com\/index.php?rest_route=%2Fwp%2Fv2%2Fmedia&parent=3561"}],"wp:term":[{"taxonomy":"category","embeddable":true,"href":"https:\/\/dekkbi.com\/index.php?rest_route=%2Fwp%2Fv2%2Fcategories&post=3561"},{"taxonomy":"post_tag","embeddable":true,"href":"https:\/\/dekkbi.com\/index.php?rest_route=%2Fwp%2Fv2%2Ftags&post=3561"}],"curies":[{"name":"wp","href":"https:\/\/api.w.org\/{rel}","templated":true}]}}