{"id":35586,"date":"2024-04-27T09:25:04","date_gmt":"2024-04-27T09:25:04","guid":{"rendered":"https:\/\/dekkbi.com\/?p=35586"},"modified":"2024-04-27T09:25:04","modified_gmt":"2024-04-27T09:25:04","slug":"gestion-des-affaires-religieuses-au-senegal-un-vieux-serpent-de-mer-pour-les-differents-presidents","status":"publish","type":"post","link":"https:\/\/dekkbi.com\/?p=35586","title":{"rendered":"Gestion des affaires religieuses au S\u00e9n\u00e9gal : un vieux serpent de mer pour les diff\u00e9rents pr\u00e9sidents"},"content":{"rendered":"\n<p>La cr\u00e9ation d\u2019une Direction des Affaires religieuses et l\u2019Insertion des dipl\u00f4m\u00e9s de l\u2019Enseignement Arabe annonc\u00e9e par le pr\u00e9sident de la R\u00e9publique, Bassirou Diomaye Diakhar Faye, a suscit\u00e9 beaucoup de r\u00e9actions au S\u00e9n\u00e9gal. Il faut dire que les r\u00e9gimes pr\u00e9c\u00e9dents ont aussi accord\u00e9 une importance particuli\u00e8re \u00e0 la gestion des affaires religieuses dans le cadre de la gouvernance nationale. <\/p>\n\n\n\n<p>Toutefois, chacun a g\u00e9r\u00e9 \u00e0 sa mani\u00e8re cette question.Le S\u00e9n\u00e9gal va se doter d\u2019une Direction des Affaires religieuses log\u00e9e \u00e0 la Pr\u00e9sidence. En Conseil des ministres du mercredi 17 avril dernier, le pr\u00e9sident de la R\u00e9publique Bassirou Diomaye Diakhar Faye en a fait l\u2019annonce ainsi que l\u2019Insertion des dipl\u00f4m\u00e9s de l\u2019enseignement arabe (compos\u00e9 du Bureau des affaires religieuses et du Bureau de l\u2019insertion des dipl\u00f4m\u00e9s de l\u2019enseignement arabe). <\/p>\n\n\n\n<p>Le nouveau pr\u00e9sident vient ainsi satisfaire une vieille dol\u00e9ance des chefs religieux. Si certains saluent la d\u00e9cision en ce sens qu\u2019elle permet de \u00ab promouvoir le dialogue interreligieux et l\u2019inclusion sociale \u00bb, d\u2019autres, par contre, soul\u00e8vent moult pr\u00e9occupations.<\/p>\n\n\n\n<p> Selon eux, cette d\u00e9marche du pr\u00e9sident semble \u00ab indiquer une pr\u00e9f\u00e9rence non seulement pour une confession particuli\u00e8re, mais \u00e9galement pour une discipline d\u2019enseignement sp\u00e9cifique, ce qui peut \u00eatre per\u00e7u comme une rupture du principe d\u2019\u00e9galit\u00e9 qui doit pr\u00e9valoir dans un Etat la\u00efc \u00bb. <\/p>\n\n\n\n<p>De leur point de vue, les affaires religieuses doivent relever des pr\u00e9rogatives du Minist\u00e8re de l\u2019Int\u00e9rieur. Ils ont \u00e9galement \u00e9mis des r\u00e9serves sur le fait que la prise en charge de l\u2019Insertion des dipl\u00f4m\u00e9s arabes rel\u00e8verait moins de la Direction des Affaires religieuses que du minist\u00e8re de l\u2019Enseignement sup\u00e9rieur, de la Formation et du minist\u00e8re du Travail.<\/p>\n\n\n\n<p> A les en croire une grande concentration des services au palais , cela pourrait \u00eatre \u00ab les signes d\u2019une hyper-pr\u00e9sidence \u00bb.Dans une contribution publi\u00e9e dans Sud Quotidien du 20 avril 2024, le consultant en Droits humains, Denis Ndour, souligne qu\u2019on ne doit pas faire \u00abl\u2019amalgame consistant \u00e0 associer voire confondre la la\u00efcit\u00e9 de la France \u00e0 celle du S\u00e9n\u00e9gal qui rev\u00eat une particularit\u00e9 unique au monde \u00bb.<\/p>\n\n\n\n<p> Tout de m\u00eame, il posait des conditions avant la mise en \u0153uvre de la d\u00e9cision du pr\u00e9sident de la R\u00e9publique. Ainsi avait-il indiqu\u00e9 : \u00ab Le Pr\u00e9sident de la R\u00e9publique devrait imp\u00e9rativement nous \u00e9difier sur la vision, la mission, et le cahier de charge de cette direction pour rassurer tous les S\u00e9n\u00e9galais musulmans, chr\u00e9tiens, ou adeptes de religions traditionnelles en organisant une large concertation  entre tous les acteurs religieux pour \u00e9piloguer positivement sur la question \u00bb.<\/p>\n\n\n\n<p>En effet, les questions religieuses ont toujours occup\u00e9 une place sp\u00e9ciale dans la gestion des diff\u00e9rents pr\u00e9sidents de la R\u00e9publique.<\/p>\n\n\n\n<p> Macky Sall, pr\u00e9d\u00e9cesseur de Bassirou Diomaye Diakhar Faye, avait ainsi cr\u00e9\u00e9 une Inspection des daara au sein du minist\u00e8re de l\u2019Education nationale qu\u2019il a par la suite transform\u00e9e en Direction log\u00e9e au sein du m\u00eame minist\u00e8re quelques semaines avant son d\u00e9part, \u00e0 l\u2019issue de la deuxi\u00e8me \u00e9dition de la Journ\u00e9e mondiale des daara qu\u2019il a pr\u00e9sid\u00e9e \u00e0 Diamniadio. <\/p>\n\n\n\n<p>Cr\u00e9\u00e9e par un d\u00e9cret du 6 d\u00e9cembre 2023, cette Direction avait pour objectif de mat\u00e9rialiser \u00ab la volont\u00e9 de l\u2019\u00c9tat de faire de la modernisation des daara un levier d\u2019inclusion et un socle primordial de valorisation du capital humain national \u00bb, selon le communiqu\u00e9 du Conseil des ministres. <\/p>\n\n\n\n<p>Elle devrait ainsi d\u00e9rouler un programme de renforcement de capacit\u00e9s des acteurs professionnels pour \u00ab donner des outils p\u00e9dagogiques aux ma\u00eetres coraniques \u00bb, avait indiqu\u00e9 Macky Sall. L\u2019ancien pr\u00e9sident de la R\u00e9publique Abdoulaye Wade avait \u00e9galement nomm\u00e9 un ministre conseiller charg\u00e9 des Affaires religieuses en la personne de Feu Mamadou Bamba Ndiaye, journaliste.<\/p>\n\n\n\n<p> C\u2019\u00e9tait une premi\u00e8re au S\u00e9n\u00e9gal.  Cette d\u00e9cision avait \u00e9t\u00e9 prise dans un contexte de controverse entre le chef de l\u2019Etat et des religieux, en rapport notamment avec la construction du monument de la Renaissance africaine. <\/p>\n\n\n\n<p>C\u2019est dire \u00e0 quel point la gestion des Affaires religieuses a toujours \u00e9t\u00e9 au centre des pr\u00e9occupations pr\u00e9sidentielles, m\u00eame si elle n\u2019a jamais manqu\u00e9 de susciter interrogations, appr\u00e9ciations et critiques de la part des S\u00e9n\u00e9galais de tous bords. MARIAME DJIGO<\/p>\n","protected":false},"excerpt":{"rendered":"<p>La cr\u00e9ation d\u2019une Direction des Affaires religieuses et l\u2019Insertion des dipl\u00f4m\u00e9s de l\u2019Enseignement Arabe annonc\u00e9e par le pr\u00e9sident de la<\/p>\n","protected":false},"author":1,"featured_media":35587,"comment_status":"open","ping_status":"open","sticky":false,"template":"","format":"standard","meta":{"footnotes":""},"categories":[21],"tags":[],"class_list":["post-35586","post","type-post","status-publish","format-standard","has-post-thumbnail","hentry","category-societe"],"_links":{"self":[{"href":"https:\/\/dekkbi.com\/index.php?rest_route=\/wp\/v2\/posts\/35586","targetHints":{"allow":["GET"]}}],"collection":[{"href":"https:\/\/dekkbi.com\/index.php?rest_route=\/wp\/v2\/posts"}],"about":[{"href":"https:\/\/dekkbi.com\/index.php?rest_route=\/wp\/v2\/types\/post"}],"author":[{"embeddable":true,"href":"https:\/\/dekkbi.com\/index.php?rest_route=\/wp\/v2\/users\/1"}],"replies":[{"embeddable":true,"href":"https:\/\/dekkbi.com\/index.php?rest_route=%2Fwp%2Fv2%2Fcomments&post=35586"}],"version-history":[{"count":1,"href":"https:\/\/dekkbi.com\/index.php?rest_route=\/wp\/v2\/posts\/35586\/revisions"}],"predecessor-version":[{"id":35588,"href":"https:\/\/dekkbi.com\/index.php?rest_route=\/wp\/v2\/posts\/35586\/revisions\/35588"}],"wp:featuredmedia":[{"embeddable":true,"href":"https:\/\/dekkbi.com\/index.php?rest_route=\/wp\/v2\/media\/35587"}],"wp:attachment":[{"href":"https:\/\/dekkbi.com\/index.php?rest_route=%2Fwp%2Fv2%2Fmedia&parent=35586"}],"wp:term":[{"taxonomy":"category","embeddable":true,"href":"https:\/\/dekkbi.com\/index.php?rest_route=%2Fwp%2Fv2%2Fcategories&post=35586"},{"taxonomy":"post_tag","embeddable":true,"href":"https:\/\/dekkbi.com\/index.php?rest_route=%2Fwp%2Fv2%2Ftags&post=35586"}],"curies":[{"name":"wp","href":"https:\/\/api.w.org\/{rel}","templated":true}]}}