{"id":35562,"date":"2024-04-26T16:45:17","date_gmt":"2024-04-26T16:45:17","guid":{"rendered":"https:\/\/dekkbi.com\/?p=35562"},"modified":"2024-04-26T16:45:18","modified_gmt":"2024-04-26T16:45:18","slug":"la-rencontre-entre-erdogan-et-biden-a-la-maison-blanche-repoussee-selon-la-turquie","status":"publish","type":"post","link":"https:\/\/dekkbi.com\/?p=35562","title":{"rendered":"La rencontre entre Erdogan et Biden \u00e0 la Maison Blanche repouss\u00e9e, selon la Turquie"},"content":{"rendered":"\n<p>La rencontre entre le pr\u00e9sident turc Recep Tayyip Erdogan et son homologue am\u00e9ricain Joe Biden \u00e0 la Maison Blanche pr\u00e9vue pour le 9 mai est repouss\u00e9e, a annonc\u00e9 vendredi un responsable turc \u00e0 l\u2019AFP. \u201cLa visite pr\u00e9vue pour le 9 mai a \u00e9t\u00e9 report\u00e9e en raison d\u2019un changement dans le programme de M. Erdogan\u201d, a d\u00e9clar\u00e9 ce responsable, sous couvert d\u2019anonymat. \u201cUne nouvelle date sera d\u00e9cid\u00e9e\u201d apr\u00e8s un \u00e9change entre les deux pr\u00e9sidents, a-t-il ajout\u00e9.<\/p>\n\n\n\n<p>Cette r\u00e9union, annonc\u00e9e le 29 mars, aurait d\u00fb \u00eatre la premi\u00e8re \u00e0 la Maison Blanche entre ces deux dirigeants, \u00e0 quelques mois de la fin du mandat de M. Biden.<\/p>\n\n\n\n<p>Le dernier t\u00eate-\u00e0-t\u00eate entre MM. Erdogan et Biden, dont les pays sont alli\u00e9s au sein de l\u2019Otan, remonte \u00e0 juillet 2023, en marge du sommet de l\u2019Alliance atlantique \u00e0 Vilnius, la capitale de la Lituanie : le pr\u00e9sident am\u00e9ricain avait alors tent\u00e9 de convaincre le chef de l\u2019Etat turc d\u2019approuver l\u2019entr\u00e9e de la Su\u00e8de dans l\u2019Alliance atlantique, qu\u2019il bloquait depuis 2022 et qui s\u2019est finalement concr\u00e9tis\u00e9e en mars dernier.<\/p>\n\n\n\n<p>Les relations entre Washington et Ankara se sont \u00e9claircies d\u00e8s lors qu\u2019Ankara a lev\u00e9 son veto \u00e0 l\u2019adh\u00e9sion de ce royaume scandinave et approuv\u00e9 son int\u00e9gration \u00e0 l\u2019Alliance apr\u00e8s en avoir ouvert la porte \u00e0 la Finlande.<\/p>\n\n\n\n<p>Dans la foul\u00e9e, Joe Biden, en janvier, puis le Congr\u00e8s am\u00e9ricain, en f\u00e9vrier, ont \u201capprouv\u00e9\u201d la vente de 40 avions de chasse am\u00e9ricains F-16 \u00e0 la Turquie, mettant un point final \u00e0 des mois de tractations. Les discussions initialement pr\u00e9vues pour le 9 mai devaient notamment porter sur la situation en Ukraine et dans la bande de Gaza et sur la lutte antiterroriste apr\u00e8s l\u2019attaque du groupe \u00c9tat islamique \u00e0 Moscou.<\/p>\n\n\n\n<p>SOURCE RFI<\/p>\n","protected":false},"excerpt":{"rendered":"<p>La rencontre entre le pr\u00e9sident turc Recep Tayyip Erdogan et son homologue am\u00e9ricain Joe Biden \u00e0 la Maison Blanche pr\u00e9vue<\/p>\n","protected":false},"author":1,"featured_media":35563,"comment_status":"open","ping_status":"open","sticky":false,"template":"","format":"standard","meta":{"footnotes":""},"categories":[51],"tags":[],"class_list":["post-35562","post","type-post","status-publish","format-standard","has-post-thumbnail","hentry","category-general"],"_links":{"self":[{"href":"https:\/\/dekkbi.com\/index.php?rest_route=\/wp\/v2\/posts\/35562","targetHints":{"allow":["GET"]}}],"collection":[{"href":"https:\/\/dekkbi.com\/index.php?rest_route=\/wp\/v2\/posts"}],"about":[{"href":"https:\/\/dekkbi.com\/index.php?rest_route=\/wp\/v2\/types\/post"}],"author":[{"embeddable":true,"href":"https:\/\/dekkbi.com\/index.php?rest_route=\/wp\/v2\/users\/1"}],"replies":[{"embeddable":true,"href":"https:\/\/dekkbi.com\/index.php?rest_route=%2Fwp%2Fv2%2Fcomments&post=35562"}],"version-history":[{"count":1,"href":"https:\/\/dekkbi.com\/index.php?rest_route=\/wp\/v2\/posts\/35562\/revisions"}],"predecessor-version":[{"id":35564,"href":"https:\/\/dekkbi.com\/index.php?rest_route=\/wp\/v2\/posts\/35562\/revisions\/35564"}],"wp:featuredmedia":[{"embeddable":true,"href":"https:\/\/dekkbi.com\/index.php?rest_route=\/wp\/v2\/media\/35563"}],"wp:attachment":[{"href":"https:\/\/dekkbi.com\/index.php?rest_route=%2Fwp%2Fv2%2Fmedia&parent=35562"}],"wp:term":[{"taxonomy":"category","embeddable":true,"href":"https:\/\/dekkbi.com\/index.php?rest_route=%2Fwp%2Fv2%2Fcategories&post=35562"},{"taxonomy":"post_tag","embeddable":true,"href":"https:\/\/dekkbi.com\/index.php?rest_route=%2Fwp%2Fv2%2Ftags&post=35562"}],"curies":[{"name":"wp","href":"https:\/\/api.w.org\/{rel}","templated":true}]}}