{"id":35524,"date":"2024-04-26T12:37:29","date_gmt":"2024-04-26T12:37:29","guid":{"rendered":"https:\/\/dekkbi.com\/?p=35524"},"modified":"2024-04-26T12:55:49","modified_gmt":"2024-04-26T12:55:49","slug":"accident-koungueul-le-ministre-el-malick-ndiaye-au-chevet-des-victimes","status":"publish","type":"post","link":"https:\/\/dekkbi.com\/?p=35524","title":{"rendered":"Accident-Koungueul: Le ministre El Malick Ndiaye au chevet des victimes."},"content":{"rendered":"\n<p>Le ministre des infrastructures et des transports terrestres et a\u00e9riens, El Malick NDIAYE s\u2019est rendu nuitamment \u00e0 Yamong (Koungueul), lieu de l\u2019accident de la route ayant fait 14 morts et plusieurs bless\u00e9s ce jeudi, 25 f\u00e9vrier.<\/p>\n\n\n\n<p>Sur les lieux du drame, le ministre a constat\u00e9 la gravit\u00e9 de l\u2019accident impliquant un bus \u00ab&nbsp;horaires&nbsp;\u00bb en provenance de Dakar \u00e0 destination de Kedougou avant de se rendre au chevet des bless\u00e9s au district sanitaire de Kaffrine et \u00e0 l\u2019h\u00f4pital de Kaolack.<\/p>\n\n\n\n<p>Face \u00e0 ce drame, le ministre a tenu \u00e0 pr\u00e9senter au nom du gouvernement ses condol\u00e9ances les plus attrist\u00e9es et \u00e0 exprimer sa compassion aux familles des victimes. Aux bless\u00e9s, le ministre a souhait\u00e9 prompt r\u00e9tablissement et les assur\u00e9 de l\u2019accompagnement n\u00e9cessaire de l\u2019\u00e9tat.<\/p>\n\n\n\n<p>Abordant la r\u00e9currence des accidents de la route, le ministre El Malick Ndiaye rappelle au devoir collectif, pour tous les acteurs du transport \u00e0 veiller \u00e0 l\u2019application rigoureuse des dispositions du Code de la route notamment: le respect du contr\u00f4le technique des v\u00e9hicules afin de v\u00e9rifier le syst\u00e8me de freinage, les foyers lumineux et la pneumatique avant tout d\u00e9part ; le port de la ceinture de s\u00e9curit\u00e9 \u00e0 l\u2019avant comme \u00e0 l\u2019arri\u00e8re du v\u00e9hicule ; l\u2019interdiction de d\u00e9passer le nombre de passagers et la charge autoris\u00e9s ; le respecter la limitation de vitesse et l\u2019interdiction de l\u2019usage du t\u00e9l\u00e9phone ou de produits stup\u00e9fiants.<\/p>\n\n\n\n<p>En outre, le ministre El Malick NDIAYE invite les usagers \u00e0 faire preuve de plus de responsabilit\u00e9 sur les routes afin de lutter efficacement contre l\u2019ins\u00e9curit\u00e9 routi\u00e8re.<\/p>\n\n\n\n<figure class=\"wp-block-image size-full\"><img loading=\"lazy\" decoding=\"async\" width=\"700\" height=\"393\" src=\"https:\/\/dekkbi.com\/wp-content\/uploads\/2024\/04\/El-Malick-Ndiaye-2.png\" alt=\"\" class=\"wp-image-35541\" srcset=\"https:\/\/dekkbi.com\/wp-content\/uploads\/2024\/04\/El-Malick-Ndiaye-2.png 700w, https:\/\/dekkbi.com\/wp-content\/uploads\/2024\/04\/El-Malick-Ndiaye-2-300x168.png 300w\" sizes=\"auto, (max-width: 700px) 100vw, 700px\" \/><\/figure>\n\n\n\n<p><strong>Une batterie de mesure annonc\u00e9e\u2026<\/strong><\/p>\n\n\n\n<p>Le gouvernement entend assumer pleinement sa mission de s\u00e9curit\u00e9 routi\u00e8re rassure le ministre El Malick NDIAYE qui annonce dans la foul\u00e9 une s\u00e9rie de rencontres, dans les meilleurs d\u00e9lais, tous les acteurs pour une mise en \u0153uvre rapide d\u2019un plan d\u2019actions ax\u00e9 sur la digitalisation du processus d\u2019obtention de permis et de carte grise; le passage au permis \u00e0 points et l\u2019installation des centres de contr\u00f4le technique modernes dans les 8 p\u00f4les de d\u00e9veloppements d\u2019abord et les 14 r\u00e9gions apr\u00e8s ; l\u2019application stricte du nouveau Code de la route dans les plus brefs d\u00e9lais ; l\u2019\u00e9tablissement du syst\u00e8me de limitation de vitesse pour les v\u00e9hicules lourds (camions et autobus); la digitalisation du syst\u00e8me de contr\u00f4le routier en rapport avec les ministres en charge de l\u2019Int\u00e9rieur et des Forces arm\u00e9es ; le contr\u00f4le rigoureux des accessoires obligatoires pour les v\u00e9hicules (triangle, gilets haute visibilit\u00e9, extincteurs, boite pharmacie, lampe torche, etc.); l\u2019interdiction des gadgets r\u00e9duisant la visibilit\u00e9 du conducteur.<\/p>\n\n\n\n<p>Sur le plan des infrastructures, le ministre a \u00e9voqu\u00e9 aussi la n\u00e9cessit\u00e9 de travailler \u00e0 l\u2019acc\u00e9l\u00e9ration de la r\u00e9habilitation du chemin de fer Dakar \u2013 Tamba avec le d\u00e9veloppement d\u2019un grand port sec \u00e0 Tambacounda pour diminuer le trafic routier; la r\u00e9alisation du projet d\u2019extension de l\u2019autoroute de Kaolack \u00e0 Tamba qui est une zone accidentog\u00e8ne.<\/p>\n\n\n\n<p>SOURCE SUDQUOTIDIEN<\/p>\n","protected":false},"excerpt":{"rendered":"<p>Le ministre des infrastructures et des transports terrestres et a\u00e9riens, El Malick NDIAYE s\u2019est rendu nuitamment \u00e0 Yamong (Koungueul), lieu<\/p>\n","protected":false},"author":1,"featured_media":35525,"comment_status":"open","ping_status":"open","sticky":false,"template":"","format":"standard","meta":{"footnotes":""},"categories":[26],"tags":[],"class_list":["post-35524","post","type-post","status-publish","format-standard","has-post-thumbnail","hentry","category-fait-divers"],"_links":{"self":[{"href":"https:\/\/dekkbi.com\/index.php?rest_route=\/wp\/v2\/posts\/35524","targetHints":{"allow":["GET"]}}],"collection":[{"href":"https:\/\/dekkbi.com\/index.php?rest_route=\/wp\/v2\/posts"}],"about":[{"href":"https:\/\/dekkbi.com\/index.php?rest_route=\/wp\/v2\/types\/post"}],"author":[{"embeddable":true,"href":"https:\/\/dekkbi.com\/index.php?rest_route=\/wp\/v2\/users\/1"}],"replies":[{"embeddable":true,"href":"https:\/\/dekkbi.com\/index.php?rest_route=%2Fwp%2Fv2%2Fcomments&post=35524"}],"version-history":[{"count":2,"href":"https:\/\/dekkbi.com\/index.php?rest_route=\/wp\/v2\/posts\/35524\/revisions"}],"predecessor-version":[{"id":35542,"href":"https:\/\/dekkbi.com\/index.php?rest_route=\/wp\/v2\/posts\/35524\/revisions\/35542"}],"wp:featuredmedia":[{"embeddable":true,"href":"https:\/\/dekkbi.com\/index.php?rest_route=\/wp\/v2\/media\/35525"}],"wp:attachment":[{"href":"https:\/\/dekkbi.com\/index.php?rest_route=%2Fwp%2Fv2%2Fmedia&parent=35524"}],"wp:term":[{"taxonomy":"category","embeddable":true,"href":"https:\/\/dekkbi.com\/index.php?rest_route=%2Fwp%2Fv2%2Fcategories&post=35524"},{"taxonomy":"post_tag","embeddable":true,"href":"https:\/\/dekkbi.com\/index.php?rest_route=%2Fwp%2Fv2%2Ftags&post=35524"}],"curies":[{"name":"wp","href":"https:\/\/api.w.org\/{rel}","templated":true}]}}