{"id":35518,"date":"2024-04-26T12:26:30","date_gmt":"2024-04-26T12:26:30","guid":{"rendered":"https:\/\/dekkbi.com\/?p=35518"},"modified":"2024-04-26T12:26:30","modified_gmt":"2024-04-26T12:26:30","slug":"ziguinchor-prise-en-charge-de-la-migration-la-societe-civile-invitee-a-integrer-les-questions-de-securite-et-de-paix","status":"publish","type":"post","link":"https:\/\/dekkbi.com\/?p=35518","title":{"rendered":"#Ziguinchor \u2013 Prise en charge de la migration : La Soci\u00e9t\u00e9 civile invit\u00e9e \u00e0 int\u00e9grer les questions de s\u00e9curit\u00e9 et de paix"},"content":{"rendered":"\n<p>Le Comit\u00e9 d\u2019appui et de soutien au d\u00e9veloppement \u00e9conomique et social (Casades), en collaboration avec la Fondation Konrad Adenauer, a tenu hier un atelier sur le th\u00e8me&nbsp;: \u00abEnjeux de la migration, paix et s\u00e9curit\u00e9&nbsp;: Quels r\u00f4les pour les organisations de la Soci\u00e9t\u00e9 civile et les collectivit\u00e9s territoriales&nbsp;?\u00bb<\/p>\n\n\n\n<p>L\u2019objectif de cette rencontre de deux jours est de pr\u00e9parer la Soci\u00e9t\u00e9 civile \u00e0 int\u00e9grer les questions de paix et de s\u00e9curit\u00e9 dans la migration qui prend de plus en plus d\u2019ampleur dans la sous-r\u00e9gion et en Afrique. \u00abIl y a beaucoup de mouvements en Libye, et il y a aussi un lien avec les questions d\u2019extr\u00e9misme, de banditisme transfrontalier qu\u2019il faut prendre en compte dans la migration\u00bb, a d\u00e9clar\u00e9 Wassa Diawara. Le Directeur ex\u00e9cutif du Casades affirme qu\u2019il est aussi n\u00e9cessaire d\u2019int\u00e9grer l\u2019aspect sous-r\u00e9gional. Il s\u2019agissait donc de d\u00e9finir le r\u00f4le de la Soci\u00e9t\u00e9 civile dans la cadre de la th\u00e9matique, mais aussi comment cette Soci\u00e9t\u00e9 civile comprend le r\u00f4le des Forces de d\u00e9fense dans la s\u00e9curit\u00e9.<\/p>\n\n\n\n<p>Du c\u00f4t\u00e9 de l\u2019Administration territoriale, il s\u2019agissait de d\u00e9finir le r\u00f4le des collectivit\u00e9s territoriales et des autres acteurs. \u00abSi tout cela est compris, chacun pourra jouer pleinement son r\u00f4le. Mais si on n\u2019a pas une meilleure compr\u00e9hension du r\u00f4le de l\u2019autre, m\u00eame si on comprend son r\u00f4le, il y aura des difficult\u00e9s pour avoir une synergie d\u2019actions, parce qu\u2019une seule organisation ne peut pas prendre en charge cette probl\u00e9matique\u00bb, a dit Wassa Diawara.<\/p>\n\n\n\n<p>Il est par ailleurs n\u00e9cessaire d\u2019int\u00e9grer les textes de la Cedeao, sans quoi il sera difficile de prendre en charge la question. \u00abLa coordination doit se faire en ayant un regard clair sur les politiques migratoires au niveau de la Cedeao\u00bb, dit M. Diawara.<\/p>\n\n\n\n<p>\u00abIl est tr\u00e8s important de revoir les enjeux, les actions des diff\u00e9rents acteurs, voir la synergie et comment g\u00e9rer ensemble cette probl\u00e9matique\u00bb, dit Fatoumata Sy Gaye. La charg\u00e9e de programme \u00e0 la Fondation Konrad Adenauer estime qu\u2019il faut revoir tous les paradigmes. Pour cause, explique-t-elle&nbsp;: \u00abToutes les d\u00e9marches qui ont \u00e9t\u00e9 mises en place, que ce soit pour la s\u00e9curit\u00e9, pour les droits humains et m\u00eame pour l\u2019emploi des jeunes, n\u2019ont pas amen\u00e9 une solution stricte.\u00bb Elle poursuit&nbsp;: \u00abLes jeunes sont toujours dans une grande d\u00e9tresse. Il faut encore se r\u00e9inventer et trouver des solutions efficaces. Avant de se mouvoir, il faut se sentir en s\u00e9curit\u00e9. Les pays frontaliers doivent se mettre \u00e0 jour sur les textes, les d\u00e9marches mis en place par la Cedeao pour avoir des solutions efficaces concernant cette probl\u00e9matique de la migration paix et s\u00e9curit\u00e9.\u00bb<\/p>\n\n\n\n<p>Les migrants de retour nourrissent beaucoup d\u2019espoir par rapport au nouveau r\u00e9gime gouvernemental. \u00abNous attendons beaucoup de choses du nouveau gouvernement. On a besoin d\u2019accompagnement pour rester et travailler chez nous. Le d\u00e9partement de V\u00e9lingara compte plus de 3 mille migrants de retour. On ne voit pas de choses qui nous encouragent \u00e0 rester ici, m\u00eame si nous voulons rester. Nous avons huit hectares, nous voulons les cultiver, mais nous n\u2019avons pas les moyens, comme le mat\u00e9riel agricole\u00bb, confie D\u00e9mo Sow, pr\u00e9sident des Migrants de retour dans le d\u00e9partement de V\u00e9lingara.<br><strong>Par Khady SONKO \u2013 ksonko@lequotidien.sn<\/strong><\/p>\n","protected":false},"excerpt":{"rendered":"<p>Le Comit\u00e9 d\u2019appui et de soutien au d\u00e9veloppement \u00e9conomique et social (Casades), en collaboration avec la Fondation Konrad Adenauer, a<\/p>\n","protected":false},"author":1,"featured_media":35519,"comment_status":"open","ping_status":"open","sticky":false,"template":"","format":"standard","meta":{"footnotes":""},"categories":[26],"tags":[],"class_list":["post-35518","post","type-post","status-publish","format-standard","has-post-thumbnail","hentry","category-fait-divers"],"_links":{"self":[{"href":"https:\/\/dekkbi.com\/index.php?rest_route=\/wp\/v2\/posts\/35518","targetHints":{"allow":["GET"]}}],"collection":[{"href":"https:\/\/dekkbi.com\/index.php?rest_route=\/wp\/v2\/posts"}],"about":[{"href":"https:\/\/dekkbi.com\/index.php?rest_route=\/wp\/v2\/types\/post"}],"author":[{"embeddable":true,"href":"https:\/\/dekkbi.com\/index.php?rest_route=\/wp\/v2\/users\/1"}],"replies":[{"embeddable":true,"href":"https:\/\/dekkbi.com\/index.php?rest_route=%2Fwp%2Fv2%2Fcomments&post=35518"}],"version-history":[{"count":1,"href":"https:\/\/dekkbi.com\/index.php?rest_route=\/wp\/v2\/posts\/35518\/revisions"}],"predecessor-version":[{"id":35520,"href":"https:\/\/dekkbi.com\/index.php?rest_route=\/wp\/v2\/posts\/35518\/revisions\/35520"}],"wp:featuredmedia":[{"embeddable":true,"href":"https:\/\/dekkbi.com\/index.php?rest_route=\/wp\/v2\/media\/35519"}],"wp:attachment":[{"href":"https:\/\/dekkbi.com\/index.php?rest_route=%2Fwp%2Fv2%2Fmedia&parent=35518"}],"wp:term":[{"taxonomy":"category","embeddable":true,"href":"https:\/\/dekkbi.com\/index.php?rest_route=%2Fwp%2Fv2%2Fcategories&post=35518"},{"taxonomy":"post_tag","embeddable":true,"href":"https:\/\/dekkbi.com\/index.php?rest_route=%2Fwp%2Fv2%2Ftags&post=35518"}],"curies":[{"name":"wp","href":"https:\/\/api.w.org\/{rel}","templated":true}]}}