{"id":3551,"date":"2022-11-21T10:42:07","date_gmt":"2022-11-21T10:42:07","guid":{"rendered":"https:\/\/dekkbi.com\/?p=3551"},"modified":"2022-11-21T10:53:40","modified_gmt":"2022-11-21T10:53:40","slug":"senegal-pays-bas-a-16h00-presser-les-oranges","status":"publish","type":"post","link":"https:\/\/dekkbi.com\/?p=3551","title":{"rendered":"MONDIAL 2022 &#8211; S\u00e9n\u00e9gal-Pays Bas \u00e0 16H00 \u2013 Presser les ORANGES!"},"content":{"rendered":"\n<p><strong>D\u00e9buter le Mondial qatari face \u00e0 l\u2019une des meilleures \u00e9quipes d\u2019Europe du moment et sans son ma\u00eetre \u00e0 jouer, Sadio Man\u00e9, c\u2019est le gros d\u00e9fi que Aliou Ciss\u00e9 et ses hommes devront relever contre les Pays-Bas, ce lundi (16h Gmt). Un premier choc qui a l\u2019allure d\u2019une \u00abfinale\u00bb et qui nous r\u00e9serve de sacr\u00e9s duels. Morceaux choisis.<\/strong><\/p>\n\n\n\n<p><strong>Youssouf Sabaly-Denzel Dumfries<\/strong><br>Jouera ou jouera pas&nbsp;? Sera-t-il titulaire contre le S\u00e9n\u00e9gal&nbsp;ce lundi ? C\u2019est la grosse interrogation concernant Denzel Dumfries. Touch\u00e9 au genou avec l\u2019Inter, le lat\u00e9ral-piston droit des Pays-Bas est en effet incertain pour ce premier choc de la Poule A entre Oranje et Lions.<\/p>\n\n\n\n<p>Mais Denzel Dumfries, qui tient \u00e0 ne pas rater ce match, dit s\u2019\u00eatre r\u00e9tabli tout en esp\u00e9rant voir son coach cocher son nom dans le onze de d\u00e9part contre les champions d\u2019Afri\u00adque.<\/p>\n\n\n\n<p>Le joueur de 26 ans va bien et s\u2019est dit pr\u00eat \u00e0 tenir sa place contre le S\u00e9n\u00e9gal. \u00abM\u00eame pas de petits soucis. Et je peux juste \u00eatre dans le onze de d\u00e9part lors du premier match contre le S\u00e9n\u00e9gal, je me sens juste en forme. J\u2019irai \u00e0 l\u2019h\u00f4pital pour un scanner plus tard, pour lever toute incertitude, mais je ne m\u2019attends \u00e0 rien de fou\u00bb, avait-il tent\u00e9 de rassurer. La balle est dans le camp de Van Gaal qui devra d\u00e9cider si on aura droit \u00e0 un duel avec le d\u00e9fenseur de Betis Seville, Youssouf Sabaly. Car le premier duel devait plut\u00f4t concerner les deux rivaux de l\u2019Ac Milan et de l\u2019inter. Aux derni\u00e8res nouvelles, Ballo Tour\u00e9 qui tenait la corde devant le n\u00e9o-Lion, Ismail Jakobs qui ne sera pas lui aussi de la partie \u00e0 cause d\u2019un probl\u00e8me administratif, serait forfait pour le premier match. Au finish, le s\u00e9lectionneur devrait se tourner vers Youssouf Sabaly, longtemps utilis\u00e9 \u00e0 gauche pour d\u00e9panner le couloir. Ce qui promet un vrai duel.<\/p>\n\n\n\n<p><strong>Gana Gu\u00e8ye-Frenkie De Jong<\/strong><br>Il est le chouchou de Van Gaal dans l\u2019entrejeu des Oranje. D\u2019ailleurs, le s\u00e9lectionneur des Pays-Bas a fait tout derni\u00e8rement un beau t\u00e9moignage sur son milieu de terrain. \u00abQuand Frenkie De Jong joue avec le Bar\u00e7a, \u00e0 la place de Busquets, il est le meilleur sur le terrain\u00bb, a-t-il expliqu\u00e9. Suffisant pour mesurer l\u2019importance de ce pivot et dont son rayonnement pourrait perturber le jeu m\u00e9dian des Lions.<\/p>\n\n\n\n<p>Du coup, il faudra emp\u00eacher De Jong de rayonner. Et Gana Gu\u00e8ye est tout trouv\u00e9 pour le g\u00eaner \u00e0 accomplir la mission que Van Gaal assigne \u00e0 sa pointe basse. Alerte au marquage et n\u2019h\u00e9sitant \u00e0 monter sur son vis-\u00e0-vis et \u00e0 le prendre \u00e0 la gorge \u00e0 travers un pressing haut, le milieu d\u2019Everton, fort de son exp\u00e9rience, ferait un bon profil de l\u2019emploi.<\/p>\n\n\n\n<p><strong>Boulaye Dia-Virgil Van Dijk<\/strong><br>En mati\u00e8re de puissance athl\u00e9tique, on n\u2019est pas loin du \u00abDavid contre Goliath\u00bb, tellement Virgil Van Dikk impressionne de par son gabarit (1,93m&nbsp;; 92kg) pour ne pas dire ses qualit\u00e9s athl\u00e9tiques qui font de lui le patron de la d\u00e9fense des Hollandais. Mais l\u2019ancien co\u00e9quipier de Sadio Man\u00e9 devra faire preuve de prudence face \u00e0 un Boulaye Dia qui est en pleine bourre avec son club. Suffisant pour expliquer le genre de match dont on aura droit&nbsp;ce lundi, au Al Thumama Stadium.<\/p>\n\n\n\n<p><strong>Koulibaly-Depay&nbsp;: duel diff\u00e9r\u00e9&nbsp;?<\/strong><br>Convoqu\u00e9 avec les Pays-Bas pour la Coupe du monde 2022, malgr\u00e9 une blessure, Memphis Depay devrait \u00eatre absent pour le premier match contre le S\u00e9n\u00e9gal. Ce qui n\u2019est pas pour plaire \u00e0 l\u2019attaquant du Bar\u00e7a. En effet, son s\u00e9lectionneur a annonc\u00e9, vendredi dernier, qu\u2019il ne le fera pas jouer titulaire lors du premier match, face aux champions d\u2019Afrique.<\/p>\n\n\n\n<p>\u00ab\u00c7a se passe bien. Je travaille et je me sens en forme. Je me suis entra\u00een\u00e9 tr\u00e8s dur ces derni\u00e8res semaines. C\u2019\u00e9tait difficile d\u2019entendre que je ne serai pas titulaire (contre le S\u00e9n\u00e9gal). Mais tout a une raison, et l\u2019entra\u00eeneur a une vision avec l\u2019\u00e9quipe\u00bb, a d\u00e9clar\u00e9 Depay.<\/p>\n\n\n\n<p>Mais \u00e0 l\u2019entendre parler, il est possible que son coach le fasse entrer en cours de jeu. Evidemment cela d\u00e9pendra de la tournure du match. Et si cette entr\u00e9e en jeu se confirmait, le capitaine s\u00e9n\u00e9galais, Kalidou Koulibaly, ne va pas ch\u00f4mer, car il va forc\u00e9ment retrouver sur son chemin le Barcelonais en position de deuxi\u00e8me attaquant. Suffisant pour s\u2019attendre \u00e0 une confrontation spectaculaire.<\/p>\n\n\n\n<p><br><strong>Par Hyacinthe DIANDY \u2013&nbsp;hdiandy@lequotidien.sn \u2013 (Envoy\u00e9 sp\u00e9cial au Qatar)<\/strong><\/p>\n","protected":false},"excerpt":{"rendered":"<p>D\u00e9buter le Mondial qatari face \u00e0 l\u2019une des meilleures \u00e9quipes d\u2019Europe du moment et sans son ma\u00eetre \u00e0 jouer, Sadio<\/p>\n","protected":false},"author":1,"featured_media":3552,"comment_status":"open","ping_status":"open","sticky":false,"template":"","format":"standard","meta":{"footnotes":""},"categories":[9],"tags":[],"class_list":["post-3551","post","type-post","status-publish","format-standard","has-post-thumbnail","hentry","category-sports"],"_links":{"self":[{"href":"https:\/\/dekkbi.com\/index.php?rest_route=\/wp\/v2\/posts\/3551","targetHints":{"allow":["GET"]}}],"collection":[{"href":"https:\/\/dekkbi.com\/index.php?rest_route=\/wp\/v2\/posts"}],"about":[{"href":"https:\/\/dekkbi.com\/index.php?rest_route=\/wp\/v2\/types\/post"}],"author":[{"embeddable":true,"href":"https:\/\/dekkbi.com\/index.php?rest_route=\/wp\/v2\/users\/1"}],"replies":[{"embeddable":true,"href":"https:\/\/dekkbi.com\/index.php?rest_route=%2Fwp%2Fv2%2Fcomments&post=3551"}],"version-history":[{"count":2,"href":"https:\/\/dekkbi.com\/index.php?rest_route=\/wp\/v2\/posts\/3551\/revisions"}],"predecessor-version":[{"id":3560,"href":"https:\/\/dekkbi.com\/index.php?rest_route=\/wp\/v2\/posts\/3551\/revisions\/3560"}],"wp:featuredmedia":[{"embeddable":true,"href":"https:\/\/dekkbi.com\/index.php?rest_route=\/wp\/v2\/media\/3552"}],"wp:attachment":[{"href":"https:\/\/dekkbi.com\/index.php?rest_route=%2Fwp%2Fv2%2Fmedia&parent=3551"}],"wp:term":[{"taxonomy":"category","embeddable":true,"href":"https:\/\/dekkbi.com\/index.php?rest_route=%2Fwp%2Fv2%2Fcategories&post=3551"},{"taxonomy":"post_tag","embeddable":true,"href":"https:\/\/dekkbi.com\/index.php?rest_route=%2Fwp%2Fv2%2Ftags&post=3551"}],"curies":[{"name":"wp","href":"https:\/\/api.w.org\/{rel}","templated":true}]}}