{"id":35481,"date":"2024-04-25T12:37:50","date_gmt":"2024-04-25T12:37:50","guid":{"rendered":"https:\/\/dekkbi.com\/?p=35481"},"modified":"2024-04-25T12:37:50","modified_gmt":"2024-04-25T12:37:50","slug":"nager-dans-la-seine-une-bataille-pas-encore-gagnee","status":"publish","type":"post","link":"https:\/\/dekkbi.com\/?p=35481","title":{"rendered":"Nager dans la Seine, une bataille pas encore gagn\u00e9e"},"content":{"rendered":"\n<p>L&rsquo;engagement donne des sueurs froides aux organisateurs des Jeux olympiques et paralympiques de Paris (26 juillet &#8211; 8 septembre): la bonne tenue des \u00e9preuves de natation dans la Seine d\u00e9pend de la qualit\u00e9 de son eau qui, si elle a progress\u00e9, n&rsquo;\u00e9tait toujours pas satisfaisante \u00e0 l&rsquo;\u00e9t\u00e9 2023.<\/p>\n\n\n\n<p>Les analyses r\u00e9alis\u00e9es de 2015 \u00e0 2023, transmises \u00e0 l&rsquo;AFP par la mairie de Paris, montraient de fortes variations l&rsquo;\u00e9t\u00e9 dernier, avec plusieurs pics de concentration de l&rsquo;une des deux bact\u00e9ries indicatrices de contamination f\u00e9cale, Escherichia coli.<\/p>\n\n\n\n<p>Au regard de la directive europ\u00e9enne \u00ab\u00a0baignade\u00a0\u00bb de 2006, aucun des 14 points de pr\u00e9l\u00e8vement parisiens de l&rsquo;eau n&rsquo;a atteint un niveau de qualit\u00e9 suffisant en 2023, globalement de juin \u00e0 septembre.<\/p>\n\n\n\n<figure class=\"wp-block-image\"><img decoding=\"async\" src=\"https:\/\/information.tv5monde.com\/sites\/tv5-info\/files\/styles\/entete\/public\/2024-04\/field_media_image-2827028-543ff80260967a1456c0944e43644c685948d088.jpg?itok=2xp3mFJ2\" alt=\"Baignade en Seine : aucun point n'atteint la qualit\u00e9 &quot;suffisante&quot; en 2023\" title=\"Baignade en Seine : aucun point n'atteint la qualit\u00e9 &quot;suffisante&quot; en 2023\"\/><\/figure>\n\n\n\n<p>Indicateurs de qualit\u00e9 de l&rsquo;eau calcul\u00e9s chaque ann\u00e9e pour les points de pr\u00e9l\u00e8vement en Seine parisienne, sur la base de la directive europ\u00e9enne \u00ab\u00a0baignade\u00a0\u00bb de 2006<\/p>\n\n\n\n<p><strong>AFP &#8211; Nalini LEPETIT-CHELLA, Sabrina BLANCHARD<\/strong><\/p>\n\n\n\n<p>La concentration en E. coli d\u00e9passe le maximum demand\u00e9 (900 unit\u00e9s formant colonie\/100 mL) sur tous les points.<\/p>\n\n\n\n<p>Et celle en ent\u00e9rocoques, l&rsquo;autre bact\u00e9rie prise en compte par la r\u00e9glementation, d\u00e9passe l\u00e9g\u00e8rement le seuil requis au pont d&rsquo;Ivry (sud-est) et au pont du Garigliano (sud-ouest): 330 UFC\/100 mL.<\/p>\n\n\n\n<p>A l&rsquo;\u00e9t\u00e9 2022 pourtant, ces analyses avaient atteint un niveau \u00ab\u00a0suffisant\u00a0\u00bb pour les deux bact\u00e9ries dans trois points de mesure du centre de Paris, avant une d\u00e9gradation en 2023.<\/p>\n\n\n\n<p>Paul Kennouche, le chef du p\u00f4le grand cycle et qualit\u00e9 de l&rsquo;eau de la Ville de Paris, souligne toutefois que sur les huit \u00ab\u00a0points majeurs\u00a0\u00bb retenus par la municipalit\u00e9, six ont vu leur qualit\u00e9 s&rsquo;am\u00e9liorer et deux sont stables. Mais aucun n&rsquo;atteint le niveau attendu par la directive europ\u00e9enne.<\/p>\n\n\n\n<p>Mairie et pr\u00e9fecture de r\u00e9gion mettent aussi en avant que \u00ab\u00a0sur le site des \u00e9preuves de nage en Seine, 70% des mesures quotidiennes sont bonnes pour la p\u00e9riode du 1er juin au 7 septembre 2023\u00a0\u00bb.<\/p>\n\n\n\n<p>Pas de quoi rassurer la championne olympique en titre d&rsquo;eau libre, Ana Marcela Cunha, qui a r\u00e9clam\u00e9 \u00ab\u00a0un plan B\u00a0\u00bb. Ou l&rsquo;ONG Surfrider Foundation, qui a mis en garde contre l&rsquo;\u00e9tat \u00ab\u00a0alarmant\u00a0\u00bb des eaux de la Seine, avec des seuils mesur\u00e9s entre septembre et mars \u00ab\u00a0au-dessus voire tr\u00e8s largement au-dessus\u00a0\u00bb de ceux recommand\u00e9s.<\/p>\n\n\n\n<p>\u00ab\u00a0Il n&rsquo;a jamais \u00e9t\u00e9 question d&rsquo;ouvrir la baignade dans la Seine toute l&rsquo;ann\u00e9e\u00a0\u00bb, a r\u00e9pondu le pr\u00e9fet de r\u00e9gion Marc Guillaume.<\/p>\n\n\n\n<h2 class=\"wp-block-heading\">Cauchemar en ao\u00fbt<\/h2>\n\n\n\n<p>Etat, collectivit\u00e9s et comit\u00e9 d&rsquo;organisation mettent surtout en avant les cinq ouvrages quasiment termin\u00e9s qui doivent permettre d&rsquo;augmenter la capacit\u00e9 de stockage du r\u00e9seau d&rsquo;\u00e9gouts et de limiter les rejets d&rsquo;eaux us\u00e9es dans le fleuve.<\/p>\n\n\n\n<figure class=\"wp-block-image\"><img decoding=\"async\" src=\"https:\/\/information.tv5monde.com\/sites\/tv5-info\/files\/styles\/entete\/public\/2024-04\/field_media_image-2827030-68a64cb480ac0a151a8daa4854d2676a05861d3d.jpg?itok=OAJkxOEH\" alt=\"Natation en Seine : des pics de pollution de l'eau lors des test-events 2023\" title=\"Natation en Seine : des pics de pollution de l'eau lors des test-events 2023\"\/><\/figure>\n\n\n\n<p>Concentration en E. coli, un indicateur de contamination f\u00e9cale, sur 4 points de surveillance renforc\u00e9e de la qualit\u00e9 de l&rsquo;eau situ\u00e9s sur les parcours des test-events de l&rsquo;\u00e9t\u00e9 2023<\/p>\n\n\n\n<p><strong>AFP &#8211; Nalini LEPETIT-CHELLA, Sabrina BLANCHARD<\/strong><\/p>\n\n\n\n<p>Avant leur mise en service, les r\u00e9p\u00e9titions g\u00e9n\u00e9rales (\u00ab\u00a0test-events\u00a0\u00bb en langage olympique) d&rsquo;ao\u00fbt 2023 ont tourn\u00e9 au cauchemar pour eux.<\/p>\n\n\n\n<p>D\u00e9but ao\u00fbt, la comp\u00e9tition de natation marathon a \u00e9t\u00e9 annul\u00e9e car les seuils de qualit\u00e9 de la f\u00e9d\u00e9ration internationale World Aquatics \u00e9taient nettement d\u00e9pass\u00e9s, apr\u00e8s de fortes pluies.<\/p>\n\n\n\n<p>Les organisateurs ont mis en avant le caract\u00e8re \u00ab\u00a0exceptionnel\u00a0\u00bb des pr\u00e9cipitations. \u00ab\u00a0Il faut remonter \u00e0 1965 pour trouver un niveau proche\u00a0\u00bb, ont-ils insist\u00e9.<\/p>\n\n\n\n<p>Les analyses montraient une concentration en E. coli d\u00e9passant les 3.000 UFC pour 100 mL sur les quatre points de mesure du parcours, quand les f\u00e9d\u00e9rations internationales fixent un objectif de moins de 500 et un maximum de 1.000.<\/p>\n\n\n\n<p>Pour le triathlon et le paratriathlon du 16 au 20 ao\u00fbt derniers dans la m\u00eame zone, deux jours d&rsquo;\u00e9preuves ont aussi \u00e9t\u00e9 annul\u00e9s en raison d&rsquo;une pollution de l&rsquo;eau, caus\u00e9e cette fois selon la mairie par une vanne d\u00e9fectueuse.<\/p>\n\n\n\n<p>Et si les trois premiers jours ont \u00e9t\u00e9 maintenus, cela n&rsquo;allait pas forc\u00e9ment de soi.<\/p>\n\n\n\n<h2 class=\"wp-block-heading\">\u00ab\u00a0Surchauffe\u00a0\u00bb au labo<\/h2>\n\n\n\n<p>Dans son avis consultatif du 25 juillet, l&rsquo;Agence r\u00e9gionale de sant\u00e9 (ARS) s&rsquo;\u00e9tait d\u00e9clar\u00e9e favorable \u00e0 la tenue des \u00ab\u00a0test-events\u00a0\u00bb.<\/p>\n\n\n\n<p>Mais l&rsquo;agence prescrivait de reporter les \u00e9preuves \u00ab\u00a0si un seul des r\u00e9sultats d&rsquo;analyse\u00a0\u00bb sur les quatre points de surveillance, dans les vingt-quatre heures pr\u00e9c\u00e9dant l&rsquo;\u00e9v\u00e9nement, d\u00e9passait 900 UFC\/100 mL pour E. coli ou 330 UFC\/100 mL pour les ent\u00e9rocoques.<\/p>\n\n\n\n<figure class=\"wp-block-image\"><img decoding=\"async\" src=\"https:\/\/information.tv5monde.com\/sites\/tv5-info\/files\/styles\/entete\/public\/2024-04\/field_media_image-2827031-5d6e24752b22ddb491b17b31c2a1a16b2c13f5de.jpg?itok=4xulfJWw\" alt=\"Pr\u00e9l\u00e8vement d'un \u00e9chantillon d'eau de la Seine par la compagnie Fluidion, le 4 ao\u00fbt 2023 \u00e0 Paris\" title=\"Pr\u00e9l\u00e8vement d'un \u00e9chantillon d'eau de la Seine par la compagnie Fluidion, le 4 ao\u00fbt 2023 \u00e0 Paris\"\/><\/figure>\n\n\n\n<p><strong>Pr\u00e9l\u00e8vement d&rsquo;un \u00e9chantillon d&rsquo;eau de la Seine par la compagnie Fluidion, le 4 ao\u00fbt 2023 \u00e0 Paris<br>AFP  &#8211; Bertrand GUAY<\/strong><\/p>\n\n\n\n<p>La veille du triathlon femmes du 17, la concentration en E. coli au pont de l&rsquo;Alma \u00e9tait de 1.120 pour 100 mL. Un d\u00e9passement des seuils ARS et des f\u00e9d\u00e9rations.<\/p>\n\n\n\n<p>Toutefois, ce pont n&rsquo;est pas sur le parcours, \u00ab\u00a0on tourne bien avant\u00a0\u00bb, indique Brigitte L\u00e9gar\u00e9, du Comit\u00e9 d&rsquo;organisation des JO. La comp\u00e9tition a ainsi \u00e9t\u00e9 maintenue.<\/p>\n\n\n\n<p>Puis, au matin du 18, les r\u00e9sultats d&rsquo;analyse de l&rsquo;eau de la veille \u00e9taient inexploitables du fait d&rsquo;un probl\u00e8me technique. Une \u00ab\u00a0surchauffe\u00a0\u00bb au laboratoire, d&rsquo;apr\u00e8s les explications donn\u00e9es au Comit\u00e9.<\/p>\n\n\n\n<p>En leur absence, la F\u00e9d\u00e9ration internationale de triathlon a utilis\u00e9 les tendances des jours pr\u00e9c\u00e9dents, ainsi que \u00ab\u00a0le rapport m\u00e9t\u00e9o, l&rsquo;inspection visuelle, l&rsquo;inspection sanitaire\u00a0\u00bb, ce qui a \u00ab\u00a0donn\u00e9 suffisamment confiance\u00a0\u00bb pour donner le feu vert, explique Olalla Cernuda, sa directrice de la communication.<\/p>\n\n\n\n<p>Mais le lendemain, lorsque les r\u00e9sultats d&rsquo;analyse de la nuit du 17 au 18 sont tomb\u00e9s, les seuils de qualit\u00e9 \u00e9taient largement d\u00e9pass\u00e9s. La suite des \u00ab\u00a0test-events\u00a0\u00bb a \u00e9t\u00e9 annul\u00e9e.<\/p>\n\n\n\n<h2 class=\"wp-block-heading\">\u00ab\u00a0On a appris\u00a0\u00bb<\/h2>\n\n\n\n<p>Depuis, la Ville de Paris a annonc\u00e9 que toute la proc\u00e9dure d&rsquo;analyse serait doubl\u00e9e pour l&rsquo;\u00e9t\u00e9 2024. \u00ab\u00a0La logique de test-event a pris tout son sens; on a appris\u00a0\u00bb, retient la Ville de Paris.<\/p>\n\n\n\n<p>La mairie, la pr\u00e9fecture de r\u00e9gion et leurs partenaires ont \u00e9tabli un plan tirant \u00ab\u00a0toutes les cons\u00e9quences de ce qui s&rsquo;est pass\u00e9 cet \u00e9t\u00e9 (2023)\u00a0\u00bb.<\/p>\n\n\n\n<p>Et insistent sur les nouvelles infrastructures pour absorber les fortes pluies, dont les 50.000 m3 du bassin d&rsquo;Austerlitz.<\/p>\n\n\n\n<p>\u00ab\u00a0Sans aucun doute, si les ouvrages avaient \u00e9t\u00e9 pr\u00eats (&#8230;), il n&rsquo;y aurait pas eu de probl\u00e9matique\u00a0\u00bb en ao\u00fbt 2023, avait affirm\u00e9 Pierre Rabadan, adjoint aux JO et \u00e0 la Seine \u00e0 la mairie de Paris.<\/p>\n\n\n\n<p>La m\u00e9t\u00e9o reste le \u00ab\u00a0risque principal\u00a0\u00bb pour la bonne tenue des \u00e9preuves des Jeux, reconna\u00eet la pr\u00e9fecture, qui redoute des \u00ab\u00a0pluies exceptionnelles\u00a0\u00bb. En cas de pr\u00e9cipitations intenses, de l&rsquo;eau non trait\u00e9e &#8211; m\u00e9lange de pluie et d&rsquo;eaux us\u00e9es &#8211; peut \u00eatre rejet\u00e9e dans le fleuve.<\/p>\n\n\n\n<p>Le plan B consiste \u00e0 reporter de quelques jours les \u00e9preuves dans la Seine mais pas \u00e0 changer de lieu.<\/p>\n\n\n\n<p>Au-del\u00e0 des Jeux, les travaux visent une am\u00e9lioration durable de la qualit\u00e9 de l&rsquo;eau en vue de l&rsquo;ouverture d&rsquo;une trentaine de points de baignade, dans l&rsquo;agglom\u00e9ration parisienne, sur la Seine et la Marne.<\/p>\n","protected":false},"excerpt":{"rendered":"<p>L&rsquo;engagement donne des sueurs froides aux organisateurs des Jeux olympiques et paralympiques de Paris (26 juillet &#8211; 8 septembre): la<\/p>\n","protected":false},"author":1,"featured_media":35483,"comment_status":"open","ping_status":"open","sticky":false,"template":"","format":"standard","meta":{"footnotes":""},"categories":[9],"tags":[],"class_list":["post-35481","post","type-post","status-publish","format-standard","has-post-thumbnail","hentry","category-sports"],"_links":{"self":[{"href":"https:\/\/dekkbi.com\/index.php?rest_route=\/wp\/v2\/posts\/35481","targetHints":{"allow":["GET"]}}],"collection":[{"href":"https:\/\/dekkbi.com\/index.php?rest_route=\/wp\/v2\/posts"}],"about":[{"href":"https:\/\/dekkbi.com\/index.php?rest_route=\/wp\/v2\/types\/post"}],"author":[{"embeddable":true,"href":"https:\/\/dekkbi.com\/index.php?rest_route=\/wp\/v2\/users\/1"}],"replies":[{"embeddable":true,"href":"https:\/\/dekkbi.com\/index.php?rest_route=%2Fwp%2Fv2%2Fcomments&post=35481"}],"version-history":[{"count":1,"href":"https:\/\/dekkbi.com\/index.php?rest_route=\/wp\/v2\/posts\/35481\/revisions"}],"predecessor-version":[{"id":35484,"href":"https:\/\/dekkbi.com\/index.php?rest_route=\/wp\/v2\/posts\/35481\/revisions\/35484"}],"wp:featuredmedia":[{"embeddable":true,"href":"https:\/\/dekkbi.com\/index.php?rest_route=\/wp\/v2\/media\/35483"}],"wp:attachment":[{"href":"https:\/\/dekkbi.com\/index.php?rest_route=%2Fwp%2Fv2%2Fmedia&parent=35481"}],"wp:term":[{"taxonomy":"category","embeddable":true,"href":"https:\/\/dekkbi.com\/index.php?rest_route=%2Fwp%2Fv2%2Fcategories&post=35481"},{"taxonomy":"post_tag","embeddable":true,"href":"https:\/\/dekkbi.com\/index.php?rest_route=%2Fwp%2Fv2%2Ftags&post=35481"}],"curies":[{"name":"wp","href":"https:\/\/api.w.org\/{rel}","templated":true}]}}