{"id":35442,"date":"2024-04-25T11:42:23","date_gmt":"2024-04-25T11:42:23","guid":{"rendered":"https:\/\/dekkbi.com\/?p=35442"},"modified":"2024-04-25T11:44:44","modified_gmt":"2024-04-25T11:44:44","slug":"lutte-contre-la-vie-chere-un-plan-durgence-operationnel-avant-le-15-mai","status":"publish","type":"post","link":"https:\/\/dekkbi.com\/?p=35442","title":{"rendered":"Vie ch\u00e8re: Un plan d\u2019urgence op\u00e9rationnel avant le 15 mai"},"content":{"rendered":"\n<p><strong>Bassirou Diomaye Faye a demand\u00e9 hier, \u00e0 son gouvernement, de lui proposer avant le 15 mai 2024, un plan d\u2019urgence op\u00e9rationnel de lutte contre la vie ch\u00e8re, assorti de mesures hardies de baisse des prix des denr\u00e9es de consommation courante, ainsi que de certains services essentiels. Il a aussi annonc\u00e9 la mise en place \u00e0 la Primature, d\u2019un dispositif d\u2019alerte pr\u00e9coce et de suivi des prix.<\/strong><\/p>\n\n\n\n<p><strong>Par Dialigu\u00e9 FAYE \u2013&nbsp;<\/strong>Les nouvelles autorit\u00e9s vont vers un plan de combat contre la vie ch\u00e8re. En Conseil des ministres, Bassirou Diomaye Faye a demand\u00e9 \u00abau Premier ministre, aux ministres en charge du Commerce et de l\u2019industrie, des Finances et du budget, et de l\u2019Agriculture, de lui proposer, avant le 15 mai 2024, un plan d\u2019urgence op\u00e9rationnel de lutte contre la vie ch\u00e8re, assorti de mesures hardies de baisse des prix des denr\u00e9es de consommation courante, ainsi que de certains services essentiels\u00bb.<\/p>\n\n\n\n<p>En \u00e9laborant ce plan, aucun acteur ne devrait \u00eatre laiss\u00e9 en rade. \u00abLe pr\u00e9sident de la R\u00e9publique a, dans cette perspective, soulign\u00e9 la n\u00e9cessit\u00e9 d\u2019impliquer les associations de consommateurs, les industriels et les op\u00e9rateurs \u00e9conomiques en vue de b\u00e2tir des consensus durables dans l\u2019application effective de nouvelles mesures visant l\u2019all\u00e8gement du co\u00fbt de la vie pour les m\u00e9nages. Il a, en outre, insist\u00e9 sur l\u2019imp\u00e9ratif d\u2019assurer le contr\u00f4le permanent des prix sur le terrain et la ma\u00eetrise de toute vell\u00e9it\u00e9 de sp\u00e9culation, notamment \u00e0 l\u2019approche des grandes f\u00eates et \u00e9v\u00e8nements religieux.<\/p>\n\n\n\n<p>Le chef de l\u2019Etat a, \u00e0 ce titre, demand\u00e9 au Premier ministre de mettre en place, \u00e0 la Primature, un dispositif d\u2019alerte pr\u00e9coce et de suivi des prix et approvisionnements du pays en produits et denr\u00e9es essentiels\u00bb, mentionne le communiqu\u00e9 du Conseil des ministres.<\/p>\n\n\n\n<p>En effet, souligne le document, BDF \u00aba constat\u00e9 la d\u00e9r\u00e9gulation des march\u00e9s des produits et services de grande consommation en termes d\u2019approvisionnements, de stocks et de prix\u00bb. Dans ce lot, il a attir\u00e9 toute l\u2019attention du Conseil sur la situation des denr\u00e9es de premi\u00e8re n\u00e9cessit\u00e9. Aussi, indique-t-il, \u00ables prix homologu\u00e9s en gros et surtout en d\u00e9tail du riz, du sucre, de l\u2019huile, de la farine, du lait et du pain notamment, doivent faire l\u2019objet d\u2019une surveillance particuli\u00e8re et permanente de la part du gouvernement et des services comp\u00e9tents de l\u2019Etat\u00bb. Le pr\u00e9sident de la R\u00e9publique a, en outre, rappel\u00e9 au conseil, la forte pr\u00e9occupation de ses concitoyens concernant la baisse et la r\u00e9gulation des co\u00fbts des loyers et les facilitations pour l\u2019acc\u00e8s \u00e0 un logement d\u00e9cent. Il juge ainsi la \u00abn\u00e9cessit\u00e9 d\u2019assurer un suivi permanent de l\u2019\u00e9volution des co\u00fbts des loyers (baux \u00e0 usage d\u2019habitation et commercial) \u00e0 Dakar et dans les capitales d\u00e9partementales\u00bb.<\/p>\n\n\n\n<p>Le pr\u00e9sident de la R\u00e9publique, apr\u00e8s avoir analys\u00e9 la conjoncture \u00e9conomique internationale actuelle et ses impacts sur la vie nationale, a invit\u00e9 le gouvernement \u00e0 engager, d\u00e8s la prochaine campagne de production agricole, la mise en \u0153uvre de la Doctrine de souverainet\u00e9 alimentaire (Dsa), en coh\u00e9rence avec la nouvelle politique d\u2019industrialisation, de valorisation et de consommation de nos produits locaux. Le chef de l\u2019Etat a ainsi demand\u00e9 au Premier ministre de \u00absuperviser la nouvelle vision volontariste, endog\u00e8ne et consolid\u00e9e de nos politiques publiques dont l\u2019objectif est d\u2019att\u00e9nuer de mani\u00e8re significative la chert\u00e9 du co\u00fbt de la vie et de soutenir durablement l\u2019am\u00e9lioration du pouvoir d\u2019achat des populations par l\u2019acc\u00e8s \u00e0 des denr\u00e9es et produits courants de qualit\u00e9 et \u00e0 des prix accessibles\u00bb.<\/p>\n\n\n\n<p><strong>dialigue@lequotidien.sn<\/strong><\/p>\n","protected":false},"excerpt":{"rendered":"<p>Bassirou Diomaye Faye a demand\u00e9 hier, \u00e0 son gouvernement, de lui proposer avant le 15 mai 2024, un plan d\u2019urgence<\/p>\n","protected":false},"author":1,"featured_media":32754,"comment_status":"open","ping_status":"open","sticky":false,"template":"","format":"standard","meta":{"footnotes":""},"categories":[3],"tags":[],"class_list":["post-35442","post","type-post","status-publish","format-standard","has-post-thumbnail","hentry","category-event-more-news"],"_links":{"self":[{"href":"https:\/\/dekkbi.com\/index.php?rest_route=\/wp\/v2\/posts\/35442","targetHints":{"allow":["GET"]}}],"collection":[{"href":"https:\/\/dekkbi.com\/index.php?rest_route=\/wp\/v2\/posts"}],"about":[{"href":"https:\/\/dekkbi.com\/index.php?rest_route=\/wp\/v2\/types\/post"}],"author":[{"embeddable":true,"href":"https:\/\/dekkbi.com\/index.php?rest_route=\/wp\/v2\/users\/1"}],"replies":[{"embeddable":true,"href":"https:\/\/dekkbi.com\/index.php?rest_route=%2Fwp%2Fv2%2Fcomments&post=35442"}],"version-history":[{"count":2,"href":"https:\/\/dekkbi.com\/index.php?rest_route=\/wp\/v2\/posts\/35442\/revisions"}],"predecessor-version":[{"id":35446,"href":"https:\/\/dekkbi.com\/index.php?rest_route=\/wp\/v2\/posts\/35442\/revisions\/35446"}],"wp:featuredmedia":[{"embeddable":true,"href":"https:\/\/dekkbi.com\/index.php?rest_route=\/wp\/v2\/media\/32754"}],"wp:attachment":[{"href":"https:\/\/dekkbi.com\/index.php?rest_route=%2Fwp%2Fv2%2Fmedia&parent=35442"}],"wp:term":[{"taxonomy":"category","embeddable":true,"href":"https:\/\/dekkbi.com\/index.php?rest_route=%2Fwp%2Fv2%2Fcategories&post=35442"},{"taxonomy":"post_tag","embeddable":true,"href":"https:\/\/dekkbi.com\/index.php?rest_route=%2Fwp%2Fv2%2Ftags&post=35442"}],"curies":[{"name":"wp","href":"https:\/\/api.w.org\/{rel}","templated":true}]}}