{"id":35420,"date":"2024-04-25T11:03:45","date_gmt":"2024-04-25T11:03:45","guid":{"rendered":"https:\/\/dekkbi.com\/?p=35420"},"modified":"2024-04-25T11:03:45","modified_gmt":"2024-04-25T11:03:45","slug":"le-communique-du-conseil-des-ministres-du-mercredi-24-avril-2024","status":"publish","type":"post","link":"https:\/\/dekkbi.com\/?p=35420","title":{"rendered":"Le communiqu\u00e9 du Conseil des ministres du mercredi 24 avril 2024"},"content":{"rendered":"\n<p>Dakar, 24 avr (APS) \u2013 Le Conseil des ministres s\u2019est tenu ce mercredi 24 avril 2024 au Palais de la R\u00e9publique, sous la pr\u00e9sidence du Chef de l\u2019Etat, Son Excellence, Monsieur Bassirou Diomaye Diakhar FAYE.<\/p>\n\n\n\n<p>A l\u2019entame de sa communication, le Pr\u00e9sident de la R\u00e9publique a rappel\u00e9 que la lutte contre la chert\u00e9 du co\u00fbt de la vie reste une priorit\u00e9 de l\u2019action gouvernementale.<\/p>\n\n\n\n<p>Le Chef de l\u2019Etat a constat\u00e9 la d\u00e9r\u00e9gulation des march\u00e9s des produits et services de grande consommation en termes d\u2019approvisionnements, de stocks et de prix. Dans ce lot, il a attir\u00e9 toute l\u2019attention du Conseil sur la situation des denr\u00e9es de premi\u00e8re n\u00e9cessit\u00e9.<\/p>\n\n\n\n<p>Aussi indique-t-il, les prix homologu\u00e9s en gros et surtout en d\u00e9tail du riz, du sucre, de l\u2019huile, de la farine, du lait et du pain notamment, doivent faire l\u2019objet d\u2019une surveillance particuli\u00e8re et permanente de la part du Gouvernement et des services comp\u00e9tents de l\u2019Etat.<\/p>\n\n\n\n<p>Le Pr\u00e9sident de la R\u00e9publique a, en outre, rappel\u00e9 au Conseil la forte pr\u00e9occupation de ses concitoyens concernant, la baisse et la r\u00e9gulation des co\u00fbts des loyers et les facilitations pour l\u2019acc\u00e8s \u00e0 un logement d\u00e9cent.<\/p>\n\n\n\n<p>Le Chef de l\u2019Etat a, d\u00e8s lors, donn\u00e9 des instructions au Premier Ministre, aux Ministres en charge du Commerce et de l\u2019Industrie, des Finances et du Budget et de l\u2019Agriculture, de lui proposer, avant le 15 mai 2024, un plan d\u2019urgence op\u00e9rationnel de lutte contre la vie ch\u00e8re, assorti de mesures hardies de baisse des prix des denr\u00e9es de consommation courante ainsi que de certains services essentiels.<\/p>\n\n\n\n<p>Le Pr\u00e9sident de la R\u00e9publique a, dans cette perspective, soulign\u00e9 la n\u00e9cessit\u00e9 d\u2019impliquer les associations de consommateurs, les industriels et les op\u00e9rateurs \u00e9conomiques en vue de b\u00e2tir des consensus durables dans l\u2019application effective de nouvelles mesures visant l\u2019all\u00e8gement du co\u00fbt de la vie pour les m\u00e9nages. Il a, en outre, insist\u00e9 sur l\u2019imp\u00e9ratif d\u2019assurer le contr\u00f4le permanent des prix sur le terrain et la maitrise de toute vell\u00e9it\u00e9 de sp\u00e9culation, notamment \u00e0 l\u2019approche des grandes f\u00eates et \u00e9v\u00e8nements religieux.<\/p>\n\n\n\n<p>Le Chef de l\u2019Etat a, \u00e0 ce titre, demand\u00e9 au Premier Ministre de mettre en place, \u00e0 la Primature, un dispositif d\u2019alerte pr\u00e9coce et de suivi des prix et approvisionnements du pays en produits et denr\u00e9es essentiels.<\/p>\n\n\n\n<p>Le Pr\u00e9sident de la R\u00e9publique est \u00e9galement revenu sur l\u2019imp\u00e9rieuse n\u00e9cessit\u00e9 d\u2019assurer un suivi permanent de l\u2019\u00e9volution des co\u00fbts des loyers (baux \u00e0 usage d\u2019habitation et commercial) \u00e0 Dakar et dans les capitales d\u00e9partementales.<\/p>\n\n\n\n<p>Le Chef de l\u2019Etat a, au demeurant, invit\u00e9 le Ministre de l\u2019Industrie et du Commerce \u00e0 veiller \u00e0 la transformation du commerce int\u00e9rieur qui passe par la modernisation du commerce de proximit\u00e9, en l\u2019occurrence les boutiques de quartier et le d\u00e9veloppement de strat\u00e9gies innovantes et efficaces de promotion de la consommation des produits de nos terroirs.<\/p>\n\n\n\n<p>Le Pr\u00e9sident de la R\u00e9publique, apr\u00e8s avoir analys\u00e9 la conjoncture \u00e9conomique internationale actuelle et ses impacts sur la vie nationale, a invit\u00e9 le Gouvernement \u00e0 engager, d\u00e8s la prochaine campagne de production agricole, la mise en \u0153uvre de la Doctrine de Souverainet\u00e9 alimentaire (DSA), en coh\u00e9rence avec la nouvelle politique d\u2019industrialisation, de valorisation et de consommation de nos produits locaux.<\/p>\n\n\n\n<p>Le Chef de l\u2019Etat a ainsi demand\u00e9 au Premier Ministre de superviser la nouvelle vision volontariste, endog\u00e8ne et consolid\u00e9e de nos politiques publiques dont l\u2019objectif est d\u2019att\u00e9nuer de mani\u00e8re significative la chert\u00e9 du co\u00fbt de la vie et de soutenir durablement l\u2019am\u00e9lioration du pouvoir d\u2019achat des populations par l\u2019acc\u00e8s \u00e0 des denr\u00e9es et produits courants de qualit\u00e9 et \u00e0 des prix accessibles.<\/p>\n\n\n\n<p>Le Pr\u00e9sident de la R\u00e9publique a d\u2019ailleurs, sous ce chapitre, donn\u00e9 des instructions au Premier Ministre pour accentuer les r\u00e9formes visant l\u2019am\u00e9lioration de la concurrence dans ces diff\u00e9rents secteurs d\u2019activit\u00e9 et la pr\u00e9servation soutenue des droits des consommateurs. Ensuite, le Chef de l\u2019Etat a ensuite beaucoup insist\u00e9 sur la formation professionnelle et technique ainsi que l\u2019emploi des jeunes qui demeurent, selon lui, des priorit\u00e9s nationales. 3 A ce sujet, il a demand\u00e9 au Premier Ministre de prendre les mesures idoines visant \u00e0 mutualiser et optimiser les ressources et interventions de toutes les structures publiques de soutien et de promotion de la formation professionnelle, de l\u2019entreprenariat et de l\u2019emploi des jeunes.<\/p>\n\n\n\n<p>Il a, \u00e0 cet \u00e9gard, demand\u00e9 d\u2019harmoniser les bases de donn\u00e9es sectorielles relatives aux demandes et offres d\u2019emplois. Le Chef de l\u2019Etat a demand\u00e9 au Premier Ministre et aux Ministres en charge des Finances, de la Formation professionnelle, de l\u2019Enseignement sup\u00e9rieur et du Travail de proc\u00e9der, dans les meilleurs d\u00e9lais, \u00e0 une revue de l\u2019\u00e9cosyst\u00e8me des structures, moyens d\u2019intervention et offres de formation professionnelle et technique, en vue d\u2019am\u00e9liorer l\u2019allocation des ressources destin\u00e9es aux cibles de la formation professionnelle et technique.<\/p>\n\n\n\n<p>Il a sur ce point, indiqu\u00e9 l\u2019urgence d\u2019impl\u00e9menter \u00e0 la Primature un syst\u00e8me de suivi des politiques de promotion de l\u2019emploi des jeunes et de veiller \u00e0 l\u2019insertion professionnelle rapide des jeunes dipl\u00f4m\u00e9s de l\u2019enseignement en fran\u00e7ais et en arabe. Le Pr\u00e9sident de la R\u00e9publique a \u00e9galement demand\u00e9 au Premier Ministre de veiller \u00e0 la territorialisation des politiques de formation professionnelle et technique et d\u2019emploi des jeunes.<\/p>\n\n\n\n<p>Le Chef de l\u2019Etat a, par ailleurs, demand\u00e9 au Gouvernement d\u2019engager avec les partenaires sociaux (les centrales syndicales des travailleurs et le Patronat) des concertations r\u00e9guli\u00e8res pour une \u00ab tr\u00eave sociale \u00bb.<\/p>\n\n\n\n<p>Il a soulign\u00e9 la n\u00e9cessit\u00e9 de proc\u00e9der \u00e0 l\u2019actualisation consensuelle du code du travail et de la convention nationale Etat- employeurs. Il a aussi appel\u00e9 \u00e0 la tenue, apr\u00e8s le 1er mai, de la conf\u00e9rence sociale autour du th\u00e8me majeur de \u00ab l\u2019employabilit\u00e9 et l\u2019emploi des jeunes \u00bb.<\/p>\n\n\n\n<p>Le Pr\u00e9sident de la R\u00e9publique a, dans le m\u00eame \u00e9lan, inform\u00e9 le Conseil des audiences qu\u2019il a accord\u00e9es, le mardi 24 avril 2024, aux responsables des centrales syndicales les plus repr\u00e9sentatives et aux dirigeants des organisations du Patronat, dans le cadre des concertations pour la consolidation de la stabilit\u00e9 sociale et des efforts collectifs de lutte contre la vie ch\u00e8re, la relance de l\u2019\u00e9conomie nationale et la cr\u00e9ation d\u2019emplois pour les jeunes.<\/p>\n\n\n\n<p>Le Chef de l\u2019Etat a aussi demand\u00e9 au Premier Ministre d\u2019assurer, avec chaque ministre concern\u00e9, la coordination du suivi permanent de la prise&nbsp;en charge des dol\u00e9ances et recommandations des partenaires sociaux (centrales syndicales et organisations patronales).<\/p>\n\n\n\n<p>Le Pr\u00e9sident de la R\u00e9publique s\u2019est \u00e9galement dit particuli\u00e8rement soucieux du renforcement de la r\u00e9conciliation nationale. Celle-ci passe, \u00e0 son avis, par la justice dans le traitement ad\u00e9quat des cas des victimes des \u00e9v\u00e8nements de janvier 2021 \u00e0 f\u00e9vrier 2024, notamment les familles endeuill\u00e9es et les bless\u00e9s. A cet effet, le Chef de l\u2019Etat a demand\u00e9 au Premier Ministre de mettre en place une commission d\u2019indemnisation des victimes des \u00e9v\u00e8nements de janvier 2021 \u00e0 f\u00e9vrier 2024.<\/p>\n\n\n\n<p>Ladite commission, indique-t-il, devra s\u2019atteler, dans les meilleurs d\u00e9lais, \u00e0 identifier les victimes et proc\u00e9der \u00e0 l\u2019\u00e9valuation des pr\u00e9judices subis, ainsi qu\u2019\u00e0 la prise en charge effective des bless\u00e9s en cours de traitement.<\/p>\n\n\n\n<p>En outre, le Premier Ministre devra faire, avec les Ministres concern\u00e9s, le point sur l\u2019\u00e9tat d\u2019avancement de ce dossier prioritaire tous les quinze (15) jours en Conseil des ministres. Au titre de son agenda diplomatique, le Pr\u00e9sident de la R\u00e9publique est revenu sur ses visites de travail et d\u2019amiti\u00e9 effectu\u00e9es en R\u00e9publique islamique de Mauritanie et en R\u00e9publique de Gambie, successivement les 18 et 20 avril 2024.<\/p>\n\n\n\n<p>Le Chef de l\u2019Etat a remerci\u00e9 les Pr\u00e9sidents Mouhamed Ould Cheikh El GHAZOUANI et Adama BARRO pour l\u2019accueil exceptionnel et l\u2019hospitalit\u00e9 g\u00e9n\u00e9reuse qui lui ont \u00e9t\u00e9 r\u00e9serv\u00e9s ainsi qu\u2019aux d\u00e9l\u00e9gations qui l\u2019accompagnaient dans ces deux pays fr\u00e8res. Les travaux tr\u00e8s fructueux de l\u2019\u00e9tape de Nouakchott, a inform\u00e9 le Pr\u00e9sident de la R\u00e9publique, ont port\u00e9 notamment sur :<\/p>\n\n\n\n<p>\u2013 le renforcement de la coop\u00e9ration en mati\u00e8re de d\u00e9fense et de s\u00e9curit\u00e9 \u00e0 la fronti\u00e8re face aux menaces transversales que sont le terrorisme, la criminalit\u00e9 transnationale organis\u00e9e, le trafic international de drogue et d\u2019\u00eatres humains ainsi que la migration irr\u00e9guli\u00e8re ;<\/p>\n\n\n\n<p>-la redynamisation de la coop\u00e9ration en mati\u00e8re de p\u00eache. A cet effet, le Pr\u00e9sident GHAZOUANI a assur\u00e9 que son pays est dispos\u00e9 \u00e0 partager les ressources halieutiques et pr\u00f4n\u00e9 un \u00e9change d\u2019exp\u00e9riences en mati\u00e8re de gestion de ces ressources.<\/p>\n\n\n\n<p>Il a \u00e9galement invit\u00e9 les deux pays \u00e0 une surveillance maritime commune renforc\u00e9e pour faire face aux bateaux pilleurs ;<\/p>\n\n\n\n<p>\u2013 le retard not\u00e9 dans les travaux d\u2019ex\u00e9cution du pont de Rosso, chaque partie \u00e9tant invit\u00e9e \u00e0 lever les goulots d\u2019\u00e9tranglement ;<\/p>\n\n\n\n<p>\u2013 la coop\u00e9ration en mati\u00e8re d\u2019\u00e9nergie. L\u2019accent a \u00e9t\u00e9 mis sur le retard de vingt-huit mois (28) mois des travaux de GTA et la n\u00e9cessit\u00e9 de constituer un seul bloc uni face \u00e0 l\u2019op\u00e9rateur BP pour ne pas d\u00e9cevoir les attentes des populations ;<\/p>\n\n\n\n<p>S\u2019agissant de l\u2019\u00e9tape de la Gambie, le Chef de l\u2019Etat a inform\u00e9 le Conseil que ses entretiens tr\u00e8s fructueux en t\u00eate \u00e0 t\u00eate avec le Pr\u00e9sident Adama BARRO ont port\u00e9 dans tous les domaines de la coop\u00e9ration avec un accent particulier sur :<\/p>\n\n\n\n<p>-la d\u00e9fense et la s\u00e9curit\u00e9, un domaine dans lequel le S\u00e9n\u00e9gal continuera d\u2019appuyer la Gambie dans sa qu\u00eate de stabilit\u00e9 ;<\/p>\n\n\n\n<p>\u2013 le renforcement de la lutte contre les actes criminels de coupe et de trafic illicites de bois qui continuent de d\u00e9truire les for\u00eats respectives des deux pays ;<\/p>\n\n\n\n<p>\u2013 la coop\u00e9ration dans le domaine de la p\u00eache, les concertations en vue de consolider les acquis notamment en termes de facilit\u00e9s accord\u00e9es aux p\u00eacheurs des deux pays seront poursuivies ;<\/p>\n\n\n\n<p>\u2013 la libre circulation des personnes et des biens, les transports terrestres, a\u00e9riens et maritimes qui feront l\u2019objet d\u2019un suivi permanent ;<\/p>\n\n\n\n<p>\u2013 la hausse de la taxe du ciment en provenance du S\u00e9n\u00e9gal dont la mesure a \u00e9t\u00e9 suspendue en attendant la circulaire qui devrait \u00eatre sign\u00e9e pour la rapporter.<\/p>\n\n\n\n<p>Enfin, le Pr\u00e9sident de la R\u00e9publique a \u00e9voqu\u00e9 l\u2019audience qu\u2019il a accord\u00e9e \u00e0 Monsieur Charles Michel, Pr\u00e9sident du Conseil europ\u00e9en le lundi 22 avril 2024.<\/p>\n\n\n\n<p>Dans sa communication au Conseil, le Premier Ministre a fait part de l\u2019audience qu\u2019il a accord\u00e9e \u00e0 Son Excellence Mohamed Juldeh JALLOH, Vice-pr\u00e9sident de la Sierra Leone, le lundi 22 avril 2024 sur instruction de Monsieur le Pr\u00e9sident de la R\u00e9publique.<\/p>\n\n\n\n<p>Ensemble, ils ont proc\u00e9d\u00e9 \u00e0 la revue des principaux axes de coop\u00e9ration entre le S\u00e9n\u00e9gal et la Sierra-L\u00e9one. Ils ont \u00e9galement \u00e9chang\u00e9 sur les voies et moyens de sa redynamisation en vue d\u2019offrir plus d\u2019opportunit\u00e9s aux secteurs priv\u00e9s des deux pays.<\/p>\n\n\n\n<p>A cet effet, ils ont convenu de proposer aux deux Pr\u00e9sidents, de la Sierra-L\u00e9one et du S\u00e9n\u00e9gal, la tenue d\u2019une commission mixte avant la fin de l\u2019ann\u00e9e 2024.<\/p>\n\n\n\n<p>Le Premier Ministre a \u00e9galement inform\u00e9 de la conception d\u2019un projet de nouveau r\u00e9f\u00e9rentiel du dialogue social confort\u00e9 par les riches \u00e9changes tenus respectivement avec les organisations syndicales repr\u00e9sentatives et patronales sous la houlette de Monsieur le Pr\u00e9sident de la R\u00e9publique.<\/p>\n\n\n\n<p>Ces travaux aboutiront \u00e0 une gamme de mesures devant permettre une baisse conjoncturelle du prix de denr\u00e9es de premi\u00e8re n\u00e9cessit\u00e9 et un canevas pour la refondation du dialogue social prenant en compte notamment l\u2019\u00e9quit\u00e9 salariale, les engagements du Gouvernement, la s\u00e9curit\u00e9 des emplois et les droits et devoirs syndicaux.<\/p>\n\n\n\n<p>Conform\u00e9ment aux directives de Monsieur le Pr\u00e9sident de la R\u00e9publique, formul\u00e9es \u00e0 l\u2019occasion de la r\u00e9union du Conseil des ministres du mardi 09 avril 2024, pour la mise en place effective et rapide des cabinets minist\u00e9riels et la proposition, pour chaque minist\u00e8re, d\u2019une nouvelle organisation rationalis\u00e9e ainsi que des nominations conformes d\u2019une part, \u00e0 la r\u00e8glementation en vigueur et, d\u2019autre part, aux objectifs sectoriels valid\u00e9s, le Premier Ministre a annonc\u00e9 la mise \u00e0 disposition des Ministres et Secr\u00e9taires d\u2019Etat d\u00e8s ce jeudi de trois (3) circulaires :<\/p>\n\n\n\n<p>\uf0d8 une circulaire relative \u00e0 la composition des cabinets des ministres et secr\u00e9taires d\u2019Etat pour rappeler les r\u00e8gles relatives \u00e0 la constitution des cabinets des ministres et secr\u00e9taires d\u2019Etat ainsi qu\u2019aux fonctions et conditions de nomination de leurs membres ;<\/p>\n\n\n\n<p>\uf0d8 une circulaire relative aux relations entre les ministres et secr\u00e9taires d\u2019\u00e9tat pour pr\u00e9ciser lesdites relations en vue d\u2019\u00e9viter d\u2019\u00e9ventuels conflits et dysfonctionnements afin d\u2019instaurer au sein du d\u00e9partement minist\u00e9riel une plus grande coh\u00e9sion et une meilleure coh\u00e9rence de l\u2019action gouvernementale ;<\/p>\n\n\n\n<p>\uf0d8 une circulaire relative \u00e0 l\u2019organisation du travail gouvernemental pour rappeler l\u2019importance de l\u2019organisation et de la m\u00e9thode dans l\u2019efficacit\u00e9 du travail gouvernemental (programmation, organisation, coordination, contr\u00f4le et suivi \u00e9valuation des politiques, projets et programmes).<\/p>\n\n\n\n<p>Le Premier Ministre a, par ailleurs, fait part de l\u2019\u00e9laboration du Plan d\u2019action gouvernemental avec un canevas qui sera mis \u00e0 la disposition de chaque minist\u00e8re par circulaire. Cette derni\u00e8re pr\u00e9cisera :<\/p>\n\n\n\n<p>\u2013 les actions les plus urgentes \u00e0 ex\u00e9cuter par les minist\u00e8res, avant le 10 juin 2024, en tenant compte des allocations budg\u00e9taires inscrites dans la loi de finances initiale 2024 ;<\/p>\n\n\n\n<p>\u2013 les actions prioritaires au titre du second semestre de l\u2019ann\u00e9e en cours ainsi que les ressources budg\u00e9taires n\u00e9cessaires ;<\/p>\n\n\n\n<p>\u2013 les programmes et projets \u00e0 l\u2019horizon 2029. L\u2019ensemble de ces informations mises en coh\u00e9rence, sera la trame de la d\u00e9claration de politique g\u00e9n\u00e9rale que le Premier Ministre pr\u00e9sentera \u00e0 l\u2019Assembl\u00e9e nationale.<\/p>\n\n\n\n<p>S\u2019agissant du travail d\u2019\u00e9laboration du document de r\u00e9f\u00e9rence en mati\u00e8re de politiques \u00e9conomique et sociale, le PROJET, le Premier Ministre a affirm\u00e9 qu\u2019il portera exclusivement le sceau de l\u2019expertise s\u00e9n\u00e9galaise et sera achev\u00e9 au troisi\u00e8me trimestre de l\u2019ann\u00e9e 2024. A cet effet, un comit\u00e9 technique restreint sera mis en place \u00e0 la Primature.<\/p>\n\n\n\n<p>Cette instance sera compos\u00e9e notamment des minist\u00e8res en charge du Plan, des Finances, de l\u2019Industrie, de la Souverainet\u00e9 alimentaire, de l\u2019Emploi, de la transformation du Secteur public et du Bureau Organisation et M\u00e9thodes (BOM).<\/p>\n\n\n\n<p>A l\u2019issue des travaux, poursuit le Premier Ministre, le cadre de r\u00e9f\u00e9rence pour la mat\u00e9rialisation de la vision de Monsieur le Pr\u00e9sident de la R\u00e9publique pour un S\u00e9n\u00e9gal souverain, juste et prosp\u00e8re \u00e0 travers la conception de programmes et projets de transformation syst\u00e9mique sera soumis \u00e0 la validation du Chef de l\u2019Etat avant la fin du troisi\u00e8me trimestre de l\u2019ann\u00e9e 2024.<\/p>\n\n\n\n<p>La premi\u00e8re phase du plan d\u2019action pluriannuel du PROJET sera inscrite, pr\u00e9cise-t-il, dans le projet de loi de finances initiale 2025, qui sera soumis \u00e0 l\u2019approbation de l\u2019Assembl\u00e9e nationale, au d\u00e9but du mois d\u2019octobre prochain.<\/p>\n\n\n\n<p>AU TITRE DES COMMUNICATIONS DES MINISTRES :<\/p>\n\n\n\n<p>\u2013 Le Ministre de l\u2019Enseignement sup\u00e9rieur, de la Recherche et de l\u2019Innovation a fait une communication sur la situation de l\u2019enseignement sup\u00e9rieur et de la recherche ;<\/p>\n\n\n\n<p>\u2013 Le Ministre des P\u00eaches, des Infrastructures maritimes et portuaires a fait une communication sur la proc\u00e9dure de s\u00e9lection d\u2019un op\u00e9rateur pour l\u2019exploitation des chantiers navals de Dakar ;<\/p>\n\n\n\n<p>\u2013 Le Ministre de la Famille et des Solidarit\u00e9s a fait une communication sur le lancement du Projet de R\u00e9silience et de D\u00e9veloppement Communautaire de la Vall\u00e9e du Fleuve S\u00e9n\u00e9gal (PRDC\/VFS) financ\u00e9 par la Banque Mondiale ;<\/p>\n\n\n\n<p>\u2013 Le Ministre de la Jeunesse, des Sports et de la Culture a fait une communication sur la mise en vente publique aux ench\u00e8res de la biblioth\u00e8que du Pr\u00e9sident L\u00e9opold S\u00e9dar SENGHOR en France ;<\/p>\n\n\n\n<p>\u2013 Le Ministre de l\u2019Agriculture, de la Souverainet\u00e9 alimentaire et de l\u2019Elevage a fait une communication sur la pr\u00e9paration de la Tabaski 2024, le bilan de la campagne agricole 2023 et la pr\u00e9paration de la campagne agricole 2024-2025.<\/p>\n\n\n\n<p>Fait \u00e0 Dakar, le 24 avril 2024<\/p>\n\n\n\n<p>Le Ministre de la Formation Professionnelle, Porte-Parole du Gouvernement<\/p>\n\n\n\n<p>Amadou Moustapha Njekk SARRE<\/p>\n","protected":false},"excerpt":{"rendered":"<p>Dakar, 24 avr (APS) \u2013 Le Conseil des ministres s\u2019est tenu ce mercredi 24 avril 2024 au Palais de la<\/p>\n","protected":false},"author":1,"featured_media":35421,"comment_status":"open","ping_status":"open","sticky":false,"template":"","format":"standard","meta":{"footnotes":""},"categories":[6],"tags":[],"class_list":["post-35420","post","type-post","status-publish","format-standard","has-post-thumbnail","hentry","category-politics"],"_links":{"self":[{"href":"https:\/\/dekkbi.com\/index.php?rest_route=\/wp\/v2\/posts\/35420","targetHints":{"allow":["GET"]}}],"collection":[{"href":"https:\/\/dekkbi.com\/index.php?rest_route=\/wp\/v2\/posts"}],"about":[{"href":"https:\/\/dekkbi.com\/index.php?rest_route=\/wp\/v2\/types\/post"}],"author":[{"embeddable":true,"href":"https:\/\/dekkbi.com\/index.php?rest_route=\/wp\/v2\/users\/1"}],"replies":[{"embeddable":true,"href":"https:\/\/dekkbi.com\/index.php?rest_route=%2Fwp%2Fv2%2Fcomments&post=35420"}],"version-history":[{"count":1,"href":"https:\/\/dekkbi.com\/index.php?rest_route=\/wp\/v2\/posts\/35420\/revisions"}],"predecessor-version":[{"id":35422,"href":"https:\/\/dekkbi.com\/index.php?rest_route=\/wp\/v2\/posts\/35420\/revisions\/35422"}],"wp:featuredmedia":[{"embeddable":true,"href":"https:\/\/dekkbi.com\/index.php?rest_route=\/wp\/v2\/media\/35421"}],"wp:attachment":[{"href":"https:\/\/dekkbi.com\/index.php?rest_route=%2Fwp%2Fv2%2Fmedia&parent=35420"}],"wp:term":[{"taxonomy":"category","embeddable":true,"href":"https:\/\/dekkbi.com\/index.php?rest_route=%2Fwp%2Fv2%2Fcategories&post=35420"},{"taxonomy":"post_tag","embeddable":true,"href":"https:\/\/dekkbi.com\/index.php?rest_route=%2Fwp%2Fv2%2Ftags&post=35420"}],"curies":[{"name":"wp","href":"https:\/\/api.w.org\/{rel}","templated":true}]}}