{"id":35326,"date":"2024-04-24T10:15:00","date_gmt":"2024-04-24T10:15:00","guid":{"rendered":"https:\/\/dekkbi.com\/?p=35326"},"modified":"2024-04-24T10:15:00","modified_gmt":"2024-04-24T10:15:00","slug":"apres-la-mission-gouvernementale-a-washington-le-fmi-debarque-a-dakar","status":"publish","type":"post","link":"https:\/\/dekkbi.com\/?p=35326","title":{"rendered":"Apr\u00e8s la mission gouvernementale \u00e0 Washington: Le Fmi d\u00e9barque \u00e0 Dakar"},"content":{"rendered":"\n<p><strong>Apr\u00e8s le s\u00e9jour \u00e0 Washington des ministres des Finances, de l\u2019Economie et du Secr\u00e9taire g\u00e9n\u00e9ral du gouvernement, une d\u00e9l\u00e9gation du Fmi arrive ce vendredi \u00e0 Dakar pour discuter avec les nouvelles autorit\u00e9s de leurs orientations des politiques \u00e9conomiques et financi\u00e8res.<\/strong><\/p>\n\n\n\n<p><strong>Par Madiambal DIAGNE \u2013\u00a0<\/strong>Le Fonds mon\u00e9taire international (Fmi) envoie une d\u00e9l\u00e9gation d\u2019experts qui va s\u00e9journer durant une semaine au S\u00e9n\u00e9gal. La visite qui d\u00e9bute ce vendredi 26 avril 2024, fait suite au s\u00e9jour \u00e0 Washington, la semaine derni\u00e8re, d\u2019une d\u00e9l\u00e9gation gouvernementale s\u00e9n\u00e9galaise compos\u00e9e du ministre des Finances et du budget (Cheikh Diba), du ministre de l\u2019Economie et du plan (Abdourahmane Sarr) et du ministre Secr\u00e9taire g\u00e9n\u00e9ral du gouvernement (Ahmadou Al Aminou L\u00f4). Les officiels s\u00e9n\u00e9galais avaient effectu\u00e9 une mission de prise de contact avec le Fmi, pour pr\u00e9senter les orientations de politiques \u00e9conomiques et financi\u00e8res pr\u00e9conis\u00e9es par les nouvelles autorit\u00e9s du pays et voir leur ad\u00e9quation avec le programme en cours sign\u00e9 entre le S\u00e9n\u00e9gal et le Fmi.<\/p>\n\n\n\n<p>Les discussions entre les deux parties ne sont pas encore tr\u00e8s pouss\u00e9es, et la mission attendue du Fmi sera mise \u00e0 profit pour cela. Le repr\u00e9sentant-r\u00e9sident de l\u2019institution financi\u00e8re internationale \u00e0 Dakar, Mesmin Koulet-Vickot, souligne : \u00abNous n\u2019avons pas encore pu aller au fond des choses. La mission qui arrive va permettre de visiter les services, de faire en quelque sorte l\u2019\u00e9tat des lieux et ainsi d\u2019\u00e9valuer la gestion du trimestre de l\u2019ann\u00e9e en cours, avant que nous ne puissions faire des projections macro\u00e9conomiques.\u00bb La mission aura \u00e0 s\u2019assurer de la conformit\u00e9 des donn\u00e9es comptables fournies par le gouvernement sortant du S\u00e9n\u00e9gal. Il reste, indique-t-il, que la mission sera l\u2019occasion pour les autorit\u00e9s s\u00e9n\u00e9galaises de pr\u00e9ciser formellement leur d\u00e9cision de poursuivre le programme 2023-2026, conclu avec le S\u00e9n\u00e9gal et qui pr\u00e9voit un d\u00e9caissement total de l\u2019ordre 1150 milliards de francs Cfa. Pour ce faire, le S\u00e9n\u00e9gal aura besoin n\u00e9cessairement de s\u2019accorder avec le Fmi sur les modalit\u00e9s de respect des engagements souscrits.<\/p>\n\n\n\n<p><br>La d\u00e9l\u00e9gation du Fmi a demand\u00e9 des audiences avec le pr\u00e9sident de la R\u00e9publique Bassirou Diomaye Faye et le Premier ministre Ousmane Sonko. Les plus hautes autorit\u00e9s de l\u2019Etat devront leur confirmer leur acceptation de poursuivre le programme. Ces rendez-vous donc vont se r\u00e9v\u00e9ler cruciaux et propices \u00e0 une grande explication. Le cas \u00e9ch\u00e9ant, une autre mission sera envoy\u00e9e par le Fmi, au d\u00e9but du mois de juin 2024, pour proc\u00e9der \u00e0 la revue du programme et pr\u00e9parer un deuxi\u00e8me d\u00e9caissement au mois de juillet 2024, apr\u00e8s validation par le Conseil d\u2019administration du Fmi. Au cas o\u00f9 les autorit\u00e9s s\u00e9n\u00e9galaises rejetteraient le programme, la coop\u00e9ration serait suspendue jusqu\u2019\u00e0 de nouvelles n\u00e9gociations concluantes. Ce cas de figure semble tr\u00e8s improbable, m\u00eame si certains engagements relatifs \u00e0 la r\u00e9duction ou la suppression pure et simple des subventions sur certains produits et denr\u00e9es de base seront sujets \u00e0 caution pour le gouvernement s\u00e9n\u00e9galais.<\/p>\n\n\n\n<p>Bassirou Diomaye Faye avait notamment battu campagne, \u00e0 la Pr\u00e9sidentielle du mois de mars dernier, sur des promesses de r\u00e9duction du co\u00fbt de la vie. En l\u2019\u00e9tat actuel des finances publiques, il sera insupportable de poursuivre le niveau des subventions, \u00e0 moins de mettre en veilleuse toutes les autres d\u00e9penses publiques. Une autre perspective presque impossible pour un nouveau gouvernement. Le S\u00e9n\u00e9gal se mettra-t-il \u00e0 creuser son d\u00e9ficit budg\u00e9taire et compromettre les ratios et taux d\u2019endettement\u00a0? Le pays va-t-il tomber dans une escalade d\u2019un d\u00e9ficit budg\u00e9taire abyssal, jusqu\u2019\u00e0 battre le triste record du r\u00e9gime de Abdoulaye Wade qui avait pulv\u00e9ris\u00e9 tous les plafonds pour conc\u00e9der un d\u00e9ficit budg\u00e9taire de 6,7% en 2011\u00a0? Le gros risque sera alors de tomber fatalement dans une situation de pays \u00e0 surendettement \u00e9lev\u00e9 et d\u2019essuyer la sanction imm\u00e9diate des march\u00e9s de capitaux. En tout \u00e9tat de cause, le Fmi pr\u00e9voit, comme \u00e0 l\u2019accoutum\u00e9e, de communiquer sur les conclusions de sa mission.<\/p>\n\n\n\n<p><strong>mdiagne@lequotidien.sn<\/strong><\/p>\n","protected":false},"excerpt":{"rendered":"<p>Apr\u00e8s le s\u00e9jour \u00e0 Washington des ministres des Finances, de l\u2019Economie et du Secr\u00e9taire g\u00e9n\u00e9ral du gouvernement, une d\u00e9l\u00e9gation du<\/p>\n","protected":false},"author":1,"featured_media":35327,"comment_status":"open","ping_status":"open","sticky":false,"template":"","format":"standard","meta":{"footnotes":""},"categories":[6],"tags":[],"class_list":["post-35326","post","type-post","status-publish","format-standard","has-post-thumbnail","hentry","category-politics"],"_links":{"self":[{"href":"https:\/\/dekkbi.com\/index.php?rest_route=\/wp\/v2\/posts\/35326","targetHints":{"allow":["GET"]}}],"collection":[{"href":"https:\/\/dekkbi.com\/index.php?rest_route=\/wp\/v2\/posts"}],"about":[{"href":"https:\/\/dekkbi.com\/index.php?rest_route=\/wp\/v2\/types\/post"}],"author":[{"embeddable":true,"href":"https:\/\/dekkbi.com\/index.php?rest_route=\/wp\/v2\/users\/1"}],"replies":[{"embeddable":true,"href":"https:\/\/dekkbi.com\/index.php?rest_route=%2Fwp%2Fv2%2Fcomments&post=35326"}],"version-history":[{"count":1,"href":"https:\/\/dekkbi.com\/index.php?rest_route=\/wp\/v2\/posts\/35326\/revisions"}],"predecessor-version":[{"id":35328,"href":"https:\/\/dekkbi.com\/index.php?rest_route=\/wp\/v2\/posts\/35326\/revisions\/35328"}],"wp:featuredmedia":[{"embeddable":true,"href":"https:\/\/dekkbi.com\/index.php?rest_route=\/wp\/v2\/media\/35327"}],"wp:attachment":[{"href":"https:\/\/dekkbi.com\/index.php?rest_route=%2Fwp%2Fv2%2Fmedia&parent=35326"}],"wp:term":[{"taxonomy":"category","embeddable":true,"href":"https:\/\/dekkbi.com\/index.php?rest_route=%2Fwp%2Fv2%2Fcategories&post=35326"},{"taxonomy":"post_tag","embeddable":true,"href":"https:\/\/dekkbi.com\/index.php?rest_route=%2Fwp%2Fv2%2Ftags&post=35326"}],"curies":[{"name":"wp","href":"https:\/\/api.w.org\/{rel}","templated":true}]}}