{"id":35315,"date":"2024-04-24T09:45:27","date_gmt":"2024-04-24T09:45:27","guid":{"rendered":"https:\/\/dekkbi.com\/?p=35315"},"modified":"2024-04-24T09:45:27","modified_gmt":"2024-04-24T09:45:27","slug":"lutilisation-des-foyers-ameliores-preconisee-pour-attenuer-les-changements-climatiques","status":"publish","type":"post","link":"https:\/\/dekkbi.com\/?p=35315","title":{"rendered":"L\u2019utilisation des foyers am\u00e9lior\u00e9s pr\u00e9conis\u00e9e pour att\u00e9nuer les changements climatiques\u00a0"},"content":{"rendered":"\n<p>Mbour, (APS) \u2013 La coordinatrice du projet de renforcement de l\u2019acc\u00e8s aux foyers am\u00e9lior\u00e9s au S\u00e9n\u00e9gal (RFA), Mame A\u00efssatou Mbaye, a pr\u00e9conis\u00e9 mardi \u00e0 Saly (Mbour Ouest), l\u2019utilisation de ces outils, qui contribuent, selon elle, \u00e0 l\u2019att\u00e9nuation des changements climatiques.<\/p>\n\n\n\n<p>\u201dCe sont des foyers avec une technologie qui permet de r\u00e9duire l\u2019impact ou bien les \u00e9missions de gaz \u00e0 effets de serre\u201d, a dit Mme Mbaye, lors d\u2019une session de formation avec le staff du projet.<\/p>\n\n\n\n<p>Soulignant les effets n\u00e9fastes de la destruction de la couche d\u2019ozone, Mame A\u00efssatou Mbaye a r\u00e9v\u00e9l\u00e9 que \u201dces foyers am\u00e9lior\u00e9s (Fourneaux Jambar) ont aujourd\u2019hui d\u00e9montr\u00e9 leur capacit\u00e9 \u00e0 contribuer \u00e0 l\u2019att\u00e9nuation des changements climatiques\u201d.<\/p>\n\n\n\n<p>\u201dCe sont des foyers avec des technologies extr\u00eamement importantes qu\u2019il faut aujourd\u2019hui faire conna\u00eetre et faire utiliser\u201d, a-t-elle insist\u00e9.<\/p>\n\n\n\n<p>La responsable de projet a estim\u00e9 que l\u2019usage de ces fourneaux permet de r\u00e9duire \u201ddrastiquement\u201d la coupe abusive de bois.<\/p>\n\n\n\n<p>\u201dA ce rythme, on peut aller jusqu\u2019\u00e0 40.000 hectares de perte de for\u00eat chaque ann\u00e9e si on continue \u00e0 utiliser les foyers traditionnels ou bien les anciennes m\u00e9thodes de cuisson\u201d, avertit-elle.<\/p>\n\n\n\n<p>D\u2019o\u00f9 l\u2019importance de la sensibilisation des communaut\u00e9s locales afin d\u2019amener les m\u00e9nages \u00e0 comprendre comment les foyers am\u00e9lior\u00e9s peuvent impacter le cadre de vie et la sant\u00e9 des populations.<\/p>\n\n\n\n<p>DOB\/ADI\/OID<\/p>\n","protected":false},"excerpt":{"rendered":"<p>Mbour, (APS) \u2013 La coordinatrice du projet de renforcement de l\u2019acc\u00e8s aux foyers am\u00e9lior\u00e9s au S\u00e9n\u00e9gal (RFA), Mame A\u00efssatou Mbaye,<\/p>\n","protected":false},"author":1,"featured_media":35316,"comment_status":"open","ping_status":"open","sticky":false,"template":"","format":"standard","meta":{"footnotes":""},"categories":[21],"tags":[],"class_list":["post-35315","post","type-post","status-publish","format-standard","has-post-thumbnail","hentry","category-societe"],"_links":{"self":[{"href":"https:\/\/dekkbi.com\/index.php?rest_route=\/wp\/v2\/posts\/35315","targetHints":{"allow":["GET"]}}],"collection":[{"href":"https:\/\/dekkbi.com\/index.php?rest_route=\/wp\/v2\/posts"}],"about":[{"href":"https:\/\/dekkbi.com\/index.php?rest_route=\/wp\/v2\/types\/post"}],"author":[{"embeddable":true,"href":"https:\/\/dekkbi.com\/index.php?rest_route=\/wp\/v2\/users\/1"}],"replies":[{"embeddable":true,"href":"https:\/\/dekkbi.com\/index.php?rest_route=%2Fwp%2Fv2%2Fcomments&post=35315"}],"version-history":[{"count":1,"href":"https:\/\/dekkbi.com\/index.php?rest_route=\/wp\/v2\/posts\/35315\/revisions"}],"predecessor-version":[{"id":35317,"href":"https:\/\/dekkbi.com\/index.php?rest_route=\/wp\/v2\/posts\/35315\/revisions\/35317"}],"wp:featuredmedia":[{"embeddable":true,"href":"https:\/\/dekkbi.com\/index.php?rest_route=\/wp\/v2\/media\/35316"}],"wp:attachment":[{"href":"https:\/\/dekkbi.com\/index.php?rest_route=%2Fwp%2Fv2%2Fmedia&parent=35315"}],"wp:term":[{"taxonomy":"category","embeddable":true,"href":"https:\/\/dekkbi.com\/index.php?rest_route=%2Fwp%2Fv2%2Fcategories&post=35315"},{"taxonomy":"post_tag","embeddable":true,"href":"https:\/\/dekkbi.com\/index.php?rest_route=%2Fwp%2Fv2%2Ftags&post=35315"}],"curies":[{"name":"wp","href":"https:\/\/api.w.org\/{rel}","templated":true}]}}