{"id":35311,"date":"2024-04-24T09:37:19","date_gmt":"2024-04-24T09:37:19","guid":{"rendered":"https:\/\/dekkbi.com\/?p=35311"},"modified":"2024-04-24T10:50:12","modified_gmt":"2024-04-24T10:50:12","slug":"daaka-de-madina-gounass-jean-baptiste-tine-mobilise-les-services-concernes-pour-une-bonne-organisation-du-pelerinage","status":"publish","type":"post","link":"https:\/\/dekkbi.com\/?p=35311","title":{"rendered":"\u201cDaaka\u201d de Madina Gounass : Jean Baptiste Tine mobilise les services concern\u00e9s pour une bonne organisation du p\u00e8lerinage"},"content":{"rendered":"\n<p>Dakar, 23 avr (APS) \u2013 Le ministre de l\u2019Int\u00e9rieur et de la S\u00e9curit\u00e9 publique, Jean Baptiste Tine, a demand\u00e9 aux services de l\u2019\u00c9tat concern\u00e9s de veiller \u00e0 l\u2019application des \u201cdirectives\u201d donn\u00e9es par le pr\u00e9sident de la R\u00e9publique pour une bonne organisation du \u201cdaaka\u201d (p\u00e8lerinage) de Madina Gounass (sud) pr\u00e9vu \u00e0 partir de samedi prochain.<\/p>\n\n\n\n<p>M. Tine pr\u00e9sidait, mardi apr\u00e8s-midi, \u00e0 Dakar, une r\u00e9union de pr\u00e9paration de la 83<sup>e&nbsp;<\/sup>\u00e9dition de ce p\u00e8lerinage, qui va se d\u00e9rouler jusqu\u2019au 6 mai.<\/p>\n\n\n\n<p>Lors de la r\u00e9union, le ministre de l\u2019Int\u00e9rieur, charg\u00e9 des cultes au sein du gouvernement, s\u2019est enquis du niveau des pr\u00e9paratifs de l\u2019\u00e9v\u00e8nement pour les minist\u00e8res et services publics d\u00e9centralis\u00e9s concern\u00e9s (eau, \u00e9lectricit\u00e9, s\u00e9curit\u00e9, sant\u00e9, etc.).<\/p>\n\n\n\n<p>\u201cAujourd\u2019hui, il s\u2019agit pour moi d\u2019\u00e9valuer, en rapport avec les minist\u00e8res sectoriels impliqu\u00e9s, l\u2019\u00e9tat de mise en \u0153uvre des engagements pris et d\u2019apporter des mesures correctives aux difficult\u00e9s identifi\u00e9es\u201d, a dit M. Tine.<\/p>\n\n\n\n<p>Selon lui, la distribution de l\u2019eau \u00e0 Madina Gounass est la question la plus pr\u00e9occupante en raison de la pr\u00e9sence de milliers de p\u00e8lerins dans cette ville de la r\u00e9gion de Kolda, pour ce p\u00e8lerinage annuel.<\/p>\n\n\n\n<p>Les services hydrauliques ont assur\u00e9 le ministre de l\u2019Int\u00e9rieur et de la S\u00e9curit\u00e9 publique de la finalisation, avant l\u2019\u00e9v\u00e8nement, d\u2019un nouveau r\u00e9seau d\u2019adduction d\u2019eau de 15 kilom\u00e8tres.<\/p>\n\n\n\n<p>Cinq cents compteurs seront install\u00e9s \u00e0 Madina Gounass pour permettre aux p\u00e8lerins et aux m\u00e9nages de cette ville d\u2019avoir acc\u00e8s \u00e0 une eau courante, selon Jean Baptiste Tine.<\/p>\n\n\n\n<p>Trente camions citernes seront mobilis\u00e9s en vue d\u2019une distribution correcte de l\u2019eau aux nombreux p\u00e8lerins, a-t-il assur\u00e9.<\/p>\n\n\n\n<p>\u201cLe pr\u00e9sident Bassirou Diomaye Diakhar Faye et le Premier ministre, Ousmane Sonko, ont r\u00e9it\u00e9r\u00e9 leur ferme engagement de soutenir tous les foyers religieux [\u2026] Je demande aux responsables des structures de l\u2019\u00c9tat impliqu\u00e9s dans l\u2019organisation du \u2018daaka\u2019 de veiller au respect des engagements pris ici\u201d, a dit M. Tine.<\/p>\n\n\n\n<p>Le chef de l\u2019\u00c9tat et le chef du gouvernement \u201cm\u2019ont rappel\u00e9 leur attachement \u00e0 une bonne organisation de l\u2019\u00e9dition 2024 du \u2018daaka&rsquo;\u201d, a-t-il ajout\u00e9.<\/p>\n\n\n\n<p>Jean Baptiste Tine a aussi demand\u00e9 au gouverneur de la r\u00e9gion de Kolda, qui a particip\u00e9 \u00e0 la r\u00e9union, de veiller \u00e0 une application rigoureuse des d\u00e9cisions prises.<\/p>\n\n\n\n<p>De m\u00eame a-t-il recommand\u00e9 au secr\u00e9taire g\u00e9n\u00e9ral du minist\u00e8re de l\u2019Int\u00e9rieur et de la S\u00e9curit\u00e9 publique, au directeur g\u00e9n\u00e9ral de l\u2019administration territoriale aussi, d\u2019assurer une bonne ex\u00e9cution des mesures prises en vue d\u2019un d\u00e9roulement normal du \u201cdaaka\u201d et de lui rendre \u00e9ventuellement compte de toute difficult\u00e9 rencontr\u00e9e.<\/p>\n\n\n\n<figure class=\"wp-block-image size-full\"><img loading=\"lazy\" decoding=\"async\" width=\"703\" height=\"390\" src=\"https:\/\/dekkbi.com\/wp-content\/uploads\/2024\/04\/Daaka.png\" alt=\"\" class=\"wp-image-35312\" srcset=\"https:\/\/dekkbi.com\/wp-content\/uploads\/2024\/04\/Daaka.png 703w, https:\/\/dekkbi.com\/wp-content\/uploads\/2024\/04\/Daaka-300x166.png 300w\" sizes=\"auto, (max-width: 703px) 100vw, 703px\" \/><\/figure>\n\n\n\n<p>Cheikh Ahmadou Tidiane K\u00e9b\u00e9, vice-pr\u00e9sident du comit\u00e9 d\u2019organisation du \u201cdaaka\u201d, s\u2019est r\u00e9joui du niveau d\u2019ex\u00e9cution des engagements pris par les pouvoirs publics pour un d\u00e9roulement sans anicroche du p\u00e8lerinage.<\/p>\n\n\n\n<p>Il exhorte les p\u00e8lerins \u00e0 ne pas utiliser des bonbonnes de gaz, afin d\u2019\u00e9viter tout risque d\u2019incendie.<\/p>\n\n\n\n<p>Des milliers de fid\u00e8les venus de toutes les r\u00e9gions du S\u00e9n\u00e9gal et de plusieurs pays participent chaque ann\u00e9e \u00e0 cet \u00e9v\u00e8nement religieux depuis 1942, sous la houlette des guides de la communaut\u00e9 tidjane de Madina Gounass.<\/p>\n\n\n\n<p>AFD\/FKS\/ESF\/BK<\/p>\n","protected":false},"excerpt":{"rendered":"<p>Dakar, 23 avr (APS) \u2013 Le ministre de l\u2019Int\u00e9rieur et de la S\u00e9curit\u00e9 publique, Jean Baptiste Tine, a demand\u00e9 aux<\/p>\n","protected":false},"author":1,"featured_media":35313,"comment_status":"open","ping_status":"open","sticky":false,"template":"","format":"standard","meta":{"footnotes":""},"categories":[26],"tags":[],"class_list":["post-35311","post","type-post","status-publish","format-standard","has-post-thumbnail","hentry","category-fait-divers"],"_links":{"self":[{"href":"https:\/\/dekkbi.com\/index.php?rest_route=\/wp\/v2\/posts\/35311","targetHints":{"allow":["GET"]}}],"collection":[{"href":"https:\/\/dekkbi.com\/index.php?rest_route=\/wp\/v2\/posts"}],"about":[{"href":"https:\/\/dekkbi.com\/index.php?rest_route=\/wp\/v2\/types\/post"}],"author":[{"embeddable":true,"href":"https:\/\/dekkbi.com\/index.php?rest_route=\/wp\/v2\/users\/1"}],"replies":[{"embeddable":true,"href":"https:\/\/dekkbi.com\/index.php?rest_route=%2Fwp%2Fv2%2Fcomments&post=35311"}],"version-history":[{"count":1,"href":"https:\/\/dekkbi.com\/index.php?rest_route=\/wp\/v2\/posts\/35311\/revisions"}],"predecessor-version":[{"id":35314,"href":"https:\/\/dekkbi.com\/index.php?rest_route=\/wp\/v2\/posts\/35311\/revisions\/35314"}],"wp:featuredmedia":[{"embeddable":true,"href":"https:\/\/dekkbi.com\/index.php?rest_route=\/wp\/v2\/media\/35313"}],"wp:attachment":[{"href":"https:\/\/dekkbi.com\/index.php?rest_route=%2Fwp%2Fv2%2Fmedia&parent=35311"}],"wp:term":[{"taxonomy":"category","embeddable":true,"href":"https:\/\/dekkbi.com\/index.php?rest_route=%2Fwp%2Fv2%2Fcategories&post=35311"},{"taxonomy":"post_tag","embeddable":true,"href":"https:\/\/dekkbi.com\/index.php?rest_route=%2Fwp%2Fv2%2Ftags&post=35311"}],"curies":[{"name":"wp","href":"https:\/\/api.w.org\/{rel}","templated":true}]}}