{"id":35308,"date":"2024-04-24T09:32:16","date_gmt":"2024-04-24T09:32:16","guid":{"rendered":"https:\/\/dekkbi.com\/?p=35308"},"modified":"2024-04-24T10:20:50","modified_gmt":"2024-04-24T10:20:50","slug":"creation-demplois-reduction-du-cout-de-la-vie-le-patronat-aux-cotes-de-letat","status":"publish","type":"post","link":"https:\/\/dekkbi.com\/?p=35308","title":{"rendered":"Cr\u00e9ation d\u2019emplois, r\u00e9duction du co\u00fbt de la vie : le patronat aux c\u00f4t\u00e9s de l\u2019Etat"},"content":{"rendered":"\n<p>Dakar, (APS) \u2013 Le secteur priv\u00e9 s\u00e9n\u00e9galais a pris l\u2019engagement mardi d\u2019\u2019\u2019accompagner l\u2019\u00c9tat dans la cr\u00e9ation d\u2019emplois et la r\u00e9duction du co\u00fbt de la vie\u2019\u2019, a appris l\u2019APS de la pr\u00e9sidence s\u00e9n\u00e9galaise.<\/p>\n\n\n\n<p>Les leaders des organisations patronales en ont fait la promesse lors d\u2019une audience que leur a accord\u00e9e cet apr\u00e8s-midi le pr\u00e9sident de la R\u00e9publique, Bassirou Diomaye Diakhar Faye.<\/p>\n\n\n\n<p>Ils \u2018\u2019se disent rassur\u00e9s par le discours du Chef de l\u2019\u00c9tat et son engagement \u00e0 soutenir le secteur priv\u00e9 national\u2019\u2019.<\/p>\n\n\n\n<p>Avant les organisations patronales, le pr\u00e9sident Faye a re\u00e7u plus t\u00f4t dans la matin\u00e9e les secr\u00e9taires g\u00e9n\u00e9raux des organisations syndicales repr\u00e9sentatives.<\/p>\n\n\n\n<p>\u2018\u2019Les discussions ont port\u00e9 sur les pr\u00e9occupations du monde du travail, notamment les pistes de solutions aux probl\u00e9matiques li\u00e9es \u00e0 l\u2019emploi, \u00e0 l\u2019augmentation du pouvoir d\u2019achat et aux conditions de travail\u2019\u2019, pr\u00e9cise la pr\u00e9sidence de la R\u00e9publique.<\/p>\n\n\n\n<p>Elle ajoute que \u2018\u2019les leaders syndicaux ont salu\u00e9 la d\u00e9marche et l\u2019esprit d\u2019ouverture du Pr\u00e9sident de la R\u00e9publique\u2019\u2019.<\/p>\n\n\n\n<figure class=\"wp-block-image size-full\"><img loading=\"lazy\" decoding=\"async\" width=\"699\" height=\"392\" src=\"https:\/\/dekkbi.com\/wp-content\/uploads\/2024\/04\/Diomaye_patronat-1.png\" alt=\"\" class=\"wp-image-35330\" srcset=\"https:\/\/dekkbi.com\/wp-content\/uploads\/2024\/04\/Diomaye_patronat-1.png 699w, https:\/\/dekkbi.com\/wp-content\/uploads\/2024\/04\/Diomaye_patronat-1-300x168.png 300w\" sizes=\"auto, (max-width: 699px) 100vw, 699px\" \/><\/figure>\n\n\n\n<p>ASG<\/p>\n","protected":false},"excerpt":{"rendered":"<p>Dakar, (APS) \u2013 Le secteur priv\u00e9 s\u00e9n\u00e9galais a pris l\u2019engagement mardi d\u2019\u2019\u2019accompagner l\u2019\u00c9tat dans la cr\u00e9ation d\u2019emplois et la r\u00e9duction<\/p>\n","protected":false},"author":1,"featured_media":35309,"comment_status":"open","ping_status":"open","sticky":false,"template":"","format":"standard","meta":{"footnotes":""},"categories":[6],"tags":[],"class_list":["post-35308","post","type-post","status-publish","format-standard","has-post-thumbnail","hentry","category-politics"],"_links":{"self":[{"href":"https:\/\/dekkbi.com\/index.php?rest_route=\/wp\/v2\/posts\/35308","targetHints":{"allow":["GET"]}}],"collection":[{"href":"https:\/\/dekkbi.com\/index.php?rest_route=\/wp\/v2\/posts"}],"about":[{"href":"https:\/\/dekkbi.com\/index.php?rest_route=\/wp\/v2\/types\/post"}],"author":[{"embeddable":true,"href":"https:\/\/dekkbi.com\/index.php?rest_route=\/wp\/v2\/users\/1"}],"replies":[{"embeddable":true,"href":"https:\/\/dekkbi.com\/index.php?rest_route=%2Fwp%2Fv2%2Fcomments&post=35308"}],"version-history":[{"count":2,"href":"https:\/\/dekkbi.com\/index.php?rest_route=\/wp\/v2\/posts\/35308\/revisions"}],"predecessor-version":[{"id":35331,"href":"https:\/\/dekkbi.com\/index.php?rest_route=\/wp\/v2\/posts\/35308\/revisions\/35331"}],"wp:featuredmedia":[{"embeddable":true,"href":"https:\/\/dekkbi.com\/index.php?rest_route=\/wp\/v2\/media\/35309"}],"wp:attachment":[{"href":"https:\/\/dekkbi.com\/index.php?rest_route=%2Fwp%2Fv2%2Fmedia&parent=35308"}],"wp:term":[{"taxonomy":"category","embeddable":true,"href":"https:\/\/dekkbi.com\/index.php?rest_route=%2Fwp%2Fv2%2Fcategories&post=35308"},{"taxonomy":"post_tag","embeddable":true,"href":"https:\/\/dekkbi.com\/index.php?rest_route=%2Fwp%2Fv2%2Ftags&post=35308"}],"curies":[{"name":"wp","href":"https:\/\/api.w.org\/{rel}","templated":true}]}}