{"id":35246,"date":"2024-04-22T15:42:51","date_gmt":"2024-04-22T15:42:51","guid":{"rendered":"https:\/\/dekkbi.com\/?p=35246"},"modified":"2024-04-22T15:42:52","modified_gmt":"2024-04-22T15:42:52","slug":"reunion-des-vingt-sept-pour-decider-des-sanctions-contre-liran-et-lenvoi-darmes-a-lukraine","status":"publish","type":"post","link":"https:\/\/dekkbi.com\/?p=35246","title":{"rendered":"R\u00e9union des Vingt-Sept pour d\u00e9cider des sanctions contre l&rsquo;Iran et l&rsquo;envoi d&rsquo;armes \u00e0 l&rsquo;Ukraine"},"content":{"rendered":"\n<p>Les ministres europ\u00e9ens des Affaires \u00e9trang\u00e8res et de la D\u00e9fense sont r\u00e9unis ce lundi 22 avril au Luxembourg. Ils doivent d\u00e9cider des sanctions contre l&rsquo;Iran apr\u00e8s l&rsquo;attaque sur Isra\u00ebl et se mettre d&rsquo;accord sur l&rsquo;envoi de nouvelles armes pour l&rsquo;Ukraine. Une r\u00e9union suivie donc de pr\u00e8s \u00e0 T\u00e9h\u00e9ran et \u00e0 Kiev.<\/p>\n\n\n\n<p>Par :Julien Chavanne &#8211; RFI <\/p>\n\n\n\n<p>Pour ce qui est de la guerre en Ukraine, les ministres doivent finaliser les engagements pris par les dirigeants europ\u00e9ens la semaine derni\u00e8re \u00e0 Bruxelles, lors du Conseil europ\u00e9en. Les 27 pays de l&rsquo;Union ont promis de fournir des munitions mais surtout des\u00a0<strong>syst\u00e8mes de d\u00e9fense anti-a\u00e9rienne<\/strong>. L&rsquo;arm\u00e9e ukrainienne en a d\u00e9sesp\u00e9r\u00e9ment besoin face aux missiles russes, l&rsquo;Ukraine perd du terrain \u00e0 cause de \u00e7a.<\/p>\n\n\n\n<p>Qui peut envoyer quoi et quand ? Voil\u00e0 de quoi discutent les ministres aujourd&rsquo;hui. Le temps presse. Les ministres ukrainiens des Affaires \u00e9trang\u00e8res et de la D\u00e9fense vont le r\u00e9p\u00e9ter, ils participent \u00e0 cette r\u00e9union \u00e0 distance.<\/p>\n\n\n\n<h2 class=\"wp-block-heading\">L&rsquo;\u00e9pineuse question des stocks<\/h2>\n\n\n\n<p>Mais le ministre de la D\u00e9fense de la Su\u00e8de Tobias Billstr\u00f6m est persuad\u00e9 que les Europ\u00e9ens ont conscience qu&rsquo;il n&rsquo;y a plus de temps \u00e0 perdre : \u00ab&nbsp;<em>La r\u00e9union d&rsquo;aujourd&rsquo;hui est un moment tr\u00e8s important pour nous, on va d\u00e9battre et discuter de la question de comment augmenter le soutien et l&rsquo;aide \u00e0 l&rsquo;Ukraine, c&rsquo;est essentiel. Mais je veux surtout souligner le besoin de voir les livraisons d&rsquo;armes arriver le plus vite possible en Ukraine, pour aider le pays, qui se bat en ce moment aussi pour notre libert\u00e9 et notre s\u00e9curit\u00e9.&nbsp;<\/em>\u00bb<\/p>\n\n\n\n<p>La question des stocks est l&rsquo;une des plus sensibles. Pour l&rsquo;instant, l&rsquo;Allemagne est le seul pays europ\u00e9en \u00e0 avoir annonc\u00e9 un nouvel envoi de syst\u00e8mes Patriot, alors que six autres pays europ\u00e9ens d\u00e9tiennent ces batteries r\u00e9clam\u00e9es par l&rsquo;Ukraine : la Pologne, la Gr\u00e8ce, l&rsquo;Espagne, la Roumanie et les Pays-Bas.<\/p>\n\n\n\n<h2 class=\"wp-block-heading\">De nouvelles sanctions contre l&rsquo;Iran<\/h2>\n\n\n\n<p>La crise au Proche-Orient est aussi au c\u0153ur des discussions des chefs des diplomaties europ\u00e9ennes. De nouvelles sanctions sont en pr\u00e9paration puisque les Europ\u00e9ens veulent frapper plus durement le r\u00e9gime de T\u00e9h\u00e9ran en visant notamment les producteurs de drones et de missiles.<\/p>\n\n\n\n<p>\u00ab&nbsp;<em>Ces derni\u00e8res semaines, j&rsquo;ai tout fait pour m&rsquo;assurer que nous allions \u00e9tendre les sanctions contre l&rsquo;Iran et ses alli\u00e9s, en particulier des sanctions contre le r\u00e9gime par rapport \u00e0 la menace des attaques de missiles et de drones et de ses proxies,&nbsp;<\/em>explique Annalena Baerbock, la ministre allemande des Affaires \u00e9trang\u00e8res<em>. On doit utiliser toutes les options de sanctions que nous avons.<\/em>&nbsp;\u00bb<\/p>\n\n\n\n<p>Certains pays europ\u00e9ens comme la Belgique poussent pour que l&rsquo;UE d\u00e9signe les Gardiens de la r\u00e9volution, une puissante unit\u00e9 d&rsquo;\u00e9lite de l&rsquo;arm\u00e9e iranienne, comme organisation terroriste mais cela bloque sur le plan juridique. Jusqu&rsquo;\u00e0 pr\u00e9sent, l&rsquo;Iran est toujours parvenu \u00e0 contourner les sanctions europ\u00e9ennes.<\/p>\n","protected":false},"excerpt":{"rendered":"<p>Les ministres europ\u00e9ens des Affaires \u00e9trang\u00e8res et de la D\u00e9fense sont r\u00e9unis ce lundi 22 avril au Luxembourg. Ils doivent<\/p>\n","protected":false},"author":1,"featured_media":35247,"comment_status":"open","ping_status":"open","sticky":false,"template":"","format":"standard","meta":{"footnotes":""},"categories":[51],"tags":[],"class_list":["post-35246","post","type-post","status-publish","format-standard","has-post-thumbnail","hentry","category-general"],"_links":{"self":[{"href":"https:\/\/dekkbi.com\/index.php?rest_route=\/wp\/v2\/posts\/35246","targetHints":{"allow":["GET"]}}],"collection":[{"href":"https:\/\/dekkbi.com\/index.php?rest_route=\/wp\/v2\/posts"}],"about":[{"href":"https:\/\/dekkbi.com\/index.php?rest_route=\/wp\/v2\/types\/post"}],"author":[{"embeddable":true,"href":"https:\/\/dekkbi.com\/index.php?rest_route=\/wp\/v2\/users\/1"}],"replies":[{"embeddable":true,"href":"https:\/\/dekkbi.com\/index.php?rest_route=%2Fwp%2Fv2%2Fcomments&post=35246"}],"version-history":[{"count":1,"href":"https:\/\/dekkbi.com\/index.php?rest_route=\/wp\/v2\/posts\/35246\/revisions"}],"predecessor-version":[{"id":35248,"href":"https:\/\/dekkbi.com\/index.php?rest_route=\/wp\/v2\/posts\/35246\/revisions\/35248"}],"wp:featuredmedia":[{"embeddable":true,"href":"https:\/\/dekkbi.com\/index.php?rest_route=\/wp\/v2\/media\/35247"}],"wp:attachment":[{"href":"https:\/\/dekkbi.com\/index.php?rest_route=%2Fwp%2Fv2%2Fmedia&parent=35246"}],"wp:term":[{"taxonomy":"category","embeddable":true,"href":"https:\/\/dekkbi.com\/index.php?rest_route=%2Fwp%2Fv2%2Fcategories&post=35246"},{"taxonomy":"post_tag","embeddable":true,"href":"https:\/\/dekkbi.com\/index.php?rest_route=%2Fwp%2Fv2%2Ftags&post=35246"}],"curies":[{"name":"wp","href":"https:\/\/api.w.org\/{rel}","templated":true}]}}