{"id":35237,"date":"2024-04-22T15:13:56","date_gmt":"2024-04-22T15:13:56","guid":{"rendered":"https:\/\/dekkbi.com\/?p=35237"},"modified":"2024-04-22T15:29:55","modified_gmt":"2024-04-22T15:29:55","slug":"reunions-de-printemps-dakar-reaffirme-sa-volonte-de-compter-dabord-sur-ses-propres-moyens","status":"publish","type":"post","link":"https:\/\/dekkbi.com\/?p=35237","title":{"rendered":"R\u00e9unions de Printemps:  \u201ccompter d\u2019abord sur ses propres moyens\u201d"},"content":{"rendered":"\n<p>(APS) \u2013 Le S\u00e9n\u00e9gal a mis \u00e0 profit les r\u00e9unions de Printemps 2024 du FMI et de la Banque mondiale pour r\u00e9affirmer sa volont\u00e9 de \u2018\u2019compter d\u2019abord sur ses propres moyens, \u00e0 travers la mobilisation des recettes budg\u00e9taires coupl\u00e9e \u00e0 la r\u00e9duction du train de vie de l\u2019Etat pour mettre en \u0153uvre son programme de d\u00e9veloppement\u2019\u2019, a appris l\u2019APS de source officielle.<\/p>\n\n\n\n<p>\u2018\u2019Le recours au financement se fera de mani\u00e8re responsable et optimale\u2019\u2019, indique un communiqu\u00e9 du minist\u00e8re des Finances et du Budget faisant le compte rendu de la participation s\u00e9n\u00e9galaise \u00e0 ces r\u00e9unions qui se sont tenues \u00e0 Washington.<\/p>\n\n\n\n<p>Le S\u00e9n\u00e9gal y a \u00e9t\u00e9 repr\u00e9sent\u00e9 par une d\u00e9l\u00e9gation conduite par le ministre des Finances et du Budget, Cheikh Diba, accompagn\u00e9 du ministre de l\u2019Economie, du Plan et de la Coop\u00e9ration, Abdourahmane Sarr, du ministre l\u2019Energie du P\u00e9trole et des Mines, Birane Soul\u00e8ye Diop.<\/p>\n\n\n\n<p>Le ministre secr\u00e9taire g\u00e9n\u00e9ral du Gouvernement, Ahmadou Al Aminou Lo faisait \u00e9galement partie de la d\u00e9l\u00e9gation qui a pris part \u00e0 ce rendez-vous, qui a eu lieu dans la capitale am\u00e9ricaine du 15 au 21&nbsp; avril.<\/p>\n\n\n\n<p>Elle a saisi l\u2019occasion offerte par ses diff\u00e9rentes rencontres avec les partenaires du S\u00e9n\u00e9gal pour souligner l\u2019\u2019\u2019engagement du Gouvernement s\u00e9n\u00e9galais d\u2019asseoir une nouvelle dynamique ax\u00e9e sur l\u2019\u00e9thique, la bonne gouvernance, la lutte contre la corruption, la justice et la transparence dans la gestion publique\u2019\u2019. Le communiqu\u00e9 souligne que ces valeurs fondamentales sont \u2018\u2019des pr\u00e9requis pour toute action de d\u00e9veloppement\u2019\u2019.<\/p>\n\n\n\n<p>Il signale qu\u2019elle a \u2018\u2019r\u00e9affirm\u00e9 la d\u00e9termination du Gouvernement \u00e0 mettre en \u0153uvre des politiques publiques fond\u00e9es sur la souverainet\u00e9 \u00e9conomique (\u2026)\u2019\u2019. Celle-ci \u2018\u2019ne devrait pas s\u2019entendre comme une entrave aux partenariats, mais comme un choix de pr\u00e9server les int\u00e9r\u00eats \u00e9conomiques du peuple, dans le respect des engagements internationaux du S\u00e9n\u00e9gal\u2019\u2019, pr\u00e9cise le gouvernement.<\/p>\n\n\n\n<p>Le S\u00e9n\u00e9gal a aussi fait part \u00e0 ses partenaires de sa volont\u00e9 d\u2019\u2019\u2019agir et de mat\u00e9rialiser les espoirs du peuple afin que le S\u00e9n\u00e9gal demeure le porte \u00e9tendard de la stabilit\u00e9 et de la paix en Afrique, un pays attractif pour les investissements priv\u00e9s porteurs de richesse partag\u00e9e et d\u2019emplois pour les jeunes \u00e0 la faveur du dividende d\u00e9mocratique\u2019\u2019.<\/p>\n\n\n\n<p>Dakar a dans le m\u00eame temps rappel\u00e9 \u2018\u2019la ferme intention des nouvelles autorit\u00e9s de promouvoir l\u2019int\u00e9gration africaine et de d\u00e9fendre les int\u00e9r\u00eats du S\u00e9n\u00e9gal et de l\u2019Afrique au sein des institutions internationales\u2019\u2019.<\/p>\n\n\n\n<p>Il a aussi \u2018\u2019marqu\u00e9 la disponibilit\u00e9 de l\u2019Etat du S\u00e9n\u00e9gal \u00e0 jouer un r\u00f4le important dans la r\u00e9alisation des aspirations de l\u2019Afrique, maitresse de sa souverainet\u00e9 alimentaire et industrielle, avec un acc\u00e8s aux services sociaux de base pour ses populations\u2019\u2019.<\/p>\n\n\n\n<p>Le gouvernement souligne que \u2018\u2019les partenaires rencontr\u00e9s ont accueilli avec satisfaction les messages transmis par la d\u00e9l\u00e9gation\u2019\u2019. Il ajoute qu\u2019\u2019\u2019ils se sont f\u00e9licit\u00e9s de la d\u00e9termination du peuple et des institutions s\u00e9n\u00e9galais pour pr\u00e9server l\u2019ancrage du pays \u00e0 la d\u00e9mocratie et \u00e0 l\u2019Etat de droit\u2019\u2019.<\/p>\n\n\n\n<p>\u2018\u2019Ils ont affirm\u00e9 leur engagement \u00e0 renforcer leurs relations avec le S\u00e9n\u00e9gal, dans le cadre des orientations pertinentes de bonne gouvernance des affaires publiques d\u00e9finies par les nouvelles autorit\u00e9s.\u2019\u2019<\/p>\n\n\n\n<p>A Washington, la d\u00e9l\u00e9gation s\u00e9n\u00e9galaise a \u2018\u2019rencontr\u00e9 les autorit\u00e9s de la Banque mondiale, du FMI, de la Soci\u00e9t\u00e9 financi\u00e8re internationale (SFI) et de l\u2019Agence multilat\u00e9rale de Garantie des Investissements (MIGA)\u2019\u2019.<\/p>\n\n\n\n<p>Elle a eu des \u00e9changes avec le ministre des Finances et du Budget de la R\u00e9publique de C\u00f4te d\u2019Ivoire, pr\u00e9sident du Conseil des ministres de l\u2019Union \u00e9conomique et mon\u00e9taire ouest africaine (UEMOA) ainsi que les ministres charg\u00e9s des finances de la R\u00e9publique islamique de Mauritanie et de la R\u00e9publique de Gambie.<\/p>\n\n\n\n<p>La d\u00e9l\u00e9gation a \u00e9t\u00e9 re\u00e7ue par le D\u00e9partement du Tr\u00e9sor et le D\u00e9partement d\u2019Etat am\u00e9ricain, le Millenium Challenge Corporation, l\u2019Agence am\u00e9ricaine de financement pour le d\u00e9veloppement international, le ministre britannique charg\u00e9 du D\u00e9veloppement international, le Tr\u00e9sor fran\u00e7ais et l\u2019Agence japonaise de coop\u00e9ration internationale.<\/p>\n\n\n\n<p>Elle a \u00e9galement eu une prise de contact avec la Banque africaine de d\u00e9veloppement, la Banque ouest africaine de d\u00e9veloppement et la Banque europ\u00e9enne pour la reconstruction et le d\u00e9veloppement.<\/p>\n\n\n\n<p>Les r\u00e9unions du FMI et de la BM rassemblent les investisseurs priv\u00e9s et l\u2019ensemble des organisations agissant dans le domaine du d\u00e9veloppement et de la coop\u00e9ration \u00e9conomique et financi\u00e8re.<\/p>\n","protected":false},"excerpt":{"rendered":"<p>(APS) \u2013 Le S\u00e9n\u00e9gal a mis \u00e0 profit les r\u00e9unions de Printemps 2024 du FMI et de la Banque mondiale<\/p>\n","protected":false},"author":1,"featured_media":35238,"comment_status":"open","ping_status":"open","sticky":false,"template":"","format":"standard","meta":{"footnotes":""},"categories":[3],"tags":[],"class_list":["post-35237","post","type-post","status-publish","format-standard","has-post-thumbnail","hentry","category-event-more-news"],"_links":{"self":[{"href":"https:\/\/dekkbi.com\/index.php?rest_route=\/wp\/v2\/posts\/35237","targetHints":{"allow":["GET"]}}],"collection":[{"href":"https:\/\/dekkbi.com\/index.php?rest_route=\/wp\/v2\/posts"}],"about":[{"href":"https:\/\/dekkbi.com\/index.php?rest_route=\/wp\/v2\/types\/post"}],"author":[{"embeddable":true,"href":"https:\/\/dekkbi.com\/index.php?rest_route=\/wp\/v2\/users\/1"}],"replies":[{"embeddable":true,"href":"https:\/\/dekkbi.com\/index.php?rest_route=%2Fwp%2Fv2%2Fcomments&post=35237"}],"version-history":[{"count":2,"href":"https:\/\/dekkbi.com\/index.php?rest_route=\/wp\/v2\/posts\/35237\/revisions"}],"predecessor-version":[{"id":35240,"href":"https:\/\/dekkbi.com\/index.php?rest_route=\/wp\/v2\/posts\/35237\/revisions\/35240"}],"wp:featuredmedia":[{"embeddable":true,"href":"https:\/\/dekkbi.com\/index.php?rest_route=\/wp\/v2\/media\/35238"}],"wp:attachment":[{"href":"https:\/\/dekkbi.com\/index.php?rest_route=%2Fwp%2Fv2%2Fmedia&parent=35237"}],"wp:term":[{"taxonomy":"category","embeddable":true,"href":"https:\/\/dekkbi.com\/index.php?rest_route=%2Fwp%2Fv2%2Fcategories&post=35237"},{"taxonomy":"post_tag","embeddable":true,"href":"https:\/\/dekkbi.com\/index.php?rest_route=%2Fwp%2Fv2%2Ftags&post=35237"}],"curies":[{"name":"wp","href":"https:\/\/api.w.org\/{rel}","templated":true}]}}