{"id":3523,"date":"2022-11-18T16:50:49","date_gmt":"2022-11-18T16:50:49","guid":{"rendered":"https:\/\/dekkbi.com\/?p=3523"},"modified":"2022-11-18T16:50:51","modified_gmt":"2022-11-18T16:50:51","slug":"presidentielle-de-2024-la-section-rewmi-de-mekhe-lexige-idrissa-seck-doit-etre-le-candidat-de-la-coalition","status":"publish","type":"post","link":"https:\/\/dekkbi.com\/?p=3523","title":{"rendered":"Pr\u00e9sidentielle de 2024, la section Rewmi de M\u00e9kh\u00e9 l\u2019exige : \u00abIdrissa Seck doit \u00eatre le candidat de la coalition\u00bb"},"content":{"rendered":"\n<p>L\u2019\u00e9lection pr\u00e9sidentielle de 2024 approche \u00e0 grands pas, mais la grande majorit\u00e9 pr\u00e9sidentielle n\u2019a pas encore officiellement d\u00e9clin\u00e9 l\u2019identit\u00e9 de son candidat. Mais pour le Rewmi de M\u00e9kh\u00e9, par la voix de son coordonnateur Moussa thiam, par ailleurs adjoint au maire, \u00ab le pr\u00e9sident Idrissa Seck doit \u00eatre le candidat de la coalition Bby\u00bb.<br>Malgr\u00e9 les nombreuses supputations qui entourent cette question, la majorit\u00e9 pr\u00e9sidentielle n\u2019a pas encore donn\u00e9 officiellement l\u2019identit\u00e9 de son candidat pour l\u2019\u00e9lection pr\u00e9sidentielle de 2024. Mais le Rewmi de M\u00e9kh\u00e9 n\u2019a pas attendu pour faire cas de sa proposition, informe L&rsquo;As.<\/p>\n\n\n\n<p>Pour Moussa Thiam, coordonnateur de Rewmi et adjoint au maire de M\u00e9kh\u00e9, Idrissa Seck a b\u00e2ti son compagnonnage avec la coalition Benno Bokk Yaakaar sur un socle de v\u00e9rit\u00e9 et d\u2019amour pour le pays, et c\u2019est pourquoi, pour consolider les acquis mis en place par le Pr\u00e9sident Macky Sall, il faut qu\u2019il soit le candidat de cette grande coalition \u00e0 l\u2019\u00e9lection pr\u00e9sidentielle de 2024. \u00abAinsi, le S\u00e9n\u00e9gal retrouvera un climat de paix et de s\u00e9r\u00e9nit\u00e9 propre \u00e0 lui permettre de franchir les pas n\u00e9cessaires vers l\u2019\u00e9mergence, dans un contexte de d\u00e9couverte de ressources naturelles importantes\u00bb. Evidemment, il est d\u2019avis que la d\u00e9cision revient au Pr\u00e9sident Macky Sall, mais il urge, \u00e0 ses yeux, d\u2019aller vite pour \u00e9viter tout d\u00e9rapage pr\u00e9judiciable \u00e0 la marche du pays vers le progr\u00e8s \u00e9conomique et social. Il souligne qu\u2019apr\u00e8s avoir longuement \u00e9chang\u00e9 avec des responsables, notables, jeunes, femmes du pays et de la diaspora, le S\u00e9n\u00e9gal est pollu\u00e9 par un bavardage inutile, sur fond de violence verbale, et qui fait courir beaucoup de risques. Indiquant que les attaques gratuites et personnelles se font de fa\u00e7on r\u00e9currente et \u00e0 un rythme effr\u00e9n\u00e9, Moussa Thiam trouve que ce ph\u00e9nom\u00e8ne est accentu\u00e9 par les r\u00e9seaux sociaux, dans un pays o\u00f9 r\u00e8gne traditionnellement une culture de paix, de concorde, de bon voisinage. \u00abUne telle situation pr\u00e9sente de graves risques. D\u2019o\u00f9 la n\u00e9cessit\u00e9 d\u2019une introspection collective pour remettre toutes les pendules \u00e0 l\u2019heure. L\u2019\u00e9volution du monde dans ce contexte difficile, marqu\u00e9 par des soubresauts de toutes sortes, recommande d\u00e9sormais que le choix des autorit\u00e9s politiques devant prendre les r\u00eanes du pays se fasse de fa\u00e7on judicieuse. Celui qui doit pr\u00e9sider aux destin\u00e9es du S\u00e9n\u00e9gal, dans le contexte actuel, doit \u00eatre dot\u00e9 de comp\u00e9tences av\u00e9r\u00e9es et il doit \u00eatre profond\u00e9ment ancr\u00e9 dans les valeurs de paix, pour pouvoir parachever le travail accompli par le Pr\u00e9sident Macky Sall. Dans ce cadre, les S\u00e9n\u00e9galais sont les t\u00e9moins de la dimension du pr\u00e9sident Idrissa Seck, qui est indiscutablement un homme \u00e9pris de paix, qui a une culture politique reconnue et toutes les comp\u00e9tences requises pour assumer cette charge\u00bb, a-t-il soulign\u00e9.<\/p>\n\n\n\n<p>A l\u2019en croire, Idrissa Seck est le seul leader politique actuel dont la famille politique n\u2019est jamais m\u00eal\u00e9e \u00e0 des histoires d\u2019insultes dans les r\u00e9seaux sociaux. C\u2019est parce qu\u2019il a cat\u00e9goriquement interdit \u00e0 tous ses responsables et militants de se livrer \u00e0 cet exercice ; et \u00e0 ceux qui m\u00e9disent sur lui, il oppose toujours un silence total. \u00abLe S\u00e9n\u00e9gal a besoin d\u2019un leader de cette trempe, car aucun pays ne peut d\u00e9coller dans quelque domaine que ce soit, sans un climat de paix et de concorde national\u00bb, affirme Moussa Thiam avant d\u2019ajouter : \u00abLes S\u00e9n\u00e9galais sont aujourd\u2019hui interpell\u00e9s sur la n\u00e9cessit\u00e9 de faire en sorte que ce qui s\u2019\u00e9tait pass\u00e9 en mars 2022 ne se r\u00e9p\u00e8te plus jamais dans ce pays. Mais malheureusement, c\u2019est une situation qui peut se reproduire. La m\u00e9moire collective se rappelle toujours les \u00e9v\u00e9nements de 2011, donc 2022 n\u2019a \u00e9t\u00e9 qu\u2019une r\u00e9p\u00e9tition de l\u2019histoire. Il est aussi \u00e9vident qu\u2019elle peut \u00eatre \u00e9vit\u00e9e et de ce point de vue, tous les acteurs politiques doivent s\u2019inscrire dans cette perspective. Il suffit d\u2019interroger l\u2019histoire politique r\u00e9cente du pays pour se rendre compte qu\u2019il faut chercher les causes dans la volont\u00e9 de vouloir co\u00fbte que co\u00fbte l\u2019impossible ou de le promettre\u00bb.<\/p>\n\n\n\n<p>Nd\u00e8ye Fatou K\u00e9b\u00e9<\/p>\n","protected":false},"excerpt":{"rendered":"<p>L\u2019\u00e9lection pr\u00e9sidentielle de 2024 approche \u00e0 grands pas, mais la grande majorit\u00e9 pr\u00e9sidentielle n\u2019a pas encore officiellement d\u00e9clin\u00e9 l\u2019identit\u00e9 de<\/p>\n","protected":false},"author":1,"featured_media":3524,"comment_status":"open","ping_status":"open","sticky":false,"template":"","format":"standard","meta":{"footnotes":""},"categories":[6],"tags":[],"class_list":["post-3523","post","type-post","status-publish","format-standard","has-post-thumbnail","hentry","category-politics"],"_links":{"self":[{"href":"https:\/\/dekkbi.com\/index.php?rest_route=\/wp\/v2\/posts\/3523","targetHints":{"allow":["GET"]}}],"collection":[{"href":"https:\/\/dekkbi.com\/index.php?rest_route=\/wp\/v2\/posts"}],"about":[{"href":"https:\/\/dekkbi.com\/index.php?rest_route=\/wp\/v2\/types\/post"}],"author":[{"embeddable":true,"href":"https:\/\/dekkbi.com\/index.php?rest_route=\/wp\/v2\/users\/1"}],"replies":[{"embeddable":true,"href":"https:\/\/dekkbi.com\/index.php?rest_route=%2Fwp%2Fv2%2Fcomments&post=3523"}],"version-history":[{"count":1,"href":"https:\/\/dekkbi.com\/index.php?rest_route=\/wp\/v2\/posts\/3523\/revisions"}],"predecessor-version":[{"id":3525,"href":"https:\/\/dekkbi.com\/index.php?rest_route=\/wp\/v2\/posts\/3523\/revisions\/3525"}],"wp:featuredmedia":[{"embeddable":true,"href":"https:\/\/dekkbi.com\/index.php?rest_route=\/wp\/v2\/media\/3524"}],"wp:attachment":[{"href":"https:\/\/dekkbi.com\/index.php?rest_route=%2Fwp%2Fv2%2Fmedia&parent=3523"}],"wp:term":[{"taxonomy":"category","embeddable":true,"href":"https:\/\/dekkbi.com\/index.php?rest_route=%2Fwp%2Fv2%2Fcategories&post=3523"},{"taxonomy":"post_tag","embeddable":true,"href":"https:\/\/dekkbi.com\/index.php?rest_route=%2Fwp%2Fv2%2Ftags&post=3523"}],"curies":[{"name":"wp","href":"https:\/\/api.w.org\/{rel}","templated":true}]}}