{"id":35228,"date":"2024-04-22T15:06:24","date_gmt":"2024-04-22T15:06:24","guid":{"rendered":"https:\/\/dekkbi.com\/?p=35228"},"modified":"2024-04-22T15:06:25","modified_gmt":"2024-04-22T15:06:25","slug":"benno-vs-coalition-diomaye-faye-des-ministres-de-macky-sall-veulent-sieger-a-lassemblee-nationale","status":"publish","type":"post","link":"https:\/\/dekkbi.com\/?p=35228","title":{"rendered":"Benno Vs Coalition Diomaye Faye: Des ministres de Macky Sall veulent si\u00e9ger \u00e0 l\u2019Assembl\u00e9e nationale"},"content":{"rendered":"\n<h3 class=\"wp-block-heading\">Une source proche du pouvoir d\u00e9chu annonce que des ministres de Macky Sall, \u00e9lus d\u00e9put\u00e9s, veulent si\u00e9ger au Parlement. Cette perspective est presque un s\u00e9isme au regard du \u00ab drame \u00bb qu\u2019il provoque. Dans l\u2019imm\u00e9diat, ces \u00ab revenants \u00bb pourraient se pr\u00e9valoir de l\u2019immunit\u00e9 parlementaire ou en d\u00e9coudre avec le Premier ministre Ousmane Sonko.<\/h3>\n\n\n\n<p>Un vrai s\u00e9isme risque de secouer l\u2019Assembl\u00e9e nationale. Une source proche de l\u2019ex-majorit\u00e9 pr\u00e9sidentielle d\u00e9chue, annonce que d\u2019anciens ministres de Macky Sall veulent si\u00e9ger au Parlement. Ces ministres seraient sur le point d\u2019\u00e9crire au pr\u00e9sident de l\u2019Assembl\u00e9e nationale pour annoncer leur volont\u00e9 de devenir parlementaires. Dor\u00e9navant, tout d\u00e9put\u00e9 nomm\u00e9 ministre, pourra retrouver automatiquement son si\u00e8ge \u00e0 l\u2019h\u00e9micycle, s\u2019il n\u2019exerce plus de charge minist\u00e9rielle.<\/p>\n\n\n\n<p>Ces ex-ministres de Macky Sall entendent jouir pleinement des dispositions des articles 55 et 56 r\u00e9vis\u00e9s de la Constitution du 22 janvier 2001. Ces lois donnent, en effet, la possibilit\u00e9 au ministre \u00e9lu d\u00e9put\u00e9, de retrouver son si\u00e8ge apr\u00e8s cessation de ses fonctions de ministre. Une loi qui ruine l\u2019incompatibilit\u00e9 entre la fonction minist\u00e9rielle et le mandat parlementaire. Ce faisant, le l\u00e9gislateur donne la primaut\u00e9 du m\u00e9rite au d\u00e9put\u00e9 \u00e9lu, devenu ministre. Si la volont\u00e9 pr\u00eat\u00e9e \u00e0 ces ex-ministres est av\u00e9r\u00e9e, leur retour au Parlement va, \u00e0 coup s\u00fbr, provoquer un \u00ab drame \u00bb social dans certaines familles de suppl\u00e9ants.<\/p>\n\n\n\n<p>Le statut avec ses avantages comme le v\u00e9hicule et le traitement salarial, les passeports diplomatiques et l\u2019immunit\u00e9 parlementaire, sont d\u2019un coup, perdus. Une telle situation ne manquera, sans doute, pas de secouer le parti qui a besoin, pour se remettre de la d\u00e9convenue du 24 mars dernier, d\u2019une sorte d\u2019union sacr\u00e9e. A en croire la m\u00eame source, ce retour au Parlement est motiv\u00e9 par deux raisons possibles. Des revenants cherchent \u00e0 se parer de l\u2019immunit\u00e9 parlementaire, en raison des audits annonc\u00e9s et de la publication des rapports des corps de contr\u00f4le. En cas de poursuite judiciaire, le ministre en cause devenu d\u00e9put\u00e9,, peut se pr\u00e9valoir d\u2019un premier barrage que constitue son immunit\u00e9 parlementaire.<\/p>\n\n\n\n<p>Une deuxi\u00e8me hypoth\u00e8se expliquant la volont\u00e9 de revenir au Parlement des ex ministres est agit\u00e9e. Notre source pr\u00e9tend que les ex-membres du gouvernement de Macky Sall qui veulent si\u00e9ger \u00e0 l\u2019Assembl\u00e9e nationale, veulent en d\u00e9coudre avec le Premier ministre Ousmane Sonko. Ce dernier est, en effet, attendu \u00e0 l\u2019h\u00e9micycle, dans les tout prochains jours, pour sa d\u00e9claration de politique g\u00e9n\u00e9rale. Ce premier face-\u00e0-face avec la nouvelle opposition incarn\u00e9e notamment par Benno Bokk Yakaar, devrait \u00eatre le th\u00e9\u00e2tre de chaudes empoignades.<\/p>\n\n\n\n<p>D&rsquo;apr\u00e8s le journal \u00ab\u00a0Point Actu\u00a0\u00bb, des mauvaises langues vont jusqu\u2019\u00e0 pr\u00e9dire un \u00e9ventuel vote d\u2019une motion de censure. Benno Bokk Yakaar disposant d\u2019une majorit\u00e9 \u00e9triqu\u00e9e (83 d\u00e9put\u00e9s sur 165), pourrait, s\u2019il fait bloc et b\u00e9n\u00e9ficie du soutien des d\u00e9put\u00e9s de Taxawu S\u00e9n\u00e9gal ou de Wallu S\u00e9n\u00e9gal, faire tomber le gouvernement dirig\u00e9 par Ousmane Sonko.<\/p>\n\n\n\n<p>Ousmane Wade<\/p>\n","protected":false},"excerpt":{"rendered":"<p>Une source proche du pouvoir d\u00e9chu annonce que des ministres de Macky Sall, \u00e9lus d\u00e9put\u00e9s, veulent si\u00e9ger au Parlement. Cette<\/p>\n","protected":false},"author":1,"featured_media":35229,"comment_status":"open","ping_status":"open","sticky":false,"template":"","format":"standard","meta":{"footnotes":""},"categories":[6],"tags":[],"class_list":["post-35228","post","type-post","status-publish","format-standard","has-post-thumbnail","hentry","category-politics"],"_links":{"self":[{"href":"https:\/\/dekkbi.com\/index.php?rest_route=\/wp\/v2\/posts\/35228","targetHints":{"allow":["GET"]}}],"collection":[{"href":"https:\/\/dekkbi.com\/index.php?rest_route=\/wp\/v2\/posts"}],"about":[{"href":"https:\/\/dekkbi.com\/index.php?rest_route=\/wp\/v2\/types\/post"}],"author":[{"embeddable":true,"href":"https:\/\/dekkbi.com\/index.php?rest_route=\/wp\/v2\/users\/1"}],"replies":[{"embeddable":true,"href":"https:\/\/dekkbi.com\/index.php?rest_route=%2Fwp%2Fv2%2Fcomments&post=35228"}],"version-history":[{"count":1,"href":"https:\/\/dekkbi.com\/index.php?rest_route=\/wp\/v2\/posts\/35228\/revisions"}],"predecessor-version":[{"id":35230,"href":"https:\/\/dekkbi.com\/index.php?rest_route=\/wp\/v2\/posts\/35228\/revisions\/35230"}],"wp:featuredmedia":[{"embeddable":true,"href":"https:\/\/dekkbi.com\/index.php?rest_route=\/wp\/v2\/media\/35229"}],"wp:attachment":[{"href":"https:\/\/dekkbi.com\/index.php?rest_route=%2Fwp%2Fv2%2Fmedia&parent=35228"}],"wp:term":[{"taxonomy":"category","embeddable":true,"href":"https:\/\/dekkbi.com\/index.php?rest_route=%2Fwp%2Fv2%2Fcategories&post=35228"},{"taxonomy":"post_tag","embeddable":true,"href":"https:\/\/dekkbi.com\/index.php?rest_route=%2Fwp%2Fv2%2Ftags&post=35228"}],"curies":[{"name":"wp","href":"https:\/\/api.w.org\/{rel}","templated":true}]}}