{"id":35196,"date":"2024-04-22T09:44:28","date_gmt":"2024-04-22T09:44:28","guid":{"rendered":"https:\/\/dekkbi.com\/?p=35196"},"modified":"2024-04-22T09:44:29","modified_gmt":"2024-04-22T09:44:29","slug":"bassirou-diomaye-faye-compte-sur-les-religieux-pour-perpetuer-lexception-senegalaise-ministre","status":"publish","type":"post","link":"https:\/\/dekkbi.com\/?p=35196","title":{"rendered":"Bassirou Diomaye Faye compte sur les religieux, pour perp\u00e9tuer l\u2019\u201cexception s\u00e9n\u00e9galaise\u201c (ministre)"},"content":{"rendered":"\n<p>Tivaouane,  (APS) \u2013 Le ministre des Infrastructures, des Transports terrestres et des Transports a\u00e9riens, Malick Ndiaye, a indiqu\u00e9, dimanche \u00e0 Tivaouane, que le pr\u00e9sident de la R\u00e9publique Bassirou Diomaye Faye compte sur les chefs\u00a0 religieux, pour continuer \u00e0 \u00a0faire rayonner l\u2019\u201cexception s\u00e9n\u00e9galaise\u201c, tant vant\u00e9e ces derni\u00e8res semaines dans le monde.<\/p>\n\n\n\n<p>Malick Ndiaye qui repr\u00e9sentait le gouvernement, en compagnie de son coll\u00e8gue Cheikh Tidiane Di\u00e8ye, ministre de l\u2019Hydraulique et de l\u2019Assainissement et de Ousseynou Ly, charg\u00e9 de la communication digitale \u00e0 la pr\u00e9sidence, a d\u00e9clin\u00e9 cette pr\u00e9occupation du chef de l\u2019\u00c9tat,&nbsp; lors de la c\u00e9r\u00e9monie&nbsp; officielle de la 94-\u00e8me \u00e9dition de la&nbsp; Ziarra g\u00e9n\u00e9rale de Tivaouane.<\/p>\n\n\n\n<p>Il a indiqu\u00e9 que le chef de l\u2019\u00c9tat entend \u201caccompagner les religions du S\u00e9n\u00e9gal\u201d, \u00e0 travers une direction des cultes et des affaires religieuses.<\/p>\n\n\n\n<p>\u201cLe chef de l\u2019\u00c9tat Bassirou Diomaye Faye est conscient que les hommes religieux des diff\u00e9rentes croyances assurent, \u00e0 c\u00f4t\u00e9 du pouvoir temporel, le socle et la stabilit\u00e9 du S\u00e9n\u00e9gal\u201d, a poursuivi l\u2019officiel.<\/p>\n\n\n\n<p>\u201cDans notre pays, l\u2019 intelligente relation entre le spirituel et le temporel conforte l\u2019exception s\u00e9n\u00e9galaise\u201d, a dit Malick Ndiaye, qui dirigeait a d\u00e9l\u00e9gation gouvernementale \u00e0 Tivaouane.<\/p>\n\n\n\n<p>Selon M. Ndiaye, les cinq recommandations&nbsp; de Serigne Babacar Sy, initiateur de la Ziarra g\u00e9n\u00e9rale, \u00e9taient : \u201csunu diin\u201d&nbsp; (la foi en Allah et son proph\u00e8te) , \u201csunu tarikha\u201d (attachement \u00e0 la confr\u00e9rie), \u201csunu m\u00e9tier\u201d (\u00e9loge du travail pour pr\u00e9server sa dignit\u00e9\u201d, \u201csunu dahir\u201d\u201c (\u00e9ducation religieuse par la solidarit\u00e9 dans le culte) et \u201csunu yoonu Tivaouane\u201d (l\u2019attachement \u00e0 Tivaouane).<\/p>\n\n\n\n<p>Des exhortations qui&nbsp; recoupent, selon lui, la substance du triptyque du \u201cJub, Jubb\u00ebl, Jubbanti\u201d (int\u00e9grit\u00e9, bonne conduite et redressement), cher au chef de l\u2019\u00c9tat Bassirou Diomaye Faye.<\/p>\n\n\n\n<p>Serigne Mansour Sy Dabakh Tivaouane, qui repr\u00e9sentait le khalife g\u00e9n\u00e9ral&nbsp; des Tidianes, a relev\u00e9 que le pr\u00e9sident de la R\u00e9publique Bassirou Diomaye Faye et le Premier ministre Ousmane Sonko ont donn\u00e9, il y a quelques semaines, une \u201cv\u00e9ritable le\u00e7on de fraternit\u00e9 entre les membres d\u2019un seul groupe et d\u2019une seule famille\u201d.<\/p>\n\n\n\n<p>Il a&nbsp; demand\u00e9 aux S\u00e9n\u00e9galais&nbsp; de faire confiance aux nouvelles autorit\u00e9s et de&nbsp; prier pour elles.<\/p>\n\n\n\n<p>\u201cComme Papa&nbsp; Mactar Keb\u00e9 l\u2019a dit tout \u00e0 l\u2019heure, les Dahiras doivent \u00eatre des groupes de r\u00e9flexion, sans esprit politicien mais aussi et surtout des entit\u00e9s l\u00e9gales, loyales et patriotes\u201d, a-t-il ajout\u00e9.<\/p>\n\n\n\n<p>Serigne Mansour Sy Dabakh qui d\u00e9livrait le message du Khalife g\u00e9n\u00e9ral des Tidianes Serigne Babacar Sy&nbsp; Mansour, a pr\u00e9cis\u00e9 qu\u2019il milite pour des \u201cr\u00e9formes progressives\u201d.<\/p>\n\n\n\n<p>MKB\/ADI\/ASG<\/p>\n","protected":false},"excerpt":{"rendered":"<p>Tivaouane, (APS) \u2013 Le ministre des Infrastructures, des Transports terrestres et des Transports a\u00e9riens, Malick Ndiaye, a indiqu\u00e9, dimanche \u00e0<\/p>\n","protected":false},"author":1,"featured_media":35197,"comment_status":"open","ping_status":"open","sticky":false,"template":"","format":"standard","meta":{"footnotes":""},"categories":[6],"tags":[],"class_list":["post-35196","post","type-post","status-publish","format-standard","has-post-thumbnail","hentry","category-politics"],"_links":{"self":[{"href":"https:\/\/dekkbi.com\/index.php?rest_route=\/wp\/v2\/posts\/35196","targetHints":{"allow":["GET"]}}],"collection":[{"href":"https:\/\/dekkbi.com\/index.php?rest_route=\/wp\/v2\/posts"}],"about":[{"href":"https:\/\/dekkbi.com\/index.php?rest_route=\/wp\/v2\/types\/post"}],"author":[{"embeddable":true,"href":"https:\/\/dekkbi.com\/index.php?rest_route=\/wp\/v2\/users\/1"}],"replies":[{"embeddable":true,"href":"https:\/\/dekkbi.com\/index.php?rest_route=%2Fwp%2Fv2%2Fcomments&post=35196"}],"version-history":[{"count":1,"href":"https:\/\/dekkbi.com\/index.php?rest_route=\/wp\/v2\/posts\/35196\/revisions"}],"predecessor-version":[{"id":35198,"href":"https:\/\/dekkbi.com\/index.php?rest_route=\/wp\/v2\/posts\/35196\/revisions\/35198"}],"wp:featuredmedia":[{"embeddable":true,"href":"https:\/\/dekkbi.com\/index.php?rest_route=\/wp\/v2\/media\/35197"}],"wp:attachment":[{"href":"https:\/\/dekkbi.com\/index.php?rest_route=%2Fwp%2Fv2%2Fmedia&parent=35196"}],"wp:term":[{"taxonomy":"category","embeddable":true,"href":"https:\/\/dekkbi.com\/index.php?rest_route=%2Fwp%2Fv2%2Fcategories&post=35196"},{"taxonomy":"post_tag","embeddable":true,"href":"https:\/\/dekkbi.com\/index.php?rest_route=%2Fwp%2Fv2%2Ftags&post=35196"}],"curies":[{"name":"wp","href":"https:\/\/api.w.org\/{rel}","templated":true}]}}