{"id":35128,"date":"2024-04-21T11:09:04","date_gmt":"2024-04-21T11:09:04","guid":{"rendered":"https:\/\/dekkbi.com\/?p=35128"},"modified":"2024-04-21T12:01:18","modified_gmt":"2024-04-21T12:01:18","slug":"diourbel-un-officiel-appelle-les-maitres-coranique-a-souvrir-davantage-a-letat","status":"publish","type":"post","link":"https:\/\/dekkbi.com\/?p=35128","title":{"rendered":"Diourbel : un officiel appelle les ma\u00eetres coranique \u00e0 s\u2019ouvrir davantage \u00e0 l\u2019\u00c9tat"},"content":{"rendered":"\n<p>Diourbel, (APS) \u2013 Le directeur de la promotion des droits et de la protection des enfants, Ma\u00eetre Ibrahima Gu\u00e8ye, a invit\u00e9 samedi les ma\u00eetres coranique \u00e0 s\u2019ouvrir davantage aux pouvoirs publics pour une meilleure prise en charge des pr\u00e9occupations des \u201cdaaras\u201d (\u00e9cole coranique).\u201c<\/p>\n\n\n\n<p>La recommandation forte que je voulais faire aujourd\u2019hui, c\u2019est de demander aux ma\u00eetres coranique de s\u2019ouvrir davantage \u00e0 l\u2019\u00c9tat, parce que j\u2019ai comme l\u2019impression qu\u2019ils pensent que les pouvoirs publics sont contre les daaras, alors que tel n\u2019est pas le cas\u201d, a-t-il notamment d\u00e9clar\u00e9.<\/p>\n\n\n\n<p>S\u2019exprimant \u00e0 l\u2019occasion de la journ\u00e9e du talib\u00e9 organis\u00e9e par les \u201cnd\u00e9you daara\u201d (marraine \u00e9cole coranique), en pr\u00e9sence du maire de Diourbel, et de l\u2019adjoint au pr\u00e9fet du d\u00e9partement \u00e9ponyme, il a demand\u00e9 aux ma\u00eetres coranique d\u2019\u00eatre beaucoup plus ouverts et dispos\u00e9s \u00e0 aller vers l\u2019\u00c9tat pour recueillir la bonne information.<\/p>\n\n\n\n<p>L\u2019\u00c9tat est l\u00e0 pour prot\u00e9ger les droits de tout un chacun, sans exception aucune, a-t-il rassur\u00e9, soulignant que les autorit\u00e9s sont en phase avec les pr\u00e9occupations des ma\u00eetres coraniques. Selon lui, la cr\u00e9ation de la Direction des affaires religieuses en est une parfaite illustration.<\/p>\n\n\n\n<p>Le directeur de la promotion des droits et de la protection des enfants a salu\u00e9 par la m\u00eame occasion le r\u00f4le des \u201dnd\u00e9you daara\u201d, des ONG et de l\u2019\u00c9tat dans la prise en charge des talib\u00e9s.M. Gu\u00e8ye a rappel\u00e9 l\u2019urgence d\u2019avoir une cartographie des \u00e9coles coraniques pour optimiser les interventions de l\u2019\u00c9tat et faciliter la capacitation des ma\u00eetres coranique.<\/p>\n\n\n\n<p>Il a annonc\u00e9 l\u2019\u00e9valuation du programme de retrait et de r\u00e9insertion des enfants de la rue, ainsi que la mise en \u0153uvre d\u2019un nouveau plan d\u2019action pour mieux accompagner les ma\u00eetres coranique et les \u201dnd\u00e9you daara\u201d.<\/p>\n\n\n\n<p><\/p>\n","protected":false},"excerpt":{"rendered":"<p>Diourbel, (APS) \u2013 Le directeur de la promotion des droits et de la protection des enfants, Ma\u00eetre Ibrahima Gu\u00e8ye, a<\/p>\n","protected":false},"author":1,"featured_media":35129,"comment_status":"open","ping_status":"open","sticky":false,"template":"","format":"standard","meta":{"footnotes":""},"categories":[21],"tags":[],"class_list":["post-35128","post","type-post","status-publish","format-standard","has-post-thumbnail","hentry","category-societe"],"_links":{"self":[{"href":"https:\/\/dekkbi.com\/index.php?rest_route=\/wp\/v2\/posts\/35128","targetHints":{"allow":["GET"]}}],"collection":[{"href":"https:\/\/dekkbi.com\/index.php?rest_route=\/wp\/v2\/posts"}],"about":[{"href":"https:\/\/dekkbi.com\/index.php?rest_route=\/wp\/v2\/types\/post"}],"author":[{"embeddable":true,"href":"https:\/\/dekkbi.com\/index.php?rest_route=\/wp\/v2\/users\/1"}],"replies":[{"embeddable":true,"href":"https:\/\/dekkbi.com\/index.php?rest_route=%2Fwp%2Fv2%2Fcomments&post=35128"}],"version-history":[{"count":1,"href":"https:\/\/dekkbi.com\/index.php?rest_route=\/wp\/v2\/posts\/35128\/revisions"}],"predecessor-version":[{"id":35130,"href":"https:\/\/dekkbi.com\/index.php?rest_route=\/wp\/v2\/posts\/35128\/revisions\/35130"}],"wp:featuredmedia":[{"embeddable":true,"href":"https:\/\/dekkbi.com\/index.php?rest_route=\/wp\/v2\/media\/35129"}],"wp:attachment":[{"href":"https:\/\/dekkbi.com\/index.php?rest_route=%2Fwp%2Fv2%2Fmedia&parent=35128"}],"wp:term":[{"taxonomy":"category","embeddable":true,"href":"https:\/\/dekkbi.com\/index.php?rest_route=%2Fwp%2Fv2%2Fcategories&post=35128"},{"taxonomy":"post_tag","embeddable":true,"href":"https:\/\/dekkbi.com\/index.php?rest_route=%2Fwp%2Fv2%2Ftags&post=35128"}],"curies":[{"name":"wp","href":"https:\/\/api.w.org\/{rel}","templated":true}]}}