{"id":35089,"date":"2024-04-20T11:54:16","date_gmt":"2024-04-20T11:54:16","guid":{"rendered":"https:\/\/dekkbi.com\/?p=35089"},"modified":"2024-04-20T11:54:17","modified_gmt":"2024-04-20T11:54:17","slug":"irak-nombreuses-interrogations-apres-une-explosion-meurtriere-sur-une-base-militaire","status":"publish","type":"post","link":"https:\/\/dekkbi.com\/?p=35089","title":{"rendered":"Irak: nombreuses interrogations apr\u00e8s une \u00abexplosion\u00bb meurtri\u00e8re sur une base militaire"},"content":{"rendered":"\n<p>Dans le centre de l\u2019Irak, une importante explosion a d\u00e9truit dans la nuit du 19 au 20 avril une partie d\u2019une base militaire abritant des forces irakiennes proche de l\u2019Iran. Dans le contexte de tensions qui agitent la r\u00e9gion, on s\u2019interroge sur l\u2019origine de l\u2019incident qui a fait un mort et huit bless\u00e9s.<\/p>\n\n\n\n<p>Ce samedi matin, il reste un crat\u00e8re de 5m de profondeur et de 10m de large, rapporte notre correspondante \u00e0 Erbil, en Irak, Marie-Charlotte Roupie. Et pour l\u2019heure aucune explication. Kalsu est une base militaire dans la province de Babylone, au sud de Bagdad. S\u2019y trouve un quartier g\u00e9n\u00e9ral militaire et les Forces de mobilisation populaires, Hachd al-Chaabi, anciennes factions paramilitaires proches de l\u2019Iran, aujourd\u2019hui parties int\u00e9grantes de l\u2019arm\u00e9e.<\/p>\n\n\n\n<p>La base a-t-elle \u00e9t\u00e9 cibl\u00e9e par un drone, des missiles ? <\/p>\n\n\n\n<p>Tir\u00e9s par qui ? Rapidement apr\u00e8s l\u2019explosion, des liens sont faits entre celle-ci et les tensions entre l\u2019Iran et Isra\u00ebl. Et l\u2019arm\u00e9e am\u00e9ricaine a d\u00e9j\u00e0 pris cette zone pour cible il y a quelques mois, en repr\u00e9sailles aux attaques de ses bases par des factions arm\u00e9es irakiennes. Mais cette fois, les \u00c9tats-Unis nient tout lien avec une quelconque attaque.<\/p>\n\n\n\n<p> Interrog\u00e9e par l&rsquo;AFP, l&rsquo;arm\u00e9e isra\u00e9lienne a de son c\u00f4t\u00e9 assur\u00e9 \u00ab ne pas commenter les informations parues dans les m\u00e9dias \u00e9trangers \u00bb.S&rsquo;exprimant sous le couvert de l&rsquo;anonymat \u00e0 l\u2019AFP, un responsable au minist\u00e8re de l&rsquo;Int\u00e9rieur irakien assurait que la frappe avait cibl\u00e9 la Direction des v\u00e9hicules blind\u00e9s du Hachd al-Chaabi.<\/p>\n\n\n\n<p> Le Hachd al-Chaabi rassemble plusieurs factions arm\u00e9es pro-Iran qui ont par ailleurs men\u00e9, pour certaines, des dizaines d&rsquo;attaques en Irak et en Syrie contre les soldats am\u00e9ricains d\u00e9ploy\u00e9s dans le cadre d&rsquo;une coalition internationale antijihadistes.<\/p>\n\n\n\n<p>\u00ab Nous riposterons \u00e0 quiconque se trouve derri\u00e8re cette agression \u00bb, a mis en garde Abou Alaa al-Wala\u00ef, secr\u00e9taire-g\u00e9n\u00e9ral des Brigades Sayyed al-Chouhada, une des factions qui fait partie du Hachd. \u00ab Ceux qui sont impliqu\u00e9s dans ce crime odieux en paieront le prix \u00bb, a-t-il martel\u00e9 dans un communiqu\u00e9 publi\u00e9 sur son compte X.<\/p>\n\n\n\n<p>Un contexte r\u00e9gional explosif<\/p>\n\n\n\n<p>Dans un communiqu\u00e9, les forces de s\u00e9curit\u00e9 irakiennes affirment ce samedi qu\u2019aucune activit\u00e9 a\u00e9rienne n\u2019a \u00e9t\u00e9 enregistr\u00e9e au-dessus de la base au moment de l\u2019explosion. S\u2019agirait-il alors d\u2019un accident ? Une enqu\u00eate a \u00e9t\u00e9 ouverte pour tenter de r\u00e9pondre \u00e0 toutes ces questions.<\/p>\n\n\n\n<p>Cet incident s\u00e9curitaire en Irak intervient \u00e0 un moment o\u00f9 les efforts diplomatiques se poursuivent pour \u00e9viter un embrasement du Moyen-Orient, sur fond de guerre \u00e0 Gaza et de tensions raviv\u00e9es entre Isra\u00ebl et l&rsquo;Iran. Vendredi avant l&rsquo;aube, des frappes de drones avaient ainsi vis\u00e9 les environs d&rsquo;une base militaire dans la r\u00e9gion d&rsquo;Ispahan dans le centre de l&rsquo;Iran. <\/p>\n\n\n\n<p>L&rsquo;attaque a \u00e9t\u00e9 imput\u00e9e \u00e0 Isra\u00ebl qui, toutefois, ne l&rsquo;a pas revendiqu\u00e9e. La diplomatie irakienne a exprim\u00e9 vendredi soir sa \u00ab forte inqui\u00e9tude \u00bb concernant l&rsquo;attaque \u00e0 Ispahan et \u00ab mis en garde contre les risques de l&rsquo;escalade militaire qui menace la s\u00e9curit\u00e9 et la stabilit\u00e9 dans la r\u00e9gion \u00bb. \u00ab Cette escalade ne doit pas d\u00e9tourner l&rsquo;attention de ce qui se passe dans la bande de Gaza, les destructions et les pertes de vie innocentes \u00bb, a-t-elle fait valoir.<\/p>\n","protected":false},"excerpt":{"rendered":"<p>Dans le centre de l\u2019Irak, une importante explosion a d\u00e9truit dans la nuit du 19 au 20 avril une partie<\/p>\n","protected":false},"author":1,"featured_media":35090,"comment_status":"open","ping_status":"open","sticky":false,"template":"","format":"standard","meta":{"footnotes":""},"categories":[51],"tags":[],"class_list":["post-35089","post","type-post","status-publish","format-standard","has-post-thumbnail","hentry","category-general"],"_links":{"self":[{"href":"https:\/\/dekkbi.com\/index.php?rest_route=\/wp\/v2\/posts\/35089","targetHints":{"allow":["GET"]}}],"collection":[{"href":"https:\/\/dekkbi.com\/index.php?rest_route=\/wp\/v2\/posts"}],"about":[{"href":"https:\/\/dekkbi.com\/index.php?rest_route=\/wp\/v2\/types\/post"}],"author":[{"embeddable":true,"href":"https:\/\/dekkbi.com\/index.php?rest_route=\/wp\/v2\/users\/1"}],"replies":[{"embeddable":true,"href":"https:\/\/dekkbi.com\/index.php?rest_route=%2Fwp%2Fv2%2Fcomments&post=35089"}],"version-history":[{"count":1,"href":"https:\/\/dekkbi.com\/index.php?rest_route=\/wp\/v2\/posts\/35089\/revisions"}],"predecessor-version":[{"id":35091,"href":"https:\/\/dekkbi.com\/index.php?rest_route=\/wp\/v2\/posts\/35089\/revisions\/35091"}],"wp:featuredmedia":[{"embeddable":true,"href":"https:\/\/dekkbi.com\/index.php?rest_route=\/wp\/v2\/media\/35090"}],"wp:attachment":[{"href":"https:\/\/dekkbi.com\/index.php?rest_route=%2Fwp%2Fv2%2Fmedia&parent=35089"}],"wp:term":[{"taxonomy":"category","embeddable":true,"href":"https:\/\/dekkbi.com\/index.php?rest_route=%2Fwp%2Fv2%2Fcategories&post=35089"},{"taxonomy":"post_tag","embeddable":true,"href":"https:\/\/dekkbi.com\/index.php?rest_route=%2Fwp%2Fv2%2Ftags&post=35089"}],"curies":[{"name":"wp","href":"https:\/\/api.w.org\/{rel}","templated":true}]}}