{"id":35076,"date":"2024-04-20T11:24:18","date_gmt":"2024-04-20T11:24:18","guid":{"rendered":"https:\/\/dekkbi.com\/?p=35076"},"modified":"2024-04-20T11:24:18","modified_gmt":"2024-04-20T11:24:18","slug":"plaidoyer-pour-que-le-26-septembre-soit-declare-jour-ferie","status":"publish","type":"post","link":"https:\/\/dekkbi.com\/?p=35076","title":{"rendered":"Plaidoyer pour que le 26 septembre soit d\u00e9clar\u00e9 jour f\u00e9ri\u00e9"},"content":{"rendered":"\n<p>Dakar, (APS) \u2013 Le deuxi\u00e8me vice-pr\u00e9sident de l\u2019association nationale des familles des victimes et rescap\u00e9s du naufrage du bateau le \u2018\u2019Joola\u2019\u2019, Cheikhna Ke\u00efta, a plaid\u00e9, vendredi, pour que le 26 septembre soit d\u00e9clar\u00e9, jour f\u00e9ri\u00e9 au S\u00e9n\u00e9gal.\u201d<\/p>\n\n\n\n<p>Le 11 septembre aux Etats-Unis est un jour f\u00e9ri\u00e9, mais ici chaque ann\u00e9e nous faisons comme si de rien n\u2019\u00e9tait, nous demandons que ce jour-l\u00e0 soit d\u00e9clar\u00e9, un jour f\u00e9ri\u00e9. C\u2019est important que l\u2019on puisse le porter. Nous demandons \u00e0 l\u2019Etat du S\u00e9n\u00e9gal de le faire\u201d, a-t-il d\u00e9clar\u00e9 lors d\u2019un point de presse en pr\u00e9sence de plusieurs membres des familles des victimes du bateau le \u201dJoola\u201d.<\/p>\n\n\n\n<p>M. Keita a par ailleurs indiqu\u00e9 que leur association veut mettre en place une fondation, demandant \u00e0 ce que les 6 milliards de francs CFA  restant de l\u2019indemnisation des familles, soient revers\u00e9s \u00e0 la fondation pour aider les familles des victimes.\u201dNous demandons aussi \u00e0 penser aux membres de l\u2019association, s\u2019il y a  des postes \u00e0 pourvoir au  M\u00e9morial mus\u00e9e le bateau le Joola\u201d\u2019, a-t-il fait-valoir.<\/p>\n\n\n\n<p>Malang Badji, pr\u00e9sident de l\u2019association des rescap\u00e9s du bateau \u201dle Joola\u201d, a, annonc\u00e9 la tenue prochaine d\u2019une assembl\u00e9e g\u00e9n\u00e9rale de l\u2019Association nationale des familles de victimes et des rescap\u00e9s.<\/p>\n\n\n\n<p>Le bateau le \u201dJoola\u201d assurant la liaison maritime entre Dakar et Ziguinchor, a fait naufrage, le 26 septembre 2002 aux larges des c\u00f4tes gambiennes, faisant pr\u00e8s de 2000 victimes, dont 64 survivants, selon un bilan officiel.<\/p>\n\n\n\n<p>AMN\/ASB\/AB <\/p>\n","protected":false},"excerpt":{"rendered":"<p>Dakar, (APS) \u2013 Le deuxi\u00e8me vice-pr\u00e9sident de l\u2019association nationale des familles des victimes et rescap\u00e9s du naufrage du bateau le<\/p>\n","protected":false},"author":1,"featured_media":35077,"comment_status":"open","ping_status":"open","sticky":false,"template":"","format":"standard","meta":{"footnotes":""},"categories":[26],"tags":[],"class_list":["post-35076","post","type-post","status-publish","format-standard","has-post-thumbnail","hentry","category-fait-divers"],"_links":{"self":[{"href":"https:\/\/dekkbi.com\/index.php?rest_route=\/wp\/v2\/posts\/35076","targetHints":{"allow":["GET"]}}],"collection":[{"href":"https:\/\/dekkbi.com\/index.php?rest_route=\/wp\/v2\/posts"}],"about":[{"href":"https:\/\/dekkbi.com\/index.php?rest_route=\/wp\/v2\/types\/post"}],"author":[{"embeddable":true,"href":"https:\/\/dekkbi.com\/index.php?rest_route=\/wp\/v2\/users\/1"}],"replies":[{"embeddable":true,"href":"https:\/\/dekkbi.com\/index.php?rest_route=%2Fwp%2Fv2%2Fcomments&post=35076"}],"version-history":[{"count":1,"href":"https:\/\/dekkbi.com\/index.php?rest_route=\/wp\/v2\/posts\/35076\/revisions"}],"predecessor-version":[{"id":35078,"href":"https:\/\/dekkbi.com\/index.php?rest_route=\/wp\/v2\/posts\/35076\/revisions\/35078"}],"wp:featuredmedia":[{"embeddable":true,"href":"https:\/\/dekkbi.com\/index.php?rest_route=\/wp\/v2\/media\/35077"}],"wp:attachment":[{"href":"https:\/\/dekkbi.com\/index.php?rest_route=%2Fwp%2Fv2%2Fmedia&parent=35076"}],"wp:term":[{"taxonomy":"category","embeddable":true,"href":"https:\/\/dekkbi.com\/index.php?rest_route=%2Fwp%2Fv2%2Fcategories&post=35076"},{"taxonomy":"post_tag","embeddable":true,"href":"https:\/\/dekkbi.com\/index.php?rest_route=%2Fwp%2Fv2%2Ftags&post=35076"}],"curies":[{"name":"wp","href":"https:\/\/api.w.org\/{rel}","templated":true}]}}