{"id":35001,"date":"2024-04-18T13:19:01","date_gmt":"2024-04-18T13:19:01","guid":{"rendered":"https:\/\/dekkbi.com\/?p=35001"},"modified":"2024-04-18T13:19:02","modified_gmt":"2024-04-18T13:19:02","slug":"le-communique-du-conseil-des-ministres-du-17-avril-2024","status":"publish","type":"post","link":"https:\/\/dekkbi.com\/?p=35001","title":{"rendered":"\u00a0Le communiqu\u00e9 du conseil des ministres du 17 avril 2024"},"content":{"rendered":"\n<p>Dakar,  (APS) \u2013 Le Conseil des ministres s\u2019est tenu ce mercredi 17 avril 2024 au Palais de la R\u00e9publique, sous la pr\u00e9sidence du Chef de l\u2019Etat, Son Excellence, Monsieur Bassirou Diomaye Diakhar FAYE.<\/p>\n\n\n\n<p>A l\u2019entame de sa communication, le Pr\u00e9sident de la R\u00e9publique a adress\u00e9 ses sinc\u00e8res remerciements au Khalife g\u00e9n\u00e9ral des Mourides, Serigne Mountakha Bassirou MBACKE et au Khalife g\u00e9n\u00e9ral des Tidianes, Serigne Babacar SY Mansour pour l\u2019accueil chaleureux, les pri\u00e8res formul\u00e9es \u00e0 l\u2019occasion de ses visites de courtoisie et les cadeaux de grande valeur et de haute port\u00e9e symbolique le lundi 15 avril 2024, respectivement \u00e0 Touba et \u00e0 Tivaouane.<\/p>\n\n\n\n<p>Le Chef de l\u2019Etat a inform\u00e9 le Conseil qu\u2019il poursuivra ses d\u00e9placements dans les autres cit\u00e9s et foyers religieux du S\u00e9n\u00e9gal, en vue de prendre en compte d\u2019une part, leur modernisation en termes d\u2019infrastructures de base (voirie, eau, assainissement, \u00e9lectricit\u00e9, t\u00e9l\u00e9phonie\u2026) et d\u2019autres part, de r\u00e9affirmer son engagement constant \u00e0 am\u00e9liorer la vie communautaire et religieuse pour un S\u00e9n\u00e9gal juste et prosp\u00e8re dans la paix, la stabilit\u00e9 et la concorde nationale.<\/p>\n\n\n\n<p>Le Pr\u00e9sident de la R\u00e9publique a aussi inform\u00e9 le Conseil qu\u2019il a cr\u00e9\u00e9 \u00e0 la Pr\u00e9sidence de la R\u00e9publique une Direction des Affaires religieuses et de l\u2019Insertion des dipl\u00f4m\u00e9s de l\u2019Enseignement Arabe (compos\u00e9 du Bureau des affaires religieuses et du Bureau de l\u2019insertion des dipl\u00f4m\u00e9s de l\u2019enseignement arabe).<\/p>\n\n\n\n<p>Suite \u00e0 la mise en place du Gouvernement le 05 avril 2024, le Chef de l\u2019Etat a inform\u00e9 que l\u2019Inspection g\u00e9n\u00e9rale d\u2019Etat va dresser un pr\u00e9-rapport et un rapport d\u00e9finitif sur chaque passation de services.<\/p>\n\n\n\n<p>En attendant, le Pr\u00e9sident de la R\u00e9publique a demand\u00e9 au Premier Ministre, en liaison avec les ministres, de faire le point sur toutes les passations de services effectu\u00e9es dans les minist\u00e8res et d\u2019\u00e9laborer, avant fin avril 2024, un rapport exhaustif sur les constats et les propositions relatives \u00e0 la situation sectorielle, administrative, budg\u00e9taire et financi\u00e8re dans chaque minist\u00e8re, avant toute initiative ou action gouvernementale d\u2019envergure.<\/p>\n\n\n\n<p>Le Pr\u00e9sident de la R\u00e9publique a insist\u00e9, avec le Premier Ministre, sur l\u2019imp\u00e9ratif, pour chaque membre du gouvernement, de suivre les proc\u00e9dures fondamentales de validation concernant les orientations politiques de l\u2019action gouvernementale, ainsi que les modalit\u00e9s de communication indiqu\u00e9es \u00e0 cet effet.<\/p>\n\n\n\n<p>Le Chef de l\u2019Etat a demand\u00e9, d\u00e8s lors, au Premier Ministre de veiller en permanence au respect strict des r\u00e8gles de pilotage, de conception, d\u2019ex\u00e9cution, de coordination et de suivi-\u00e9valuation de l\u2019action gouvernementale et des politiques publiques en particulier. S\u2019agissant de la supervision et de l\u2019\u00e9valuation des politiques et programmes publics, en coh\u00e9rence avec les dispositifs institutionnels relevant des pr\u00e9rogatives du Premier Ministre, le Pr\u00e9sident de la R\u00e9publique a inform\u00e9 le Conseil de la cr\u00e9ation \u00e0 la Pr\u00e9sidence de la R\u00e9publique, d\u2019un Bureau d\u2019Intelligence et de Prospective Economique (BIPE), ainsi que d\u2019un bureau de suivi-\u00e9valuation des projets et programmes qui va assurer le monitoring des directives pr\u00e9sidentielles et du PROJET.<\/p>\n\n\n\n<p>Le Pr\u00e9sident de la R\u00e9publique a insist\u00e9 sur l\u2019urgence de finaliser le plan d\u2019action du gouvernement avec un agenda pr\u00e9cis de r\u00e9alisation des objectifs de souverainet\u00e9 dans les domaines \u00e9conomique, culturel, s\u00e9curitaire, alimentaire, mon\u00e9taire, num\u00e9rique et pharmaceutique.<\/p>\n\n\n\n<p>Le Chef de l\u2019Etat a demand\u00e9 au Ministre de la Justice, Garde des Sceaux, de finaliser avant le 15 mai 2024, un projet de loi sur la protection des lanceurs d\u2019alerte. Dans le m\u00eame sillage, il a ordonn\u00e9, au-del\u00e0 des audits et des missions p\u00e9riodiques de v\u00e9rifications dans les minist\u00e8res, l\u2019organisation annuelle de missions de contr\u00f4le dans les institutions constitutionnelles.<\/p>\n\n\n\n<p>D\u2019ores et d\u00e9j\u00e0, le Pr\u00e9sident de la R\u00e9publique a instruit l\u2019Inspection G\u00e9n\u00e9rale d\u2019Etat de mener une mission de contr\u00f4le des services de la Pr\u00e9sidence de la R\u00e9publique dans les meilleurs d\u00e9lais. Le Pr\u00e9sident de la R\u00e9publique a notamment ordonn\u00e9 la publication des rapports de la Cour des Comptes, de l\u2019Inspection g\u00e9n\u00e9rale d\u2019Etat et de l\u2019OFNAC des cinq (5) derni\u00e8res ann\u00e9es (2019, 2020, 2021, 2022 et 2023).<\/p>\n\n\n\n<p>Le Chef de l\u2019Etat est revenu sur la politique de transformation de l\u2019Administration publique. Il a rappel\u00e9 \u00e0 cet effet les principes partag\u00e9s du \u00ab JUB, JUBAL, JUBANTI \u00bb, afin de b\u00e2tir une Administration performante au service des S\u00e9n\u00e9galais et des int\u00e9r\u00eats du S\u00e9n\u00e9gal. C\u2019est le sens de sa lettre n\u00b0 00807\/PR\/SP du 08 avril 2024 adress\u00e9e aux fonctionnaires et agents de l\u2019Administration du S\u00e9n\u00e9gal.<\/p>\n\n\n\n<p>Dans cet esprit, il a demand\u00e9 au Premier Ministre de pr\u00e9parer un projet de d\u00e9cret relatif \u00e0 l\u2019appel \u00e0 candidatures pour certaines hautes fonctions dans les secteurs public et parapublic. Le Pr\u00e9sident de la R\u00e9publique a demand\u00e9 \u00e9galement au Premier Ministre et au Ministre en charge de la Fonction publique de finaliser, dans les meilleurs d\u00e9lais, un projet de loi relatif \u00e0 l\u2019acc\u00e8s \u00e0 la fonction publique, en vue d\u2019assurer l\u2019\u00e9galit\u00e9 des chances d\u2019acc\u00e8s aux emplois et fonctions dans l\u2019administration publique. Le Chef de l\u2019Etat a aussi invit\u00e9 le Premier Ministre \u00e0 pr\u00e9parer la tenue de la Journ\u00e9e du Dialogue national le 28 mai, sur le th\u00e8me prioritaire de \u00abla R\u00e9forme et la Modernisation de la Justice \u00bb.<\/p>\n\n\n\n<p>Il a, par ailleurs, demand\u00e9 au Premier Ministre et aux membres du Gouvernement de veiller \u00e0 la s\u00e9curisation des donn\u00e9es dans le secteur public, \u00e0 la Pr\u00e9sidence de la R\u00e9publique, \u00e0 la Primature et dans les Minist\u00e8res en particulier. A ce sujet, le Pr\u00e9sident de la R\u00e9publique a invit\u00e9 le Ministre en charge du Num\u00e9rique \u00e0 pr\u00e9senter prochainement en Conseil des Ministres, un projet de loi d\u2019orientation sur les donn\u00e9es et leur s\u00e9curisation conform\u00e9ment \u00e0 la politique de promotion de la souverainet\u00e9 num\u00e9rique.<\/p>\n\n\n\n<p>Abordant la question de l\u2019acc\u00e8s \u00e0 l\u2019eau potable dans les centres urbains et en milieu rural, qui demeure une pr\u00e9occupation majeure des populations, le Pr\u00e9sident de la R\u00e9publique a demand\u00e9 au Premier Ministre de tenir un Conseil interminist\u00e9riel sur le secteur hydraulique afin de lui faire des propositions urgentes visant notamment l\u2019acc\u00e9l\u00e9ration des r\u00e9alisations des projets hydrauliques (forages, ch\u00e2teaux d\u2019eau, r\u00e9seaux\u2026), l\u2019\u00e9valuation des d\u00e9l\u00e9gations de service public de l\u2019eau potable en milieux urbain et rural, l\u2019\u00e9valuation du syst\u00e8me de tarification de l\u2019eau et l\u2019adoption d\u2019un grand programme national consolid\u00e9 d\u2019acc\u00e8s \u00e0 l\u2019eau potable.<\/p>\n\n\n\n<p>Le Chef de l\u2019Etat a d\u00e9cid\u00e9 de la cr\u00e9ation d\u2019une Autorit\u00e9 de R\u00e9gulation du Secteur de l\u2019Eau pour am\u00e9liorer la gouvernance de l\u2019eau au S\u00e9n\u00e9gal. Le Pr\u00e9sident de la R\u00e9publique est revenu sur la situation acad\u00e9mique, budg\u00e9taire, financi\u00e8re et sociale dans les universit\u00e9s du S\u00e9n\u00e9gal qui, souligne-t-il, appelle \u00e0 un suivi soutenu de la part du Gouvernement.<\/p>\n\n\n\n<p>Le Chef de l\u2019Etat a demand\u00e9 \u00e0 ce sujet au Ministre de l\u2019Enseignement sup\u00e9rieur, de la Recherche et de l\u2019Innovation de faire, en rapport avec la Conf\u00e9rence des Recteurs, la situation 3 globale dans les universit\u00e9s publiques et de proposer un plan de relance des activit\u00e9s acad\u00e9miques et de gestion des urgences sociales dans l\u2019Enseignement sup\u00e9rieur.<\/p>\n\n\n\n<p>Le Pr\u00e9sident de la R\u00e9publique a demand\u00e9 au Ministre de l\u2019Hydraulique et de l\u2019Assainissement de proc\u00e9der \u00e0 un audit rapide du contrat d\u2019affermage entre l\u2019Etat du S\u00e9n\u00e9gal (SONES) et SEN\u2019EAU et du contrat de performances Etat-SONES-SEN\u2019EAU, d\u2019engager l\u2019\u00e9valuation des Partenariats Publics Priv\u00e9s (PPP) et de l\u2019ensemble des contrats de d\u00e9l\u00e9gation de service public de l\u2019eau potable en milieux urbain et rural avec un ciblage sp\u00e9cial sur les projets de dessalement des Mamelles et de la Grande C\u00f4te d\u00e9velopp\u00e9s par la SONES avec la JICA et ACWA POWER.<\/p>\n\n\n\n<p>Le Chef de l\u2019Etat a demand\u00e9 au Ministre des P\u00eaches et des Infrastructures Maritimes et Portuaires de faire le point sur le dossier de la concession des chantiers navals de DakarNave, l\u2019\u00e9valuation de ses activit\u00e9s et des mesures prises par l\u2019Etat avant la fin de la concession pr\u00e9vue en juin 2024, l\u2019\u00e9dification du Port multifonction de Ndayane avec DPWorld et de proc\u00e9der \u00e0 la revue de tous les projets et contrats dans le secteur maritime et portuaire.<\/p>\n\n\n\n<p>Le Pr\u00e9sident de la R\u00e9publique a demand\u00e9, en ce sens, la tenue d\u2019un conseil interminist\u00e9riel sp\u00e9cial sur les infrastructures maritimes et portuaires. Au titre de son agenda diplomatique, le Chef de l\u2019Etat a inform\u00e9 le Conseil qu\u2019il effectuera sa premi\u00e8re visite, hors du S\u00e9n\u00e9gal en R\u00e9publique Islamique s\u0153ur de Mauritanie, le jeudi 18 avril 2024 avant de se rendre en R\u00e9publique s\u0153ur de Gambie le samedi 20 avril 2024.<\/p>\n\n\n\n<p>Avec ces visites, le Pr\u00e9sident de la R\u00e9publique entend s\u2019inscrire dans la continuit\u00e9 du renforcement des liens historiques de bon voisinage et de brassage socio-culturel entre ces pays et le S\u00e9n\u00e9gal. En outre, le Chef de l\u2019Etat a fait part au Conseil qu\u2019il envisage de rendre visite \u00e0 ses autres homologues du voisinage imm\u00e9diat. Il a, enfin, saisi l\u2019occasion pour engager l\u2019ensemble du Gouvernement \u00e0 veiller particuli\u00e8rement au maintien et au renforcement des relations cordiales que notre pays entretient avec ses voisins.<\/p>\n\n\n\n<p>Dans sa communication, le Premier Ministre a fait part au Pr\u00e9sident de la R\u00e9publique de la d\u00e9marche d\u2019\u00e9laboration du plan d\u2019action du Gouvernement. Pour ce faire, chaque minist\u00e8re devra lui soumettre sous huitaine un plan sectoriel.<\/p>\n\n\n\n<p>Conform\u00e9ment aux instructions du Chef de l\u2019Etat, le Premier Ministre a annonc\u00e9 la tenue d\u2019un s\u00e9minaire gouvernemental les 27 et 28 avril 2024. Le Premier Ministre a enfin inform\u00e9 de la tenue prochaine des r\u00e9unions interminist\u00e9rielles suivantes :<\/p>\n\n\n\n<p>\u2013 un Conseil interminist\u00e9riel consacr\u00e9 \u00e0 la pr\u00e9paration de la Tabaski 2024 ;<\/p>\n\n\n\n<p>\u2013 un Conseil interminist\u00e9riel consacr\u00e9 \u00e0 la campagne de production agricole 2024 ;<\/p>\n\n\n\n<p>\u2013 un Conseil interminist\u00e9riel consacr\u00e9 \u00e0 la pr\u00e9paration de l\u2019hivernage ;<\/p>\n\n\n\n<p>\u2013 un Conseil interminist\u00e9riel consacr\u00e9 \u00e0 la pr\u00e9paration des examens et concours ;<\/p>\n\n\n\n<p>\u2013 une r\u00e9union interminist\u00e9rielle de suivi des engagements du Gouvernement dans le cadre de la pr\u00e9paration du p\u00e8lerinage \u00e0 la Mecque, \u00e9dition 2024.<\/p>\n\n\n\n<p>Enfin, le Ministre du Travail de l\u2019Emploi et des Relations avec les Institutions a fait une communication sur les pr\u00e9paratifs de la f\u00eate du travail 2024.<\/p>\n\n\n\n<p>Fait \u00e0 Dakar, le 17 avril 2024<\/p>\n\n\n\n<p>Le Ministre de la Formation Professionnelle,<br>Porte-Parole du Gouvernement Amadou Moustapha Njekk SARRE<\/p>\n\n\n\n<p>ASG<\/p>\n","protected":false},"excerpt":{"rendered":"<p>Dakar, (APS) \u2013 Le Conseil des ministres s\u2019est tenu ce mercredi 17 avril 2024 au Palais de la R\u00e9publique, sous<\/p>\n","protected":false},"author":1,"featured_media":34537,"comment_status":"open","ping_status":"open","sticky":false,"template":"","format":"standard","meta":{"footnotes":""},"categories":[6],"tags":[],"class_list":["post-35001","post","type-post","status-publish","format-standard","has-post-thumbnail","hentry","category-politics"],"_links":{"self":[{"href":"https:\/\/dekkbi.com\/index.php?rest_route=\/wp\/v2\/posts\/35001","targetHints":{"allow":["GET"]}}],"collection":[{"href":"https:\/\/dekkbi.com\/index.php?rest_route=\/wp\/v2\/posts"}],"about":[{"href":"https:\/\/dekkbi.com\/index.php?rest_route=\/wp\/v2\/types\/post"}],"author":[{"embeddable":true,"href":"https:\/\/dekkbi.com\/index.php?rest_route=\/wp\/v2\/users\/1"}],"replies":[{"embeddable":true,"href":"https:\/\/dekkbi.com\/index.php?rest_route=%2Fwp%2Fv2%2Fcomments&post=35001"}],"version-history":[{"count":1,"href":"https:\/\/dekkbi.com\/index.php?rest_route=\/wp\/v2\/posts\/35001\/revisions"}],"predecessor-version":[{"id":35002,"href":"https:\/\/dekkbi.com\/index.php?rest_route=\/wp\/v2\/posts\/35001\/revisions\/35002"}],"wp:featuredmedia":[{"embeddable":true,"href":"https:\/\/dekkbi.com\/index.php?rest_route=\/wp\/v2\/media\/34537"}],"wp:attachment":[{"href":"https:\/\/dekkbi.com\/index.php?rest_route=%2Fwp%2Fv2%2Fmedia&parent=35001"}],"wp:term":[{"taxonomy":"category","embeddable":true,"href":"https:\/\/dekkbi.com\/index.php?rest_route=%2Fwp%2Fv2%2Fcategories&post=35001"},{"taxonomy":"post_tag","embeddable":true,"href":"https:\/\/dekkbi.com\/index.php?rest_route=%2Fwp%2Fv2%2Ftags&post=35001"}],"curies":[{"name":"wp","href":"https:\/\/api.w.org\/{rel}","templated":true}]}}