{"id":34999,"date":"2024-04-18T13:17:31","date_gmt":"2024-04-18T13:17:31","guid":{"rendered":"https:\/\/dekkbi.com\/?p=34999"},"modified":"2024-04-18T13:17:32","modified_gmt":"2024-04-18T13:17:32","slug":"gouvernance-vers-la-publication-des-rapports-des-corps-de-controle-des-cinq-dernieres-annees","status":"publish","type":"post","link":"https:\/\/dekkbi.com\/?p=34999","title":{"rendered":"GOUVERNANCE \/ Vers la publication des rapports des corps de contr\u00f4le des cinq derni\u00e8res ann\u00e9es"},"content":{"rendered":"\n<p>Dakar,  (APS) \u2013 Le pr\u00e9sident de la R\u00e9publique annonce avoir ordonn\u00e9 la publication des rapports de la Cour des comptes, de l\u2019Inspection g\u00e9n\u00e9rale d\u2019\u00c9tat et de l\u2019OFNAC des cinq derni\u00e8res ann\u00e9es, en attendant la mise en \u0153uvre de sa directive concernant l\u2019organisation annuelle de missions de contr\u00f4le dans les institutions constitutionnelles.<\/p>\n\n\n\n<p>Selon le communiqu\u00e9 du Conseil des ministres tenu mercredi, Bassirou Diomaye Diakhar Faye a ordonn\u00e9, \u201cau-del\u00e0 des audits et des missions p\u00e9riodiques de v\u00e9rification dans les minist\u00e8res, l\u2019organisation annuelle de missions de contr\u00f4le dans les institutions constitutionnelles\u201d.<\/p>\n\n\n\n<p>\u201cD\u2019ores et d\u00e9j\u00e0, le pr\u00e9sident de la R\u00e9publique a [demand\u00e9 \u00e0] l\u2019Inspection g\u00e9n\u00e9rale d\u2019\u00c9tat de mener une mission de contr\u00f4le des services de la pr\u00e9sidence de la R\u00e9publique, dans les meilleurs d\u00e9lais\u201d.<\/p>\n\n\n\n<p>Il a dans le m\u00eame temps \u201cordonn\u00e9 la publication des rapports de la Cour des comptes, de l\u2019Inspection g\u00e9n\u00e9rale d\u2019\u00c9tat et de l\u2019OFNAC des cinq derni\u00e8res ann\u00e9es (2019, 2020, 2021, 2022 et 2023)\u201d, rapporte le communiqu\u00e9 du Conseil des ministres.<\/p>\n\n\n\n<p>Le pr\u00e9sident Faye est aussi \u201crevenu sur la politique de transformation de l\u2019Administration publique\u201d, sur la base des \u201cprincipes partag\u00e9s du \u2018jub, jubal, jubanti\u2019, afin de b\u00e2tir une administration performante au service des S\u00e9n\u00e9galais et des int\u00e9r\u00eats du S\u00e9n\u00e9gal\u201d.<\/p>\n\n\n\n<p>Il pr\u00e9cise que c\u2019est \u201cle sens de sa lettre [\u2026] du 8 avril 2024 adress\u00e9e aux fonctionnaires et aux agents de l\u2019administration du S\u00e9n\u00e9gal\u201d.<\/p>\n\n\n\n<p>\u201cDans cet esprit, il a demand\u00e9 au Premier ministre de pr\u00e9parer un projet de d\u00e9cret relatif \u00e0 l\u2019appel \u00e0 candidatures pour certaines hautes fonctions dans les secteurs public et parapublic\u201d, ajoute la m\u00eame source.<\/p>\n\n\n\n<p>Le pr\u00e9sident de la R\u00e9publique \u00e9galement charg\u00e9 le Premier ministre et le ministre de la Fonction publique de finaliser, \u201cdans les meilleurs d\u00e9lais, un projet de loi relatif \u00e0 l\u2019acc\u00e8s \u00e0 la fonction publique, afin d\u2019assurer l\u2019\u00e9galit\u00e9 des chances d\u2019acc\u00e8s aux emplois et fonctions dans l\u2019Administration publique\u201d.<\/p>\n\n\n\n<p>Le chef de l\u2019\u00c9tat a enfin \u201cinvit\u00e9 le Premier ministre \u00e0 pr\u00e9parer la tenue de la Journ\u00e9e du dialogue national, le 28 mai, sur le th\u00e8me prioritaire de \u2018la r\u00e9forme et la modernisation de la justice\u2019\u201d, rapporte le communiqu\u00e9 du Conseil des ministres.<\/p>\n\n\n\n<p>BK\/ESF<\/p>\n","protected":false},"excerpt":{"rendered":"<p>Dakar, (APS) \u2013 Le pr\u00e9sident de la R\u00e9publique annonce avoir ordonn\u00e9 la publication des rapports de la Cour des comptes,<\/p>\n","protected":false},"author":1,"featured_media":34961,"comment_status":"open","ping_status":"open","sticky":false,"template":"","format":"standard","meta":{"footnotes":""},"categories":[6],"tags":[],"class_list":["post-34999","post","type-post","status-publish","format-standard","has-post-thumbnail","hentry","category-politics"],"_links":{"self":[{"href":"https:\/\/dekkbi.com\/index.php?rest_route=\/wp\/v2\/posts\/34999","targetHints":{"allow":["GET"]}}],"collection":[{"href":"https:\/\/dekkbi.com\/index.php?rest_route=\/wp\/v2\/posts"}],"about":[{"href":"https:\/\/dekkbi.com\/index.php?rest_route=\/wp\/v2\/types\/post"}],"author":[{"embeddable":true,"href":"https:\/\/dekkbi.com\/index.php?rest_route=\/wp\/v2\/users\/1"}],"replies":[{"embeddable":true,"href":"https:\/\/dekkbi.com\/index.php?rest_route=%2Fwp%2Fv2%2Fcomments&post=34999"}],"version-history":[{"count":1,"href":"https:\/\/dekkbi.com\/index.php?rest_route=\/wp\/v2\/posts\/34999\/revisions"}],"predecessor-version":[{"id":35000,"href":"https:\/\/dekkbi.com\/index.php?rest_route=\/wp\/v2\/posts\/34999\/revisions\/35000"}],"wp:featuredmedia":[{"embeddable":true,"href":"https:\/\/dekkbi.com\/index.php?rest_route=\/wp\/v2\/media\/34961"}],"wp:attachment":[{"href":"https:\/\/dekkbi.com\/index.php?rest_route=%2Fwp%2Fv2%2Fmedia&parent=34999"}],"wp:term":[{"taxonomy":"category","embeddable":true,"href":"https:\/\/dekkbi.com\/index.php?rest_route=%2Fwp%2Fv2%2Fcategories&post=34999"},{"taxonomy":"post_tag","embeddable":true,"href":"https:\/\/dekkbi.com\/index.php?rest_route=%2Fwp%2Fv2%2Ftags&post=34999"}],"curies":[{"name":"wp","href":"https:\/\/api.w.org\/{rel}","templated":true}]}}