{"id":3495,"date":"2022-11-17T12:41:13","date_gmt":"2022-11-17T12:41:13","guid":{"rendered":"https:\/\/dekkbi.com\/?p=3495"},"modified":"2022-11-17T12:41:14","modified_gmt":"2022-11-17T12:41:14","slug":"kolda-journee-mondiale-de-la-jeunesse-le-week-end-prochain-2000-jeunes-catholiques-attendus-a-velingara","status":"publish","type":"post","link":"https:\/\/dekkbi.com\/?p=3495","title":{"rendered":"Kolda \u2013&nbsp;Journ\u00e9e mondiale de la jeunesse, le week-end prochain : 2000 jeunes catholiques attendus \u00e0 V\u00e9lingara"},"content":{"rendered":"\n<p>Le doyenn\u00e9 de V\u00e9lingara, dans la r\u00e9gion de Kolda, va accueillir \u00ab1500 \u00e0 2000 jeunes catholiques des r\u00e9gions de Kolda et S\u00e9dhiou, les 19 et 20 novembre 2022, pour la c\u00e9l\u00e9bration de la Journ\u00e9e mondiale de la jeunesse\u00bb, informe l\u2019Abb\u00e9 Th\u00e9odore Coly, cur\u00e9 de la paroisse Saint-Joseph de V\u00e9lingara. A cette occasion, l\u2019Ev\u00eaque du Dioc\u00e8se de Kolda, Monseigneur Jean-Pierre Bass\u00e8ne, va pr\u00e9sider une messe le dimanche&nbsp;; messe au cours de laquelle les jeunes vont entrer en communion avec leur p\u00e8re-Ev\u00eaque, qui s\u2019adressera \u00e0 eux dans la solennit\u00e9 du moment, en congruence avec le th\u00e8me choisi pour cette 37\u00e8me \u00e9dition : \u00abMarie se leva et partit \u00e0 la h\u00e2te.\u00bb Pour aller voir sa cousine Elizabeth. Commen\u00adtant le th\u00e8me, le cur\u00e9 Coly d\u00e9clare&nbsp;: \u00abAller d\u00e9j\u00e0 n\u00e9cessite un d\u00e9placement, n\u00e9cessite une volont\u00e9 de sortir de chez soi pour aller vers l\u2019autre. Nous voyons l\u00e0 le rendez-vous du donner et du recevoir. On emporte quelque chose pour en recevoir, en retour, de l\u2019autre. Une rencontre entre jeunes o\u00f9 Monseigneur, en tant que p\u00e8re, va s\u2019adresser aux jeunes, mais aussi les jeunes, entre eux, vont avoir des rencontres, nouer des relations&nbsp;; ce qui va induire une certaine ouverture.&nbsp;Cela permettra \u00e0 chaque jeune de prendre en compte les besoins de la soci\u00e9t\u00e9. Une jeunesse qui est en proie \u00e0 de multiples difficult\u00e9s et pr\u00e9occupations, parmi lesquelles la drogue, l\u2019alcool, les abus sexuels, la maltraitance, la d\u00e9linquance juv\u00e9nile.\u00bb Il ajoute&nbsp;: \u00abCe sont des choses sur lesquelles l\u2019Ev\u00eaque va insister pour que les jeunes soient un mod\u00e8le. Et pour qu\u2019ils soient un mod\u00e8le, il faut qu\u2019eux-m\u00eames prennent \u00e0 bras-le-corps leur propre avenir.\u00bb<\/p>\n\n\n\n<p>Il faut rappeler que la Journ\u00e9e mondiale de la jeunesse a \u00e9t\u00e9 voulue par le Pape Jean Paul II en 1986, pour permettre \u00e0 chaque jeune de trouver l\u2019occasion d\u2019aller \u00e0 la rencontre d\u2019autres jeunes du monde entier. Mais aussi pour \u00abentrer en communion avec les jeunes, leur montrer sa pr\u00e9sence \u00e0 leur c\u00f4t\u00e9 et leur t\u00e9moigner les valeurs de l\u2019Evangile\u00bb. De mani\u00e8re tournante, une localit\u00e9 de la r\u00e9gion l\u2019accueille annuellement. Tous les 5 ans, la journ\u00e9e est organis\u00e9e \u00e0 l\u2019\u00e9chelle nationale.<\/p>\n\n\n\n<p><br><strong>Par Abdoulaye KAMARA \u2013 akamara@lequotidien.sn<\/strong><\/p>\n","protected":false},"excerpt":{"rendered":"<p>Le doyenn\u00e9 de V\u00e9lingara, dans la r\u00e9gion de Kolda, va accueillir \u00ab1500 \u00e0 2000 jeunes catholiques des r\u00e9gions de Kolda<\/p>\n","protected":false},"author":1,"featured_media":3496,"comment_status":"open","ping_status":"open","sticky":false,"template":"","format":"standard","meta":{"footnotes":""},"categories":[21],"tags":[],"class_list":["post-3495","post","type-post","status-publish","format-standard","has-post-thumbnail","hentry","category-societe"],"_links":{"self":[{"href":"https:\/\/dekkbi.com\/index.php?rest_route=\/wp\/v2\/posts\/3495","targetHints":{"allow":["GET"]}}],"collection":[{"href":"https:\/\/dekkbi.com\/index.php?rest_route=\/wp\/v2\/posts"}],"about":[{"href":"https:\/\/dekkbi.com\/index.php?rest_route=\/wp\/v2\/types\/post"}],"author":[{"embeddable":true,"href":"https:\/\/dekkbi.com\/index.php?rest_route=\/wp\/v2\/users\/1"}],"replies":[{"embeddable":true,"href":"https:\/\/dekkbi.com\/index.php?rest_route=%2Fwp%2Fv2%2Fcomments&post=3495"}],"version-history":[{"count":1,"href":"https:\/\/dekkbi.com\/index.php?rest_route=\/wp\/v2\/posts\/3495\/revisions"}],"predecessor-version":[{"id":3497,"href":"https:\/\/dekkbi.com\/index.php?rest_route=\/wp\/v2\/posts\/3495\/revisions\/3497"}],"wp:featuredmedia":[{"embeddable":true,"href":"https:\/\/dekkbi.com\/index.php?rest_route=\/wp\/v2\/media\/3496"}],"wp:attachment":[{"href":"https:\/\/dekkbi.com\/index.php?rest_route=%2Fwp%2Fv2%2Fmedia&parent=3495"}],"wp:term":[{"taxonomy":"category","embeddable":true,"href":"https:\/\/dekkbi.com\/index.php?rest_route=%2Fwp%2Fv2%2Fcategories&post=3495"},{"taxonomy":"post_tag","embeddable":true,"href":"https:\/\/dekkbi.com\/index.php?rest_route=%2Fwp%2Fv2%2Ftags&post=3495"}],"curies":[{"name":"wp","href":"https:\/\/api.w.org\/{rel}","templated":true}]}}