{"id":34908,"date":"2024-04-17T09:08:14","date_gmt":"2024-04-17T09:08:14","guid":{"rendered":"https:\/\/dekkbi.com\/?p=34908"},"modified":"2024-04-17T09:08:14","modified_gmt":"2024-04-17T09:08:14","slug":"abdoulaye-bathily-demissionne-de-son-poste-demissaire-de-lonu-en-libye","status":"publish","type":"post","link":"https:\/\/dekkbi.com\/?p=34908","title":{"rendered":"Abdoulaye Bathily d\u00e9missionne de son poste d\u2019\u00e9missaire de l\u2019ONU en Libye"},"content":{"rendered":"\n<p>Dakar,  (APS) \u2013 Le repr\u00e9sentant sp\u00e9cial de l\u2019Organisation des Nations unies (ONU) pour la Libye, Abdoulaye Bathily, a annonc\u00e9 mardi avoir d\u00e9missionn\u00e9 de son poste \u00e0 cause d\u201d\u2019une r\u00e9sistance obstin\u00e9e, des attentes d\u00e9raisonnables et une indiff\u00e9rence\u2019\u2019 des responsables politiques libyens au d\u00e9triment de l\u2019int\u00e9r\u00eat national.<\/p>\n\n\n\n<p>Il a relev\u00e9 chez les acteurs politiques libyens \u2018\u2019un refus intentionnel de s\u2019impliquer s\u00e9rieusement et une t\u00e9nacit\u00e9 \u00e0 retarder perp\u00e9tuellement les \u00e9lections\u2019\u2019, selon une d\u00e9claration publi\u00e9e sur le site d\u2019informations des Nations unies.<\/p>\n\n\n\n<p>\u2018\u2019Avec un profond sentiment de d\u00e9ception, il est d\u00e9courageant de voir des individus en position de pouvoir placer leurs int\u00e9r\u00eats personnels avant les besoins de leur pays\u2019\u2019, a ajout\u00e9 l\u2019envoy\u00e9 sp\u00e9cial.<\/p>\n\n\n\n<p>Le diplomate s\u00e9n\u00e9galais a invit\u00e9 les dirigeants de ce pays \u00e0 accorder une priorit\u00e9 aux int\u00e9r\u00eats nationaux afin de parvenir \u00e0 un r\u00e8glement politique de la crise.<\/p>\n\n\n\n<p>Il a avait \u00e9t\u00e9 nomm\u00e9 \u00e9missaire de l\u2019ONU, le 2 septembre 2022, par le secr\u00e9taire g\u00e9n\u00e9ral des Nations unies, Ant\u00f3nio Guterres.<\/p>\n\n\n\n<p>FD\/AB\/ASG<\/p>\n","protected":false},"excerpt":{"rendered":"<p>Dakar, (APS) \u2013 Le repr\u00e9sentant sp\u00e9cial de l\u2019Organisation des Nations unies (ONU) pour la Libye, Abdoulaye Bathily, a annonc\u00e9 mardi<\/p>\n","protected":false},"author":1,"featured_media":9217,"comment_status":"open","ping_status":"open","sticky":false,"template":"","format":"standard","meta":{"footnotes":""},"categories":[6],"tags":[],"class_list":["post-34908","post","type-post","status-publish","format-standard","has-post-thumbnail","hentry","category-politics"],"_links":{"self":[{"href":"https:\/\/dekkbi.com\/index.php?rest_route=\/wp\/v2\/posts\/34908","targetHints":{"allow":["GET"]}}],"collection":[{"href":"https:\/\/dekkbi.com\/index.php?rest_route=\/wp\/v2\/posts"}],"about":[{"href":"https:\/\/dekkbi.com\/index.php?rest_route=\/wp\/v2\/types\/post"}],"author":[{"embeddable":true,"href":"https:\/\/dekkbi.com\/index.php?rest_route=\/wp\/v2\/users\/1"}],"replies":[{"embeddable":true,"href":"https:\/\/dekkbi.com\/index.php?rest_route=%2Fwp%2Fv2%2Fcomments&post=34908"}],"version-history":[{"count":1,"href":"https:\/\/dekkbi.com\/index.php?rest_route=\/wp\/v2\/posts\/34908\/revisions"}],"predecessor-version":[{"id":34909,"href":"https:\/\/dekkbi.com\/index.php?rest_route=\/wp\/v2\/posts\/34908\/revisions\/34909"}],"wp:featuredmedia":[{"embeddable":true,"href":"https:\/\/dekkbi.com\/index.php?rest_route=\/wp\/v2\/media\/9217"}],"wp:attachment":[{"href":"https:\/\/dekkbi.com\/index.php?rest_route=%2Fwp%2Fv2%2Fmedia&parent=34908"}],"wp:term":[{"taxonomy":"category","embeddable":true,"href":"https:\/\/dekkbi.com\/index.php?rest_route=%2Fwp%2Fv2%2Fcategories&post=34908"},{"taxonomy":"post_tag","embeddable":true,"href":"https:\/\/dekkbi.com\/index.php?rest_route=%2Fwp%2Fv2%2Ftags&post=34908"}],"curies":[{"name":"wp","href":"https:\/\/api.w.org\/{rel}","templated":true}]}}