{"id":34904,"date":"2024-04-16T12:52:15","date_gmt":"2024-04-16T12:52:15","guid":{"rendered":"https:\/\/dekkbi.com\/?p=34904"},"modified":"2024-04-16T12:52:15","modified_gmt":"2024-04-16T12:52:15","slug":"liran-a-volontairement-limite-limpact-de-son-attaque-sur-israel","status":"publish","type":"post","link":"https:\/\/dekkbi.com\/?p=34904","title":{"rendered":"L\u2019Iran a volontairement limit\u00e9 l\u2019impact de son attaque sur Isra\u00ebl"},"content":{"rendered":"\n<p>C&rsquo;est du moins l\u2019avis du g\u00e9opolitologue Aur\u00e9lien Duch\u00eane,\u00a0interrog\u00e9 par Le Point.<\/p>\n\n\n\n<p>L\u2019Iran n\u2019est pas sans savoir que le syst\u00e8me de d\u00e9fense antia\u00e9rien isra\u00e9lien, le \u201cD\u00f4me de fer\u201d, est capable de traiter environ 200 cibles par minute. Une capacit\u00e9 maximale qui avait \u00e9t\u00e9 d\u00e9pass\u00e9e lors de l\u2019attaque du Hamas le 7 octobre dernier&#8230; mais pas par l\u2019Iran ce 13 avril, alors que la R\u00e9publique islamique en a parfaitement \u201cles capacit\u00e9s\u201d, souligne l\u2019expert, consultant en g\u00e9opolitique et d\u00e9fense. L\u2019Iran a d\u2019ailleurs appel\u00e9 les Occidentaux \u00e0 \u201cappr\u00e9cier sa retenue\u201d. T\u00e9h\u00e9ran pr\u00e9sente en effet son offensive comme une \u201cop\u00e9ration d\u2019autod\u00e9fense\u201d, apr\u00e8s la\u00a0frappe isra\u00e9lienne sur le consulat iranien de Damas, en Syrie et invoque \u00e0 ce titre\u00a0l\u2019article 51 de l\u2019ONU.<\/p>\n\n\n\n<p>\u201cIls se sont volontairement limit\u00e9s au seuil de tol\u00e9rance du D\u00f4me de fer\u201d, affirme Aur\u00e9lien Duch\u00eane. Un syst\u00e8me avant tout con\u00e7u pour intercepter les roquettes en provenance des territoires palestiniens ou du Hezbollah libanais. Sur les 170 drones, les 120 missiles balistiques et les 30 missiles de croisi\u00e8re, \u201cseuls 5 projectiles\u201d auraient atteint leur cible, \u201csur la base a\u00e9rienne de Nevatim\u201d. Un taux d\u2019interception isra\u00e9lien \u201cde 99%\u201d mais qui n\u2019est pas d\u00fb qu\u2019au bouclier antia\u00e9rien, pr\u00e9cise l\u2019expert. L\u2019aviation de l\u2019arm\u00e9e isra\u00e9lienne a \u00e9galement proc\u00e9d\u00e9 \u00e0 des destructions en vol.<\/p>\n\n\n\n<h2 class=\"wp-block-heading\">Pas \u201cd\u2019effort massif\u201d des alli\u00e9s<\/h2>\n\n\n\n<p>Si les alli\u00e9s d\u2019Isra\u00ebl, \u00c9tats-Unis en t\u00eate mais aussi le Royaume-Uni, la France et la Jordanie, ont particip\u00e9 activement \u00e0 la d\u00e9fense de l\u2019\u00c9tat h\u00e9breu, l\u2019op\u00e9ration iranienne n\u2019a pas n\u00e9cessit\u00e9 un \u201ceffort massif\u201d, commente-t-il. \u00c0 titre de comparaison, il consid\u00e8re ainsi que l\u2019effort des Occidentaux pour surveiller la menace des rebelles houthis y\u00e9m\u00e9nites et les moyens mis en oeuvre sont sup\u00e9rieurs \u00e0 ceux d\u00e9ploy\u00e9s pour contrer l\u2019attaque iranienne.<\/p>\n\n\n\n<h2 class=\"wp-block-heading\">\u201cAttaque avec le frein \u00e0 main activ\u00e9\u201d<\/h2>\n\n\n\n<p>Comme le rappelaient les experts Koert Debeuf et Robin Ramaekers ce dimanche, l\u2019Iran avait en outre pris soin de pr\u00e9venir le monde de son attaque, \u201cplusieurs heures avant qu\u2019elle n\u2019atteigne sa cible\u201d: \u201cDes repr\u00e9sailles apr\u00e8s l\u2019attaque du consulat du 1\u1d49\u02b3 avril \u00e9taient jug\u00e9es n\u00e9cessaires mais l\u2019Iran ne voulait pas faire de d\u00e9g\u00e2ts\u201d, ajoute le premier. Une \u201cattaque avec le frein \u00e0 main activ\u00e9\u201d, soulignait-il. \u201cL\u2019Iran peut proclamer en interne qu\u2019il a obtenu sa vengeance tout en faisant passer le message \u00e0 Isra\u00ebl et \u00e0 son alli\u00e9, les \u00c9tats-Unis: \u2018Vous devriez pouvoir y faire face\u2019.\u201d<\/p>\n\n\n\n<p>L\u2019\u00e9tat-major de l\u2019arm\u00e9e isra\u00e9lienne a toutefois promis une riposte, au risque d\u2019embraser tout le Moyen-Orient. Les \u00c9tats-Unis, la Russie, l\u2019ONU, la France, l\u2019Allemagne et le Royaume-Uni ont appel\u00e9 Isra\u00ebl \u00e0 faire preuve de \u201cretenue\u201d. Le pr\u00e9sident iranien Ibrahim Ra\u00efssi a menac\u00e9 de \u201cr\u00e9pondre plus s\u00e9v\u00e8rement\u201d \u00e0 d\u2019\u00e9ventuelles repr\u00e9sailles.<\/p>\n\n\n\n<p><strong>Anthony Fino\u00a0Source:<\/strong>\u00a0Le Point, AFP, Belga<\/p>\n","protected":false},"excerpt":{"rendered":"<p>C&rsquo;est du moins l\u2019avis du g\u00e9opolitologue Aur\u00e9lien Duch\u00eane,\u00a0interrog\u00e9 par Le Point. L\u2019Iran n\u2019est pas sans savoir que le syst\u00e8me de<\/p>\n","protected":false},"author":1,"featured_media":34905,"comment_status":"open","ping_status":"open","sticky":false,"template":"","format":"standard","meta":{"footnotes":""},"categories":[51],"tags":[],"class_list":["post-34904","post","type-post","status-publish","format-standard","has-post-thumbnail","hentry","category-general"],"_links":{"self":[{"href":"https:\/\/dekkbi.com\/index.php?rest_route=\/wp\/v2\/posts\/34904","targetHints":{"allow":["GET"]}}],"collection":[{"href":"https:\/\/dekkbi.com\/index.php?rest_route=\/wp\/v2\/posts"}],"about":[{"href":"https:\/\/dekkbi.com\/index.php?rest_route=\/wp\/v2\/types\/post"}],"author":[{"embeddable":true,"href":"https:\/\/dekkbi.com\/index.php?rest_route=\/wp\/v2\/users\/1"}],"replies":[{"embeddable":true,"href":"https:\/\/dekkbi.com\/index.php?rest_route=%2Fwp%2Fv2%2Fcomments&post=34904"}],"version-history":[{"count":1,"href":"https:\/\/dekkbi.com\/index.php?rest_route=\/wp\/v2\/posts\/34904\/revisions"}],"predecessor-version":[{"id":34906,"href":"https:\/\/dekkbi.com\/index.php?rest_route=\/wp\/v2\/posts\/34904\/revisions\/34906"}],"wp:featuredmedia":[{"embeddable":true,"href":"https:\/\/dekkbi.com\/index.php?rest_route=\/wp\/v2\/media\/34905"}],"wp:attachment":[{"href":"https:\/\/dekkbi.com\/index.php?rest_route=%2Fwp%2Fv2%2Fmedia&parent=34904"}],"wp:term":[{"taxonomy":"category","embeddable":true,"href":"https:\/\/dekkbi.com\/index.php?rest_route=%2Fwp%2Fv2%2Fcategories&post=34904"},{"taxonomy":"post_tag","embeddable":true,"href":"https:\/\/dekkbi.com\/index.php?rest_route=%2Fwp%2Fv2%2Ftags&post=34904"}],"curies":[{"name":"wp","href":"https:\/\/api.w.org\/{rel}","templated":true}]}}