{"id":34897,"date":"2024-04-16T12:39:03","date_gmt":"2024-04-16T12:39:03","guid":{"rendered":"https:\/\/dekkbi.com\/?p=34897"},"modified":"2024-04-16T12:39:03","modified_gmt":"2024-04-16T12:39:03","slug":"ligue-des-champions-mbappe-cest-maintenant-ou-jamais","status":"publish","type":"post","link":"https:\/\/dekkbi.com\/?p=34897","title":{"rendered":"Ligue des champions: Mbapp\u00e9, c&rsquo;est maintenant ou jamais"},"content":{"rendered":"\n<p>Kylian Mbapp\u00e9, m\u00e9diocre au match aller de ce quart de finale de Ligue des champions contre Barcelone, doit faire beaucoup mieux lors de la manche retour ce mardi 16 avril, que ce soit au vu de son statut ou de sa situation dans la capitale. Lui qui est au bord du d\u00e9part est \u00e0 un match d&rsquo;officialiser le bouclage de ses valises ou alors de prolonger le r\u00eave des supporters.<\/p>\n\n\n\n<p>Par :Yohann Le Coz<\/p>\n\n\n\n<p>Afin d&rsquo;effacer la d\u00e9faite du PSG et sa pi\u00e8tre performance au match aller, Kylian Mbapp\u00e9 est tr\u00e8s attendu contre Barcelone mardi 16 avril en quart de finale retour de Ligue des champions&nbsp;: par le club, les supporters, mais aussi l&rsquo;Espagne, qui devrait \u00eatre sa destination cet \u00e9t\u00e9.<\/p>\n\n\n\n<p>Le Parc des Princes \u00e9tait pr\u00eat, mercredi 10 avril 2024, \u00e0 s&rsquo;enflammer pour sa superstar et lui pardonner son d\u00e9part quasi act\u00e9 du PSG fin juin pour le Real Madrid. Mais l&rsquo;\u00e9tincelle n&rsquo;est jamais venue, et c&rsquo;est plut\u00f4t Ousmane Demb\u00e9l\u00e9 qui a \u00e9t\u00e9 la coqueluche du public parisien, avant l&rsquo;effondrement de l&rsquo;\u00e9quipe (3-2).<\/p>\n\n\n\n<p>De part et d&rsquo;autre des Pyr\u00e9n\u00e9es, les chroniqueurs n&rsquo;ont pas eu assez de mots durs pour qualifier la performance du Fran\u00e7ais, incapable de s&rsquo;extraire du marquage des d\u00e9fenseurs catalans. Le quotidien madril\u00e8ne&nbsp;<em>Marca<\/em>, qui encensait un \u00ab&nbsp;<em>Mbapp\u00e9 inarr\u00eatable<\/em>&nbsp;\u00bb au tour pr\u00e9c\u00e9dent contre la Real Sociedad, l&rsquo;a cette fois-ci qualifi\u00e9 de \u00ab&nbsp;<em>fain\u00e9ant<\/em>&nbsp;\u00bb. Et le journal proche du Real Madrid, tr\u00e8s probable futur club du capitaine des Bleus, de remarquer : \u00ab&nbsp;<em>Mbapp\u00e9 pourrait \u00e9claircir tr\u00e8s vite son avenir si son \u00e9quipe n&rsquo;est pas capable de revenir<\/em>&nbsp;\u00bb \u00e0 Barcelone. Lisez entre les lignes que si Paris est \u00e9limin\u00e9 de la Ligue des champions et, par cons\u00e9quent, ne pourrait plus y affronter le Real Madrid cette saison, l&rsquo;attaquant fran\u00e7ais devrait officialiser son d\u00e9part et sa prochaine destination.<\/p>\n\n\n\n<p>Le PSG affiche un optimisme de circonstance avant la manche retour. \u00ab&nbsp;<em>On a tr\u00e8s envie que le match de demain commence<\/em>&nbsp;\u00bb, a lanc\u00e9 Achraf Hakimi en conf\u00e9rence de presse. \u00ab&nbsp;<em>Nous sommes convaincus que nous allons renverser la situation<\/em>&nbsp;\u00bb, a rebondi l&rsquo;entra\u00eeneur, Luis Enrique. Et m\u00eame si le technicien espagnol, lorsqu&rsquo;on lui a demand\u00e9 si Kylian Mbapp\u00e9 \u00e9tait pr\u00eat pour le match, a assur\u00e9 que \u00ab&nbsp;tous les joueurs de mon \u00e9quipe le sont&nbsp;\u00bb, la pression p\u00e8se sur les \u00e9paules du num\u00e9ro 7. Au vu de son statut dans la capitale, il a le devoir de faire mieux, au risque de voir ce quart de finale retour se transformer en adieu \u00e0 Paris sur la sc\u00e8ne europ\u00e9enne.<\/p>\n\n\n\n<h2 class=\"wp-block-heading\">Barcola de retour pour accompagner Mbapp\u00e9 et Demb\u00e9l\u00e9&nbsp;?<\/h2>\n\n\n\n<p>Enrique est-il le mieux plac\u00e9 pour conna\u00eetre l&rsquo;\u00e9tat de forme physique et surtout mental de Mbapp\u00e9&nbsp;? La question peut para\u00eetre paradoxale, au vu de son r\u00f4le d&rsquo;entra\u00eeneur, qui plus est exp\u00e9riment\u00e9 et habitu\u00e9 aux vestiaires compos\u00e9 de stars. Mais la relation entre les deux hommes n&rsquo;est pas au beau fixe. Depuis que le d\u00e9part de \u00ab&nbsp;KM7&nbsp;\u00bb vers Madrid a \u00e9t\u00e9 annonc\u00e9 par le joueur en interne, l&rsquo;ancien entra\u00eeneur du FC Barcelone a fait le choix de tronquer le temps de jeu de son attaquant.<\/p>\n\n\n\n<p>Si une explication entre les deux hommes \u00e0 l&rsquo;entra\u00eenement le 2 mars semblait avoir aplani les tensions, celles-ci ont repris en fin de mois. Luis Enrique a sorti le joueur \u00e0 l&rsquo;heure de jeu contre Marseille, un rendez-vous que le capitaine de l&rsquo;\u00e9quipe de France, d\u00e9cevant ce soir-l\u00e0, avait pourtant marqu\u00e9 d&rsquo;une pierre blanche et aime disputer.<\/p>\n\n\n\n<figure class=\"wp-block-image is-resized\"><img decoding=\"async\" src=\"https:\/\/s.rfi.fr\/media\/display\/4d9e0036-fb42-11ee-ad11-005056bf30b7\/2024-04-10T205540Z_526552156_UP1EK4A1M4PN5_RTRMADP_3_SOCCER-CHAMPIONS-PSG-FCB-REPORT.JPG\" alt=\"Bradley Barcola avec le PSG apr\u00e8s son entr\u00e9e en jeu contre le FC Barcelone en quart de finale aller de la Ligue des champions, le 10 avril 2024.\" style=\"width:785px;height:auto\"\/><figcaption class=\"wp-element-caption\">Bradley Barcola avec le PSG apr\u00e8s son entr\u00e9e en jeu contre le FC Barcelone en quart de finale aller de la Ligue des champions, le 10 avril 2024.&nbsp;REUTERS &#8211; Sarah Meyssonnier<\/figcaption><\/figure>\n\n\n\n<p>Que Kylian Mbapp\u00e9, qui n&rsquo;avait jamais \u00e9t\u00e9 autant plac\u00e9 sur le banc depuis son arriv\u00e9e au PSG, ait gamberg\u00e9 ou pas, le match de mercredi dernier dessine aussi une r\u00e9alit\u00e9 plus inqui\u00e9tante pour le joueur&nbsp;: le jeu de l&rsquo;\u00e9quipe ne passe pas tant par lui que par Ousmane Demb\u00e9l\u00e9 et Vitinha. Ces deux derniers sont les nouveaux catalyseurs du groupe sur les derni\u00e8res sorties. \u00c0 voir si le retour de Bradley Barcola, dont l&rsquo;entente sur le terrain avec Mbapp\u00e9 est souvent source de buts, changera la donne dans le secteur offensif.<\/p>\n\n\n\n<p>(<em>Avec AFP<\/em>)<\/p>\n","protected":false},"excerpt":{"rendered":"<p>Kylian Mbapp\u00e9, m\u00e9diocre au match aller de ce quart de finale de Ligue des champions contre Barcelone, doit faire beaucoup<\/p>\n","protected":false},"author":1,"featured_media":34030,"comment_status":"open","ping_status":"open","sticky":false,"template":"","format":"standard","meta":{"footnotes":""},"categories":[9],"tags":[],"class_list":["post-34897","post","type-post","status-publish","format-standard","has-post-thumbnail","hentry","category-sports"],"_links":{"self":[{"href":"https:\/\/dekkbi.com\/index.php?rest_route=\/wp\/v2\/posts\/34897","targetHints":{"allow":["GET"]}}],"collection":[{"href":"https:\/\/dekkbi.com\/index.php?rest_route=\/wp\/v2\/posts"}],"about":[{"href":"https:\/\/dekkbi.com\/index.php?rest_route=\/wp\/v2\/types\/post"}],"author":[{"embeddable":true,"href":"https:\/\/dekkbi.com\/index.php?rest_route=\/wp\/v2\/users\/1"}],"replies":[{"embeddable":true,"href":"https:\/\/dekkbi.com\/index.php?rest_route=%2Fwp%2Fv2%2Fcomments&post=34897"}],"version-history":[{"count":1,"href":"https:\/\/dekkbi.com\/index.php?rest_route=\/wp\/v2\/posts\/34897\/revisions"}],"predecessor-version":[{"id":34898,"href":"https:\/\/dekkbi.com\/index.php?rest_route=\/wp\/v2\/posts\/34897\/revisions\/34898"}],"wp:featuredmedia":[{"embeddable":true,"href":"https:\/\/dekkbi.com\/index.php?rest_route=\/wp\/v2\/media\/34030"}],"wp:attachment":[{"href":"https:\/\/dekkbi.com\/index.php?rest_route=%2Fwp%2Fv2%2Fmedia&parent=34897"}],"wp:term":[{"taxonomy":"category","embeddable":true,"href":"https:\/\/dekkbi.com\/index.php?rest_route=%2Fwp%2Fv2%2Fcategories&post=34897"},{"taxonomy":"post_tag","embeddable":true,"href":"https:\/\/dekkbi.com\/index.php?rest_route=%2Fwp%2Fv2%2Ftags&post=34897"}],"curies":[{"name":"wp","href":"https:\/\/api.w.org\/{rel}","templated":true}]}}