{"id":34875,"date":"2024-04-16T12:05:02","date_gmt":"2024-04-16T12:05:02","guid":{"rendered":"https:\/\/dekkbi.com\/?p=34875"},"modified":"2024-04-16T12:05:42","modified_gmt":"2024-04-16T12:05:42","slug":"gestion-des-etablissements-scolaires-resorption-des-abris-de-fortune-les-chantiers-du-ministre-de-leducation","status":"publish","type":"post","link":"https:\/\/dekkbi.com\/?p=34875","title":{"rendered":"Gestion des \u00e9tablissements, r\u00e9sorption des abris: Les chantiers du ministre de l\u2019Education"},"content":{"rendered":"\n<p>Dans une lettre ouverte adress\u00e9e au nouveau ministre de l\u2019Education du S\u00e9n\u00e9gal, le Proviseur du lyc\u00e9e de Koun\u00adkan\u00e9, Mbaye Mbow, a not\u00e9 une s\u00e9rie d\u2019actions prioritaires \u00e0 entreprendre, pour \u00abesp\u00e9rer des lendemains positifs\u00bb dans le secteur de l\u2019Education. <\/p>\n\n\n\n<p>Dans le document dont une copie est remise au journal Le Quotidien, M. Mbow\u00a0a list\u00e9 prioritairement\u00a0: les abris de fortune, les lenteurs administratives, les programmes enseign\u00e9s et la formation du personnel. Et surtout la gestion des \u00e9tablissements scolaires. De son point de vue, la question \u00e0 laquelle il faudra s\u2019attaquer, prioritairement, est relative \u00e0 la formation des chefs d\u2019\u00e9tablissement, mais aussi et surtout \u00e0 leur recrutement et leur mobilit\u00e9. Il argumente\u00a0: \u00abEn effet, Monsieur le ministre, le Proviseur de lyc\u00e9e ou le Principal de coll\u00e8ge est d\u00e9positaire d\u2019une autorit\u00e9 administrative. Il est appel\u00e9 \u00e0 manager des personnels, \u00e0 g\u00e9rer des ressources mat\u00e9rielles et financi\u00e8res. Je trouve aberrant que le chef d\u2019\u00e9tablissement soit balanc\u00e9 dans une direction sans pr\u00e9 requis pr\u00e9alable. <\/p>\n\n\n\n<p>C\u2019est pourquoi, je sugg\u00e8re, comme le \u00abProjet\u00bb l\u2019a mis en relief, un appel \u00e0 candidatures afin de promouvoir le meilleur profil. La gestion des \u00e9coles ne devrait plus \u00eatre, \u00e0 mon avis, une chasse gard\u00e9e des enseignants craie en main. Le monde a \u00e9volu\u00e9 et la gestion ob\u00e9it \u00e0 des crit\u00e8res qui \u00e9chappent \u00e0 la pratique de classe uniquement comme exp\u00e9dient pour piloter un \u00e9tablissement. Les minist\u00e8res et d\u2019autres structures ne sont pas forc\u00e9ment g\u00e9r\u00e9s par des hommes du s\u00e9rail.\u00bb Et puis, ajoute-t-il\u00a0: \u00abLors des \u00abcomp\u00e9titions\u00bb appel\u00e9es mouvement national, il n\u2019est pas rare de voir un chef d\u2019\u00e9tablissement ou un censeur, qui a parfois capitalis\u00e9 plusieurs ann\u00e9es de gestion, se faire clouer au pilori par un pr\u00e9tendant \u00abvierge d\u2019exp\u00e9riences\u00bb sur le simple fait qu\u2019il a totalis\u00e9 plusieurs ann\u00e9es de pr\u00e9sence en classe. Ceci peut se r\u00e9percuter sur la qualit\u00e9 de l\u2019administration car le \u00abn\u00e9ophyte\u00bb aura besoin de temps plus ou moins long pour amorcer sa gestion. D\u2019o\u00f9 la n\u00e9cessit\u00e9 de former les agents pendant les vacances dans les \u00e9coles d\u00e9di\u00e9es aux agents de l\u2019Administration ou de privil\u00e9gier un appel \u00e0 candidatures.\u00bb<\/p>\n\n\n\n<p>Autres points abord\u00e9s par le chef d\u2019\u00e9tablissement\u00a0: la r\u00e9sorption du d\u00e9ficit en enseignants et en salles de classe. Des pr\u00e9occupations qui sont, d\u00e9j\u00e0, inscrites dans le programme Education du candidat Diomaye Faye. Toutefois, la deadline de l\u2019ann\u00e9e 2029, fix\u00e9e par le Projet-Education du nouveau r\u00e9gime est \u00abassez lointain\u00bb. Car, \u00abdans plusieurs \u00e9tablissements, la dignit\u00e9 tant du c\u00f4t\u00e9 des personnels que des \u00e9l\u00e8ves a quitt\u00e9 les lieux\u00a0; faute de structures minimales : salles de classe, bloc administratif, salle polyvalente, plateau des sports, sanitaires, mur de cl\u00f4ture, tables-bancs\u2026 D\u2019o\u00f9 l\u2019urgence de raccourcir ce d\u00e9lai afin de replacer l\u2019\u00e9cole s\u00e9n\u00e9galaise dans sa v\u00e9ritable orbite\u00bb, a sugg\u00e9r\u00e9 M. Mbow.<\/p>\n\n\n\n<p><br><strong>Par Abdoulaye KAMARA \u2013 akamara@lequotidien.sn<\/strong><\/p>\n","protected":false},"excerpt":{"rendered":"<p>Dans une lettre ouverte adress\u00e9e au nouveau ministre de l\u2019Education du S\u00e9n\u00e9gal, le Proviseur du lyc\u00e9e de Koun\u00adkan\u00e9, Mbaye Mbow,<\/p>\n","protected":false},"author":1,"featured_media":34372,"comment_status":"open","ping_status":"open","sticky":false,"template":"","format":"standard","meta":{"footnotes":""},"categories":[21],"tags":[],"class_list":["post-34875","post","type-post","status-publish","format-standard","has-post-thumbnail","hentry","category-societe"],"_links":{"self":[{"href":"https:\/\/dekkbi.com\/index.php?rest_route=\/wp\/v2\/posts\/34875","targetHints":{"allow":["GET"]}}],"collection":[{"href":"https:\/\/dekkbi.com\/index.php?rest_route=\/wp\/v2\/posts"}],"about":[{"href":"https:\/\/dekkbi.com\/index.php?rest_route=\/wp\/v2\/types\/post"}],"author":[{"embeddable":true,"href":"https:\/\/dekkbi.com\/index.php?rest_route=\/wp\/v2\/users\/1"}],"replies":[{"embeddable":true,"href":"https:\/\/dekkbi.com\/index.php?rest_route=%2Fwp%2Fv2%2Fcomments&post=34875"}],"version-history":[{"count":2,"href":"https:\/\/dekkbi.com\/index.php?rest_route=\/wp\/v2\/posts\/34875\/revisions"}],"predecessor-version":[{"id":34877,"href":"https:\/\/dekkbi.com\/index.php?rest_route=\/wp\/v2\/posts\/34875\/revisions\/34877"}],"wp:featuredmedia":[{"embeddable":true,"href":"https:\/\/dekkbi.com\/index.php?rest_route=\/wp\/v2\/media\/34372"}],"wp:attachment":[{"href":"https:\/\/dekkbi.com\/index.php?rest_route=%2Fwp%2Fv2%2Fmedia&parent=34875"}],"wp:term":[{"taxonomy":"category","embeddable":true,"href":"https:\/\/dekkbi.com\/index.php?rest_route=%2Fwp%2Fv2%2Fcategories&post=34875"},{"taxonomy":"post_tag","embeddable":true,"href":"https:\/\/dekkbi.com\/index.php?rest_route=%2Fwp%2Fv2%2Ftags&post=34875"}],"curies":[{"name":"wp","href":"https:\/\/api.w.org\/{rel}","templated":true}]}}