{"id":34872,"date":"2024-04-16T12:01:50","date_gmt":"2024-04-16T12:01:50","guid":{"rendered":"https:\/\/dekkbi.com\/?p=34872"},"modified":"2024-04-16T12:01:51","modified_gmt":"2024-04-16T12:01:51","slug":"accidents-de-travail-le-port-evalue-son-plan-de-prevention","status":"publish","type":"post","link":"https:\/\/dekkbi.com\/?p=34872","title":{"rendered":"Accidents de travail : Le Port \u00e9value son plan de pr\u00e9vention"},"content":{"rendered":"\n<p>La politique de pr\u00e9vention des accidents, mise en place au Port autonome de Dakar (Pad),&nbsp; semble porter ses fruits. Non seulement le nombre d\u2019accidents de travail a baiss\u00e9, mais \u00e9galement, aucun cas de perte en vie humaine n\u2019a \u00e9t\u00e9 registr\u00e9 en 2023.<\/p>\n\n\n\n<p>\u00abL\u2019ann\u00e9e derni\u00e8re, nous n\u2019avons enregistr\u00e9 que 15 accidents de travail. Ce sont des accidents sans mort d\u2019homme. Nous avons remarqu\u00e9 que les dix accidents se sont pass\u00e9s au premier semestre. On a mis en place une politique de pr\u00e9vention&nbsp; qui fait qu\u2019au deuxi\u00e8me semestre, on n\u2019a eu que 5 accidents\u00bb, a fait savoir hier, Dr Georges Diouf, m\u00e9decin du travail, lors d\u2019une matin\u00e9e d\u2019\u00e9change sur \u00abLa s\u00e9curit\u00e9 et sant\u00e9 au travail dans les secteurs d\u2019activit\u00e9s \u00e0 fort potentiel de risques\u00bb, organis\u00e9e par le Conseil national du patronat (Cnp), dans le cadre du mois africain de la pr\u00e9vention 2024.<\/p>\n\n\n\n<p>Concernant&nbsp;&nbsp;les maladies professionnelles au S\u00e9n\u00e9gal, Dr Diouf indique qu\u2019il y a une sous-d\u00e9claration.<\/p>\n\n\n\n<p>D\u2019apr\u00e8s&nbsp;les statistiques de 2021, il n\u2019a \u00e9t\u00e9 retenu que 7 maladies professionnelles sur l\u2019ensemble du territoire&nbsp;national. Toutefois, souligne le m\u00e9decin du travail, qui&nbsp; a ax\u00e9 sa pr\u00e9sentation sur les risques m\u00e9caniques,&nbsp;il y a un risque de maladies biologiques&nbsp; au niveau du Port o\u00f9 les travailleurs sont&nbsp;expos\u00e9s a divers produits et ph\u00e9nom\u00e8nes.<\/p>\n\n\n\n<p>En 2021, il y a eu 1320 accidents de travail et des maladies professionnelles au niveau national dont 1313 accidents de travail, soit 99, 47%, et 7 maladies professionnelles, soit 0, 55%. Pour cette ann\u00e9e, rien que pour la r\u00e9gion de Dakar, il y avait 728 accidents de travail, soit 55, 15%&nbsp;; \u00e0 Richard Roll, 200&nbsp; accidents de travail y ont \u00e9t\u00e9 recens\u00e9s, soit 15, 18%&nbsp;; \u00e0 Thi\u00e8s, 186 accidents de travail, soit 11, 81%.<\/p>\n\n\n\n<p>Selon l\u2019Oit, 2, 78 millions de d\u00e9c\u00e8s d\u2019origine professionnelle sont not\u00e9s chaque ann\u00e9e \u00e0 travers le monde.<\/p>\n\n\n\n<p>Pour chaque accident mortel, dit-il, on peut compter 500 \u00e0 2000 l\u00e9sions corporelles associ\u00e9es, selon le type de m\u00e9tier.&nbsp; Pour chaque maladie professionnelle entra\u00eenant la mort, on peut compter 100 autres maladies qui entra\u00eenent un arr\u00eat de travail. Et parmi les 2, 78 millions de d\u00e9c\u00e8s par accident de travail et maladies professionnelles, 2, 4 millions&nbsp; de d\u00e9c\u00e8s sont li\u00e9s aux maladies professionnelles.<\/p>\n\n\n\n<p>Et cela n\u2019est pas sans cons\u00e9quences.&nbsp; &nbsp;D\u2019apr\u00e8s le sp\u00e9cialiste, il y a des cons\u00e9quences immat\u00e9rielles, des pertes en vie humaine,&nbsp; des dislocations familiales, la solitude et la souffrance. Concernant les cons\u00e9quences mat\u00e9rielles,&nbsp; &nbsp;il s\u2019agit des pertes \u00e9conomiques, des d\u00e9penses de sant\u00e9, les indemnisations entra\u00eenant une perte de 39% du Pib mondial, soit plus que l\u2019aide au d\u00e9veloppement.<\/p>\n\n\n\n<p>Pour mieux combattre les accidents de travail\u00a0 et les maladies\u00a0 professionnelles au S\u00e9n\u00e9gal, Dr Diouf pr\u00e9conise\u00a0la voie de la sensibilisation.\u00a0 D\u2019ailleurs, des efforts sont d\u00e9j\u00e0 consentis dans ce sens. \u00abNous avons un comit\u00e9 de s\u00e9curit\u00e9 en mati\u00e8re de sant\u00e9. Il y a aussi des rencontres pendant lesquelles on rappelle aux travailleurs les conduites \u00e0 tenir pendant l\u2019ex\u00e9cution de la t\u00e2che. Au-del\u00e0, il y a des formations qui se font avec les travailleurs\u00bb, dit-il.\u00a0 A son avis, \u00abla chose la plus importante pour pr\u00e9venir les accidents de travail et les maladies professionnelles, c\u2019est la formation du personnel\u00bb.<\/p>\n\n\n\n<p><br><strong>Par Justin GOMIS \u2013 justin@lequotidien.sn<\/strong><\/p>\n","protected":false},"excerpt":{"rendered":"<p>La politique de pr\u00e9vention des accidents, mise en place au Port autonome de Dakar (Pad),&nbsp; semble porter ses fruits. Non<\/p>\n","protected":false},"author":1,"featured_media":34873,"comment_status":"open","ping_status":"open","sticky":false,"template":"","format":"standard","meta":{"footnotes":""},"categories":[21],"tags":[],"class_list":["post-34872","post","type-post","status-publish","format-standard","has-post-thumbnail","hentry","category-societe"],"_links":{"self":[{"href":"https:\/\/dekkbi.com\/index.php?rest_route=\/wp\/v2\/posts\/34872","targetHints":{"allow":["GET"]}}],"collection":[{"href":"https:\/\/dekkbi.com\/index.php?rest_route=\/wp\/v2\/posts"}],"about":[{"href":"https:\/\/dekkbi.com\/index.php?rest_route=\/wp\/v2\/types\/post"}],"author":[{"embeddable":true,"href":"https:\/\/dekkbi.com\/index.php?rest_route=\/wp\/v2\/users\/1"}],"replies":[{"embeddable":true,"href":"https:\/\/dekkbi.com\/index.php?rest_route=%2Fwp%2Fv2%2Fcomments&post=34872"}],"version-history":[{"count":1,"href":"https:\/\/dekkbi.com\/index.php?rest_route=\/wp\/v2\/posts\/34872\/revisions"}],"predecessor-version":[{"id":34874,"href":"https:\/\/dekkbi.com\/index.php?rest_route=\/wp\/v2\/posts\/34872\/revisions\/34874"}],"wp:featuredmedia":[{"embeddable":true,"href":"https:\/\/dekkbi.com\/index.php?rest_route=\/wp\/v2\/media\/34873"}],"wp:attachment":[{"href":"https:\/\/dekkbi.com\/index.php?rest_route=%2Fwp%2Fv2%2Fmedia&parent=34872"}],"wp:term":[{"taxonomy":"category","embeddable":true,"href":"https:\/\/dekkbi.com\/index.php?rest_route=%2Fwp%2Fv2%2Fcategories&post=34872"},{"taxonomy":"post_tag","embeddable":true,"href":"https:\/\/dekkbi.com\/index.php?rest_route=%2Fwp%2Fv2%2Ftags&post=34872"}],"curies":[{"name":"wp","href":"https:\/\/api.w.org\/{rel}","templated":true}]}}