{"id":34868,"date":"2024-04-16T11:56:55","date_gmt":"2024-04-16T11:56:55","guid":{"rendered":"https:\/\/dekkbi.com\/?p=34868"},"modified":"2024-04-16T11:56:56","modified_gmt":"2024-04-16T11:56:56","slug":"cn-itie-souverainete-energetique-oulimata-sarr-plaide-pour-le-mix","status":"publish","type":"post","link":"https:\/\/dekkbi.com\/?p=34868","title":{"rendered":"CN-ITIE \u2013 Souverainet\u00e9 \u00e9nerg\u00e9tique : Oulimata Sarr plaide pour le mix"},"content":{"rendered":"\n<p><strong>La souverainet\u00e9 \u00e9nerg\u00e9tique passera forc\u00e9ment par l\u2019utilisation d\u2019\u00e9nergie fossile. A l\u2019aune de l\u2019exploitation des hydrocarbures, le S\u00e9n\u00e9gal ne devrait pas se tirailler entre le respect de l\u2019environnement et l\u2019utilisation des hydrocarbures. Oulimata Sarr, la pr\u00e9sidente de l\u2019Itie, est d\u2019avis que les deux peuvent \u00eatre alli\u00e9s.&nbsp;<\/strong><\/p>\n\n\n\n<p><strong>Par Malick GAYE \u2013\u00a0<\/strong>Entre une autonomie \u00e9nerg\u00e9tique et l\u2019exploitation raisonn\u00e9e des hydrocarbures, le S\u00e9n\u00e9gal fait face \u00e0 un dilemme. <\/p>\n\n\n\n<p>Que faire dans ce cas ? <\/p>\n\n\n\n<p>Oulimata Sarr, la pr\u00e9sidente du Comit\u00e9 national de l\u2019Initiative pour la transparence dans les industries extractives (Cn-Itie), ne s\u2019embarrasse pas. \u00abIl est \u00e9vident que nous devons faire les deux\u00bb, a-t-elle d\u00e9clar\u00e9 hier, lors de la c\u00e9r\u00e9monie d\u2019ouverture d\u2019une session de formation des membres du groupe multipartite (Gmp) sur les exigences de la norme Itie en mati\u00e8re de divulgation des \u00e9missions de gaz \u00e0 effet de serre. Pour elle, la position est d\u2019autant plus compr\u00e9hensible que \u00abla crise au Moyen-Orient aura comme cons\u00e9quence directe l\u2019augmentation des cours du p\u00e9trole et interpelle tous les pays qui n\u2019ont pas atteint leur souverainet\u00e9 \u00e9nerg\u00e9tique\u00bb. <\/p>\n\n\n\n<p>Forte de ce contact, elle a estim\u00e9 que le continent africain risque de \u00absupporter de fa\u00e7on disproportionn\u00e9e les cons\u00e9quences du changement climatique, m\u00eame si elle ne contribue qu\u2019\u00e0 hauteur de 3%, voire 4% des \u00e9missions de gaz \u00e0 effet de serre\u00bb. Malgr\u00e9 cette situation, l\u2019ancienne ministre de l\u2019Economie, du plan et de la coop\u00e9ration sous Macky voit une issue dans le respect de la Norme Itie 2023. Qui \u00aboffre des instruments aux parties prenantes pour mieux appr\u00e9hender les changements induits par la transition \u00e9nerg\u00e9tique, en encourageant la divulgation des donn\u00e9es sur les politiques nationales en mati\u00e8re de transition \u00e9nerg\u00e9tique et les subventions (Exigence 2.1), les r\u00e9serves (Exigence 3.1), les pr\u00e9visions de recettes (Exigence 5.3), les d\u00e9penses sociales et les impacts environnementaux (Exigence 6.1) y compris les \u00e9missions de gaz \u00e0 effet de serre (Exigence 3.4)\u00bb. <\/p>\n\n\n\n<p>Ainsi, l\u2019utilisation de ces donn\u00e9es pourra \u00e9clairer le d\u00e9bat public et les d\u00e9cisions politiques sur la transition \u00e9nerg\u00e9tique. \u00abDans le cadre du Rapport Itie 2022, certaines entreprises ont pr\u00e9cis\u00e9 leurs politiques et initiatives visant \u00e0 r\u00e9duire leurs impacts en mati\u00e8re de carbone. Il s\u2019agit notamment de Sococim Industries, de Woodside Energy et de Total Energies EP S\u00e9n\u00e9gal. Nous aurons dans le prochain Rapport Itie 2023 en cours d\u2019\u00e9laboration, de plus amples informations sur la transition \u00e9nerg\u00e9tique\u00bb, a-t-elle annonc\u00e9.<\/p>\n\n\n\n<p>Pour sa part, le pr\u00e9sident de la Commission de l\u2019\u00e9nergie et des ressources min\u00e9rales de l\u2019Assembl\u00e9e nationale a relev\u00e9 que \u00abl\u2019urgence de limiter les \u00e9missions de gaz \u00e0 effet de serre est au c\u0153ur de la lutte contre le changement climatique\u00bb. Abass Fall a appel\u00e9 \u00e0 \u00abun juste \u00e9quilibre sur la pr\u00e9vention du changement climatique et la lutte contre la pauvret\u00e9 \u00e9nerg\u00e9tique et l\u2019acc\u00e8s \u00e0 l\u2019\u00e9nergie pour tous\u00bb.<\/p>\n\n\n\n<p>Les conclusions de cet atelier serviront dans la prise en compte des prochaines d\u00e9cisions dans un domaine aussi vaste que les mines et ressources naturelles.<br>Cet atelier s\u2019inscrit dans le cadre de la prochaine \u00e9valuation du S\u00e9n\u00e9gal en janvier 2025 par l\u2019instance internationale sur la base des exigences de la norme 2023. Il vise \u00e0 renforcer la compr\u00e9hension des membres du Groupe multipartite de l\u2019Itie \u00absur la mani\u00e8re dont ils peuvent soutenir la divulgation publique, la d\u00e9claration des \u00e9missions et de participer \u00e0 un d\u00e9bat qui nous interpelle\u00bb.<\/p>\n\n\n\n<p>Le Gmp de l\u2019Itie est une structure regroupant des membres du gouvernement, des entreprises extractives publiques et priv\u00e9es et des organisations de la Soci\u00e9t\u00e9 civile. Il a pour mission de mettre en \u0153uvre les principes et crit\u00e8res de l\u2019Itie et de se conformer \u00e0 ses exigences.<br><strong>mgaye@lequotidien.sn<\/strong><\/p>\n","protected":false},"excerpt":{"rendered":"<p>La souverainet\u00e9 \u00e9nerg\u00e9tique passera forc\u00e9ment par l\u2019utilisation d\u2019\u00e9nergie fossile. A l\u2019aune de l\u2019exploitation des hydrocarbures, le S\u00e9n\u00e9gal ne devrait pas<\/p>\n","protected":false},"author":1,"featured_media":6807,"comment_status":"open","ping_status":"open","sticky":false,"template":"","format":"standard","meta":{"footnotes":""},"categories":[3],"tags":[],"class_list":["post-34868","post","type-post","status-publish","format-standard","has-post-thumbnail","hentry","category-event-more-news"],"_links":{"self":[{"href":"https:\/\/dekkbi.com\/index.php?rest_route=\/wp\/v2\/posts\/34868","targetHints":{"allow":["GET"]}}],"collection":[{"href":"https:\/\/dekkbi.com\/index.php?rest_route=\/wp\/v2\/posts"}],"about":[{"href":"https:\/\/dekkbi.com\/index.php?rest_route=\/wp\/v2\/types\/post"}],"author":[{"embeddable":true,"href":"https:\/\/dekkbi.com\/index.php?rest_route=\/wp\/v2\/users\/1"}],"replies":[{"embeddable":true,"href":"https:\/\/dekkbi.com\/index.php?rest_route=%2Fwp%2Fv2%2Fcomments&post=34868"}],"version-history":[{"count":1,"href":"https:\/\/dekkbi.com\/index.php?rest_route=\/wp\/v2\/posts\/34868\/revisions"}],"predecessor-version":[{"id":34869,"href":"https:\/\/dekkbi.com\/index.php?rest_route=\/wp\/v2\/posts\/34868\/revisions\/34869"}],"wp:featuredmedia":[{"embeddable":true,"href":"https:\/\/dekkbi.com\/index.php?rest_route=\/wp\/v2\/media\/6807"}],"wp:attachment":[{"href":"https:\/\/dekkbi.com\/index.php?rest_route=%2Fwp%2Fv2%2Fmedia&parent=34868"}],"wp:term":[{"taxonomy":"category","embeddable":true,"href":"https:\/\/dekkbi.com\/index.php?rest_route=%2Fwp%2Fv2%2Fcategories&post=34868"},{"taxonomy":"post_tag","embeddable":true,"href":"https:\/\/dekkbi.com\/index.php?rest_route=%2Fwp%2Fv2%2Ftags&post=34868"}],"curies":[{"name":"wp","href":"https:\/\/api.w.org\/{rel}","templated":true}]}}