{"id":34837,"date":"2024-04-16T10:20:04","date_gmt":"2024-04-16T10:20:04","guid":{"rendered":"https:\/\/dekkbi.com\/?p=34837"},"modified":"2024-04-16T10:20:04","modified_gmt":"2024-04-16T10:20:04","slug":"zelensky-veut-que-le-monde-traite-liran-comme-la-russie","status":"publish","type":"post","link":"https:\/\/dekkbi.com\/?p=34837","title":{"rendered":"Zelensky veut que le monde traite l&rsquo;Iran comme la Russie"},"content":{"rendered":"\n<p><strong>Le pr\u00e9sident ukrainien Volodymyr Zelensky souhaite que le monde condamne avec la m\u00eame fermet\u00e9 les attaques de l\u2019Iran et de la Russie.<\/strong><\/p>\n\n\n\n<p>Suite \u00e0 l&rsquo;attaque lanc\u00e9e par l&rsquo;Iran contre le territoire isra\u00e9lien, le pr\u00e9sident ukrainien a appel\u00e9 les dirigeants mondiaux \u00e0 agir \u00ab\u00a0r\u00e9solument et solidairement\u00a0\u00bb contre \u00ab\u00a0la terreur\u00a0\u00bb de l\u2019Iran et de la Russie.\u00a0<a target=\"_blank\" rel=\"noreferrer noopener\"><\/a><\/p>\n\n\n\n<p>\u00ab\u00a0L&rsquo;Ukraine condamne l&rsquo;attaque de l&rsquo;Iran contre Isra\u00ebl avec des drones et des missiles Shahed\u00a0\u00bb, a indiqu\u00e9 Volodymyr Zelensky dans un message publi\u00e9 sur X (ex-Twitter). \u00ab\u00a0En Ukraine, nous connaissons l&rsquo;horreur d&rsquo;attaques du m\u00eame genre de la Russie, qui utilise les m\u00eames drones, les m\u00eames missiles et les m\u00eames tactiques de frappes a\u00e9riennes massives.\u00a0\u00bb<\/p>\n\n\n\n<p>Zelensky affirme que l&rsquo;attaque iranienne constitue une menace pour la r\u00e9gion enti\u00e8re et le monde, \u00ab\u00a0tout comme les actes de la Russie font craindre un conflit plus large\u00a0\u00bb.&nbsp; \u00ab\u00a0La coop\u00e9ration \u00e9vidente entre les deux r\u00e9gimes pour r\u00e9pandre la terreur\u00a0\u00bb exige une r\u00e9ponse claire et concert\u00e9e de la communaut\u00e9 internationale, a soulign\u00e9 le dirigeant ukrainien.<\/p>\n\n\n\n<p>(LpR avec SR\/Source : X\/Picture : Unsplash)<\/p>\n","protected":false},"excerpt":{"rendered":"<p>Le pr\u00e9sident ukrainien Volodymyr Zelensky souhaite que le monde condamne avec la m\u00eame fermet\u00e9 les attaques de l\u2019Iran et de<\/p>\n","protected":false},"author":1,"featured_media":16588,"comment_status":"open","ping_status":"open","sticky":false,"template":"","format":"standard","meta":{"footnotes":""},"categories":[51],"tags":[],"class_list":["post-34837","post","type-post","status-publish","format-standard","has-post-thumbnail","hentry","category-general"],"_links":{"self":[{"href":"https:\/\/dekkbi.com\/index.php?rest_route=\/wp\/v2\/posts\/34837","targetHints":{"allow":["GET"]}}],"collection":[{"href":"https:\/\/dekkbi.com\/index.php?rest_route=\/wp\/v2\/posts"}],"about":[{"href":"https:\/\/dekkbi.com\/index.php?rest_route=\/wp\/v2\/types\/post"}],"author":[{"embeddable":true,"href":"https:\/\/dekkbi.com\/index.php?rest_route=\/wp\/v2\/users\/1"}],"replies":[{"embeddable":true,"href":"https:\/\/dekkbi.com\/index.php?rest_route=%2Fwp%2Fv2%2Fcomments&post=34837"}],"version-history":[{"count":1,"href":"https:\/\/dekkbi.com\/index.php?rest_route=\/wp\/v2\/posts\/34837\/revisions"}],"predecessor-version":[{"id":34838,"href":"https:\/\/dekkbi.com\/index.php?rest_route=\/wp\/v2\/posts\/34837\/revisions\/34838"}],"wp:featuredmedia":[{"embeddable":true,"href":"https:\/\/dekkbi.com\/index.php?rest_route=\/wp\/v2\/media\/16588"}],"wp:attachment":[{"href":"https:\/\/dekkbi.com\/index.php?rest_route=%2Fwp%2Fv2%2Fmedia&parent=34837"}],"wp:term":[{"taxonomy":"category","embeddable":true,"href":"https:\/\/dekkbi.com\/index.php?rest_route=%2Fwp%2Fv2%2Fcategories&post=34837"},{"taxonomy":"post_tag","embeddable":true,"href":"https:\/\/dekkbi.com\/index.php?rest_route=%2Fwp%2Fv2%2Ftags&post=34837"}],"curies":[{"name":"wp","href":"https:\/\/api.w.org\/{rel}","templated":true}]}}