{"id":34830,"date":"2024-04-15T13:02:12","date_gmt":"2024-04-15T13:02:12","guid":{"rendered":"https:\/\/dekkbi.com\/?p=34830"},"modified":"2024-04-15T13:03:16","modified_gmt":"2024-04-15T13:03:16","slug":"cote-divoire-les-producteurs-de-cacao-rejettent-le-prix-dachat-propose-par-le-gouvernement","status":"publish","type":"post","link":"https:\/\/dekkbi.com\/?p=34830","title":{"rendered":"C\u00f4te d\u2019Ivoire: Les producteurs de cacao rejettent le prix d\u2019achat propos\u00e9 par le gouvernement"},"content":{"rendered":"\n<p><strong>Ouagadougou,<\/strong>\u00a0(AIB \/TASS) \u2013 Le Synap CI et l\u2019Anaproci, les principales organisations de producteurs de f\u00e8ves de cacao de C\u00f4te d\u2019Ivoire, premier fournisseur mondial de ce produit, ont demand\u00e9 aux autorit\u00e9s d\u2019augmenter les prix d\u2019achat. C\u2019est ce que rapporte la radio RFI.<a href=\"https:\/\/popup.taboola.com\/en\/\" target=\"_blank\" rel=\"noreferrer noopener\"><\/a><\/p>\n\n\n\n<p>Le minist\u00e8re ivoirien de l\u2019Agriculture, du D\u00e9veloppement rural et de l\u2019Alimentation a r\u00e9cemment fix\u00e9 le prix d\u2019achat des f\u00e8ves de cacao \u00e0 1.500 francs ouest-africains (2,5 dollars) le kilo. Les organisations de producteurs estiment que ces prix ne permettent pas aux agriculteurs de se constituer une marge de s\u00e9curit\u00e9 suffisante en cas de perte de la r\u00e9colte. Koffi Kang, directeur de l\u2019Anaproci, a d\u00e9clar\u00e9 que les prix devraient \u00eatre port\u00e9s \u00e0 2.500 francs ouest-africains (4 dollars) par kilo.<\/p>\n\n\n\n<p>Ils ont \u00e9t\u00e9 soutenus par les partis politiques. Ainsi, Simon Doho, du Parti d\u00e9mocratique de C\u00f4te d\u2019Ivoire, a d\u00e9clar\u00e9 que \u00ab plus de 80% de nos producteurs de cacao vivaient en dessous du seuil de pauvret\u00e9, alors que le pays fournissait 40% des f\u00e8ves de cacao du monde \u00bb.<\/p>\n\n\n\n<p>L\u2019exemple de la C\u00f4te d\u2019Ivoire est suivi par le Ghana, deuxi\u00e8me exportateur mondial de f\u00e8ves de cacao (2,2 millions de tonnes par an et 822.000 tonnes respectivement). Le pr\u00e9sident ghan\u00e9en Nana Akufo-Addo a r\u00e9cemment ordonn\u00e9 une augmentation de 58,2% des prix d\u2019achat, qui passeront de 20.928 cedis (1.560 dollars) la tonne \u00e0 33.120 (2.460 dollars) la tonne d\u2019ici la fin de la saison 2023-2024. Le Ghana repr\u00e9sente 15.% de la production mondiale de f\u00e8ves de cacao.<\/p>\n\n\n\n<p>R\u00e9cemment, les prix \u00e0 terme des f\u00e8ves de cacao sur le march\u00e9 mondial ont atteint des niveaux record en raison de la propagation des maladies des plantes et des mauvaises conditions m\u00e9t\u00e9orologiques, a rapport\u00e9 Just Food. Les approvisionnements du march\u00e9 mondial devraient diminuer d\u2019environ 8% au cours de la saison 2023-2024. Au cours des 12 derniers mois, les prix des f\u00e8ves de cacao ont augment\u00e9 de 166% et 189% respectivement sur les march\u00e9s \u00e0 terme de New York et de Londres, selon GlobalData. La r\u00e9colte mondiale pour la saison 2023-2024 est pr\u00e9vue \u00e0 4,5 millions de tonnes, soit une baisse de 340.000 tonnes par rapport \u00e0 la saison pr\u00e9c\u00e9dente.<\/p>\n\n\n\n<p>Agence d information du Burkina<\/p>\n\n\n\n<p>Provided by SyndiGate Media Inc. (Syndigate.info)<\/p>\n","protected":false},"excerpt":{"rendered":"<p>Ouagadougou,\u00a0(AIB \/TASS) \u2013 Le Synap CI et l\u2019Anaproci, les principales organisations de producteurs de f\u00e8ves de cacao de C\u00f4te d\u2019Ivoire,<\/p>\n","protected":false},"author":1,"featured_media":3086,"comment_status":"open","ping_status":"open","sticky":false,"template":"","format":"standard","meta":{"footnotes":""},"categories":[3],"tags":[],"class_list":["post-34830","post","type-post","status-publish","format-standard","has-post-thumbnail","hentry","category-event-more-news"],"_links":{"self":[{"href":"https:\/\/dekkbi.com\/index.php?rest_route=\/wp\/v2\/posts\/34830","targetHints":{"allow":["GET"]}}],"collection":[{"href":"https:\/\/dekkbi.com\/index.php?rest_route=\/wp\/v2\/posts"}],"about":[{"href":"https:\/\/dekkbi.com\/index.php?rest_route=\/wp\/v2\/types\/post"}],"author":[{"embeddable":true,"href":"https:\/\/dekkbi.com\/index.php?rest_route=\/wp\/v2\/users\/1"}],"replies":[{"embeddable":true,"href":"https:\/\/dekkbi.com\/index.php?rest_route=%2Fwp%2Fv2%2Fcomments&post=34830"}],"version-history":[{"count":2,"href":"https:\/\/dekkbi.com\/index.php?rest_route=\/wp\/v2\/posts\/34830\/revisions"}],"predecessor-version":[{"id":34832,"href":"https:\/\/dekkbi.com\/index.php?rest_route=\/wp\/v2\/posts\/34830\/revisions\/34832"}],"wp:featuredmedia":[{"embeddable":true,"href":"https:\/\/dekkbi.com\/index.php?rest_route=\/wp\/v2\/media\/3086"}],"wp:attachment":[{"href":"https:\/\/dekkbi.com\/index.php?rest_route=%2Fwp%2Fv2%2Fmedia&parent=34830"}],"wp:term":[{"taxonomy":"category","embeddable":true,"href":"https:\/\/dekkbi.com\/index.php?rest_route=%2Fwp%2Fv2%2Fcategories&post=34830"},{"taxonomy":"post_tag","embeddable":true,"href":"https:\/\/dekkbi.com\/index.php?rest_route=%2Fwp%2Fv2%2Ftags&post=34830"}],"curies":[{"name":"wp","href":"https:\/\/api.w.org\/{rel}","templated":true}]}}