{"id":34783,"date":"2024-04-15T10:14:59","date_gmt":"2024-04-15T10:14:59","guid":{"rendered":"https:\/\/dekkbi.com\/?p=34783"},"modified":"2024-04-15T10:14:59","modified_gmt":"2024-04-15T10:14:59","slug":"moi-capitaine-de-matteo-garrone-le-recit-dun-voyage-perilleux-de-migrants-africains-vers-leurope","status":"publish","type":"post","link":"https:\/\/dekkbi.com\/?p=34783","title":{"rendered":"\u201dMoi capitaine\u2019\u2019 de Matteo Garrone, le r\u00e9cit d\u2019un voyage p\u00e9rilleux de migrants africains vers l\u2019Europe"},"content":{"rendered":"\n<p>Dakar,  (APS) \u2013 Le film \u2018\u2019Moi capitaine\u2019\u2019 du r\u00e9alisateur italien Matteo Garrone, inspir\u00e9 de t\u00e9moignages de migrants africains met en sc\u00e8ne leur voyage p\u00e9rilleux avec comme seul r\u00eave d\u2019arriver en Italie a \u00e9t\u00e9 projet\u00e9, samedi, en s\u00e9ance sp\u00e9ciale au cin\u00e9ma Path\u00e9 Dakar en pr\u00e9sence de son r\u00e9alisateur.<\/p>\n\n\n\n<p>Sorti en septembre dernier, ce road-movie de 2 heures 2 minutes, retrace le chemin parcouru par des candidats \u00e0 l\u2019\u00e9migration clandestine qui ont v\u00e9cu l\u2019horreur \u00e0 travers des s\u00e9vices corporelles et des rackets sur les diff\u00e9rentes fronti\u00e8res travers\u00e9es.<\/p>\n\n\n\n<p>Le film part du r\u00e9cit des jeunes s\u00e9n\u00e9galais Seydou (Seydou Sarr) et Moussa (Moustapha Fall), deux cousins et amis de 16 ans dont le d\u00e9sir d\u2019aller en Europe est motiv\u00e9 par les belles images qu\u2019ils voient sur tik tok ou autres r\u00e9seaux sociaux.<\/p>\n\n\n\n<p>Ces \u00e9l\u00e8ves habitant la Gueule Tap\u00e9e, un quartier de Dakar, \u00e9pargnent de l\u2019argent gr\u00e2ce aux travaux journaliers effectu\u00e9s dans diff\u00e9rents chantiers pour payer leur voyage.<\/p>\n\n\n\n<p>Ils \u00e9taient loin d\u2019imaginer le drame qui les attend avec les rackets de passeurs et douaniers sur toute la travers\u00e9e du Mali en passant par Agades (Niger), l\u2019horreur du d\u00e9sert Libyen, la prison et l\u2019esclavage v\u00e9cu dans ce pays avant d\u2019atterrir \u00e0 Tripoli o\u00f9 ils doivent affronter la mer seuls pour l\u2019Italie. &nbsp;&nbsp;<\/p>\n\n\n\n<p>Le film de Matteo Garrone prim\u00e9 du lion d\u2019argent \u00e0 la Mostra de Venise en 2023 et du prix du meilleur espoir pour l\u2019acteur Seydou est empreint de r\u00e9alisme et une dose d\u2019irr\u00e9el et de mysticisme donne \u00e0 voir le p\u00e9riple atroce par lequel passent les migrants pour arriver en Europe.<\/p>\n\n\n\n<p>Matteo Garrone pr\u00e9sente un film h\u00e9ro\u00efque en fin de compte pour Seydou et Moussa, l\u2019acteur burkinab\u00e9 Issaka Sawadogo et les 250 migrants \u00e0 bord du bateau arriv\u00e9s sains et saufs \u00e0 destination.<\/p>\n\n\n\n<p>Il montre ainsi la r\u00e9alit\u00e9 derri\u00e8re les chiffres de morts et de survivants diffus\u00e9s par les m\u00e9dias europ\u00e9ens<\/p>\n\n\n\n<p>\u2018\u2019C\u2019\u00e9tait tr\u00e8s difficile de faire ce film, car c\u2019est une culture diff\u00e9rente de la mienne et le film est fait enti\u00e8rement en wolof\u2019\u2019, a dit le r\u00e9alisateur du film \u201dGomorra\u201d (2008) sur la mafia italienne.<\/p>\n\n\n\n<p>\u201dMoi capitaine\u201d a repr\u00e9sent\u00e9 l\u2019Italie aux derniers Oscars du cin\u00e9ma am\u00e9ricain dans la cat\u00e9gorie du meilleur film \u00e9tranger.<\/p>\n\n\n\n<p>Pour Mamadou Kouassi, un des migrants dont l\u2019histoire a inspir\u00e9 le film, \u2018\u2019il s\u2019agit de raconter notre histoire, mais aussi raconter une v\u00e9rit\u00e9\u2019\u2019.<\/p>\n\n\n\n<p>\u2018\u2019Parce que les gens croient que lorsque les bateaux arrivent en Europe, ils croient que cela a \u00e9t\u00e9 facile pour nous d\u2019y arriver (\u2026) avec ce film on veut faire connaitre au monde entier cet injustice, car ce n\u2019est pas normal que l\u2019on ne puisse pas avoir un visa pour voyager\u2019\u2019, d\u00e9nonce-t-il. &nbsp;&nbsp;<\/p>\n\n\n\n<p>Le film \u2018\u2019Moi capitaine\u2019\u2019 sera pr\u00e9sent\u00e9 ce dimanche \u00e0 20h \u00e0 la maison de la culture Douta Seck.<\/p>\n\n\n\n<p>Il sera aussi projet\u00e9 gr\u00e2ce \u00e0 une caravane \u00e0 Pikine, Gu\u00e9diawaye, Rufisque, Thi\u00e8s, Mboro, M\u00e9rina Dakhar, Kolda, S\u00e9dhiou avant la cl\u00f4ture le 27 avril prochain \u00e0 Ziguinchor.<\/p>\n\n\n\n<p>FKS\/AKS<\/p>\n","protected":false},"excerpt":{"rendered":"<p>Dakar, (APS) \u2013 Le film \u2018\u2019Moi capitaine\u2019\u2019 du r\u00e9alisateur italien Matteo Garrone, inspir\u00e9 de t\u00e9moignages de migrants africains met en<\/p>\n","protected":false},"author":1,"featured_media":34784,"comment_status":"open","ping_status":"open","sticky":false,"template":"","format":"standard","meta":{"footnotes":""},"categories":[26],"tags":[],"class_list":["post-34783","post","type-post","status-publish","format-standard","has-post-thumbnail","hentry","category-fait-divers"],"_links":{"self":[{"href":"https:\/\/dekkbi.com\/index.php?rest_route=\/wp\/v2\/posts\/34783","targetHints":{"allow":["GET"]}}],"collection":[{"href":"https:\/\/dekkbi.com\/index.php?rest_route=\/wp\/v2\/posts"}],"about":[{"href":"https:\/\/dekkbi.com\/index.php?rest_route=\/wp\/v2\/types\/post"}],"author":[{"embeddable":true,"href":"https:\/\/dekkbi.com\/index.php?rest_route=\/wp\/v2\/users\/1"}],"replies":[{"embeddable":true,"href":"https:\/\/dekkbi.com\/index.php?rest_route=%2Fwp%2Fv2%2Fcomments&post=34783"}],"version-history":[{"count":1,"href":"https:\/\/dekkbi.com\/index.php?rest_route=\/wp\/v2\/posts\/34783\/revisions"}],"predecessor-version":[{"id":34785,"href":"https:\/\/dekkbi.com\/index.php?rest_route=\/wp\/v2\/posts\/34783\/revisions\/34785"}],"wp:featuredmedia":[{"embeddable":true,"href":"https:\/\/dekkbi.com\/index.php?rest_route=\/wp\/v2\/media\/34784"}],"wp:attachment":[{"href":"https:\/\/dekkbi.com\/index.php?rest_route=%2Fwp%2Fv2%2Fmedia&parent=34783"}],"wp:term":[{"taxonomy":"category","embeddable":true,"href":"https:\/\/dekkbi.com\/index.php?rest_route=%2Fwp%2Fv2%2Fcategories&post=34783"},{"taxonomy":"post_tag","embeddable":true,"href":"https:\/\/dekkbi.com\/index.php?rest_route=%2Fwp%2Fv2%2Ftags&post=34783"}],"curies":[{"name":"wp","href":"https:\/\/api.w.org\/{rel}","templated":true}]}}