{"id":34720,"date":"2024-04-14T10:13:29","date_gmt":"2024-04-14T10:13:29","guid":{"rendered":"https:\/\/dekkbi.com\/?p=34720"},"modified":"2024-04-14T10:13:30","modified_gmt":"2024-04-14T10:13:30","slug":"mali-preoccupee-par-le-gel-des-activites-des-partis-politiques-lua-prone-lachevement-du-processus-de-transition","status":"publish","type":"post","link":"https:\/\/dekkbi.com\/?p=34720","title":{"rendered":"Mali : \u201cpr\u00e9occup\u00e9e\u201d par le gel des activit\u00e9s des partis politiques, l\u2019UA pr\u00f4ne l\u2019ach\u00e8vement du processus de transition"},"content":{"rendered":"\n<p>Dakar,  (APS) \u2013 L\u2019Union africaine (UA), par la voix du pr\u00e9sident de sa Commission, Moussa Faki Mahamat, a appel\u00e9 samedi les autorit\u00e9s maliennes \u00e0 reconsid\u00e9rer leur d\u00e9cision de g\u00e8le des activit\u00e9s des partis politiques et associations citoyennes et \u00e0 \u0153uvrer en faveur de l\u2019ach\u00e8vement du processus de transition en cours dans le pays.\u2018\u2019<\/p>\n\n\n\n<p>La Commission de l\u2019UA souligne avec force le droit a\u0300 la participation citoyenne, religieuse et politique, comme droit fondamental et appelle les autorit\u00e9s de transition a\u0300 reconsid\u00e9rer ladite d\u00e9cision et a\u0300 travailler a\u0300 une feuille de route visant a\u0300 achever le processus de transition en cours\u2019\u2019, indique son pr\u00e9sident dans un communiqu\u00e9. <\/p>\n\n\n\n<p>Moussa Faki Mahamat y note avec une \u2018\u2019grande pr\u00e9occupation\u2019\u2019 la publication le 10 avril 2024 par les autorit\u00e9s de transition malienne d\u2019un d\u00e9cret portant suspension de toutes les activit\u00e9s des partis politiques et des associations citoyennes au Mali.<\/p>\n\n\n\n<p>Le diplomate tchadien exprime ainsi sa \u2018\u2019vive inqui\u00e9tude quant a\u0300 cette suspension qui est de nature a\u0300 entraver la mise en \u0153uvre d\u2019un processus de transition inclusive dans le pays\u2019\u2019.<\/p>\n\n\n\n<p>La junte au pouvoir au Mali a annonc\u00e9 la suspension jusqu\u2019\u00e0 nouvel ordre de toutes activit\u00e9s des partis politiques et associations politiques sur toute l\u2019\u00e9tendue du territoire en invoquant \u201ddes raisons d\u2019ordre public\u201d.<\/p>\n\n\n\n<p>\u2018\u2019Sont suspendues jusqu\u2019\u00e0 nouvel ordre, pour raisons d\u2019ordre public, les activit\u00e9s des partis politiques et les activit\u00e9s \u00e0 caract\u00e8re politique des associations sur toute l\u2019\u00e9tendue du territoire national\u2019\u2019, a d\u00e9clar\u00e9, mercredi soir, le colonel Abdoulaye Ma\u00efga, ministre de l\u2019Administration territoriale lors d\u2019un point de presse.<\/p>\n\n\n\n<p>Les autorit\u00e9s maliennes ont, dans la foul\u00e9e, ordonn\u00e9 aux m\u00e9dias de cesser la couverture des activit\u00e9s de toutes les entit\u00e9s frapp\u00e9es d\u2019interdiction d\u2019actions publiques.<\/p>\n\n\n\n<p>L\u2019UA r\u00e9affirme dans le m\u00eame temps son soutien continu au peuple malien et r\u00e9it\u00e8re sa volont\u00e9\u0301 de travailler avec les autorit\u00e9s de transition et toutes les parties prenantes maliennes au r\u00e9tablissement de l\u2019ordre constitutionnel, dans les d\u00e9lais prescrits, en vue de promouvoir une paix, une stabilit\u00e9\u0301 et un d\u00e9veloppement durables au Mali.<\/p>\n\n\n\n<p>AKS<\/p>\n","protected":false},"excerpt":{"rendered":"<p>Dakar, (APS) \u2013 L\u2019Union africaine (UA), par la voix du pr\u00e9sident de sa Commission, Moussa Faki Mahamat, a appel\u00e9 samedi<\/p>\n","protected":false},"author":1,"featured_media":34589,"comment_status":"open","ping_status":"open","sticky":false,"template":"","format":"standard","meta":{"footnotes":""},"categories":[51],"tags":[],"class_list":["post-34720","post","type-post","status-publish","format-standard","has-post-thumbnail","hentry","category-general"],"_links":{"self":[{"href":"https:\/\/dekkbi.com\/index.php?rest_route=\/wp\/v2\/posts\/34720","targetHints":{"allow":["GET"]}}],"collection":[{"href":"https:\/\/dekkbi.com\/index.php?rest_route=\/wp\/v2\/posts"}],"about":[{"href":"https:\/\/dekkbi.com\/index.php?rest_route=\/wp\/v2\/types\/post"}],"author":[{"embeddable":true,"href":"https:\/\/dekkbi.com\/index.php?rest_route=\/wp\/v2\/users\/1"}],"replies":[{"embeddable":true,"href":"https:\/\/dekkbi.com\/index.php?rest_route=%2Fwp%2Fv2%2Fcomments&post=34720"}],"version-history":[{"count":1,"href":"https:\/\/dekkbi.com\/index.php?rest_route=\/wp\/v2\/posts\/34720\/revisions"}],"predecessor-version":[{"id":34721,"href":"https:\/\/dekkbi.com\/index.php?rest_route=\/wp\/v2\/posts\/34720\/revisions\/34721"}],"wp:featuredmedia":[{"embeddable":true,"href":"https:\/\/dekkbi.com\/index.php?rest_route=\/wp\/v2\/media\/34589"}],"wp:attachment":[{"href":"https:\/\/dekkbi.com\/index.php?rest_route=%2Fwp%2Fv2%2Fmedia&parent=34720"}],"wp:term":[{"taxonomy":"category","embeddable":true,"href":"https:\/\/dekkbi.com\/index.php?rest_route=%2Fwp%2Fv2%2Fcategories&post=34720"},{"taxonomy":"post_tag","embeddable":true,"href":"https:\/\/dekkbi.com\/index.php?rest_route=%2Fwp%2Fv2%2Ftags&post=34720"}],"curies":[{"name":"wp","href":"https:\/\/api.w.org\/{rel}","templated":true}]}}