{"id":34712,"date":"2024-04-14T09:53:01","date_gmt":"2024-04-14T09:53:01","guid":{"rendered":"https:\/\/dekkbi.com\/?p=34712"},"modified":"2024-04-14T09:53:02","modified_gmt":"2024-04-14T09:53:02","slug":"assainissement-de-ladministration-il-y-aura-forcement-de-la-resistance-et-du-sabotage","status":"publish","type":"post","link":"https:\/\/dekkbi.com\/?p=34712","title":{"rendered":"Assainissement de l\u2019administration: \u00ab il y aura forc\u00e9ment de la r\u00e9sistance et du sabotage ! \u00bb."},"content":{"rendered":"\n<p>Le communiqu\u00e9 du premier Conseil des ministres du gouvernement Ousmane Sonko nous annonce que l\u2019\u00e8re est aux changements de paradigmes pour une meilleure administration publique et une compl\u00e9mentarit\u00e9 cons\u00e9quente entre les secteurs public et priv\u00e9. Sans doute que le gouvernement saura dresser des garde-fous avant d\u2019entamer le n\u00e9cessaire assainissement de l\u2019administration. Un chantier tellement rocailleux qu\u2019il pourrait user \u00e0 lui seul \u00e9reinter ce gouvernement.<\/p>\n\n\n\n<p>A coup s\u00fbr, il y aura de la r\u00e9sistance et du sabotage car, dans de nombreuses directions et d\u2019innombrables services centraux les privil\u00e8ges sont jalousement g\u00e9r\u00e9s et les pratiques v\u00e9reuses largement ramifi\u00e9es.<\/p>\n\n\n\n<p>En effet, le pr\u00e9sident de la R\u00e9publique et son Premier ministre ont beau \u00eatre aguerris dans l\u2019adversit\u00e9, c\u2019est-\u00e0-dire dans l\u2019opposition, il leur faudra d\u00e9ployer davantage d\u2019efforts encore, de combativit\u00e9 et de d\u00e9termination, d\u2019endurance aussi pour r\u00e9ussir l\u2019aggiornamento de l\u2019administration.<\/p>\n\n\n\n<p> La sensibilit\u00e9 de certaines questions est de nature \u00e0 faire r\u00e9fl\u00e9chir et prendre in\u00e9luctablement du recul pour mieux affronter les acteurs concern\u00e9s.. <\/p>\n\n\n\n<p>Comment faire admettre aux agents de l\u2019administration fiscale et domaniale, de m\u00eame qu\u2019\u00e0 leurs coll\u00e8gues des autres r\u00e9gies financi\u00e8res, que leurs super privil\u00e8ges, intitul\u00e9s fonds communs, induisent un d\u00e9s\u00e9quilibre de la masse salariale de la fonction publique ?<\/p>\n\n\n\n<p>On nous objectera que les dits fonds ne sont qu\u2019une motivation pour des agents qui sont en t\u00eate de pont dans la bataille pour la collecte des recettes budg\u00e9taires. Si nous leur conc\u00e9dons ce m\u00e9rite, il n\u2019en demeure pas moins n\u00e9cessaire de repenser les crit\u00e8res d\u2019attribution de ces fameux fonds communs pour mettre fin \u00e0 la frustration de certaines cat\u00e9gories professionnelles notamment au sein de la Direction g\u00e9n\u00e9rale des imp\u00f4ts et domaines d\u2019o\u00f9 proviennent justement le pr\u00e9sident de la R\u00e9publique et son Premier ministre.<\/p>\n\n\n\n<p>La frustration qui d\u00e9coule de la non-perception de ces fonds communs a dangereusement d\u00e9motiv\u00e9 nombre d\u2019agents dans l\u2019administration publique. <\/p>\n\n\n\n<p>Comment ramener \u00e0 de justes proportions, c\u2019est-\u00e0-dire r\u00e9duire la masse salariale de la Fonction publique, qui reste et de tr\u00e8s loin le premier poste de d\u00e9penses de l\u2019Etat et qui ob\u00e8re l\u2019essentiel des recettes de celui-ci ?<\/p>\n\n\n\n<p>Qui osera dire, sans peur, \u00e0 certains agents domaniaux ind\u00e9licats qu\u2019ils en ont trop fait au point de provoquer ici et l\u00e0 \u00e0 travers le territoire national des manifestations de protestation ?La spoliation fonci\u00e8re en milieu rural et l\u2019usurpation des espaces urbains constituent une source d\u2019enrichissement illicite qu\u2019il faut sanctionner autant que les d\u00e9tournements de deniers publics et l\u2019usage abusif des biens sociaux.<\/p>\n\n\n\n<p>Par quel bout saisir le sabre \u00e0 double tranchant du syst\u00e8me judiciaire affect\u00e9 par un manque de confiance des justiciables ?<\/p>\n\n\n\n<p>La r\u00e9forme de ce syst\u00e8me doit \u00eatre envisag\u00e9e \u00e0 partir d\u2019un certain nombre de termes de r\u00e9f\u00e9rences qui transcendent les aspirations carri\u00e9ristes et le clivage des institutions. Tout d\u00e9pendra bien entendu de la volont\u00e9 et de l\u2019int\u00e9grit\u00e9 des acteurs de la justice.<\/p>\n\n\n\n<p>Pour l\u2019ensemble des probl\u00e9matiques ci-dessus mentionn\u00e9es, le gouvernement doit apporter des solutions fiables et judicieusement \u00e9labor\u00e9es avec le concours du secteur priv\u00e9.<\/p>\n\n\n\n<p>Pourvu aussi que les op\u00e9rateurs du priv\u00e9 comprennent parfaitement les enjeux et se d\u00e9partissent d\u2019une certaine propension \u00e0 exiger la pr\u00e9f\u00e9rence nationale sans avoir les capacit\u00e9s financi\u00e8res et techniques requises pour soumissionner aux march\u00e9s publics.<\/p>\n\n\n\n<p>Sans doute que le gouvernement saura cr\u00e9er un cadre appropri\u00e9, favorable aux joint-ventures qui permettront ainsi aux op\u00e9rateurs priv\u00e9s nationaux de gagner des parts de march\u00e9 et contribuer \u00e0 la r\u00e9sorption du ch\u00f4mage.<\/p>\n\n\n\n<p>Le chantier n\u2019est pas de tout repos et le gouvernement doit se convaincre que l\u2019audace ne suffira pas pour venir \u00e0 bout des organisations mafieuses conservatrices.La remise en ordre de tous les segments de l\u2019administration publique se fera au prix du sacrifice des int\u00e9r\u00eats particuliers entretenus au pr\u00e9judice de la communaut\u00e9 nationale<\/p>\n\n\n\n<p>Le T\u00e9moin<\/p>\n\n\n\n<p><\/p>\n\n\n\n<p><\/p>\n","protected":false},"excerpt":{"rendered":"<p>Le communiqu\u00e9 du premier Conseil des ministres du gouvernement Ousmane Sonko nous annonce que l\u2019\u00e8re est aux changements de paradigmes<\/p>\n","protected":false},"author":1,"featured_media":26620,"comment_status":"open","ping_status":"open","sticky":false,"template":"","format":"standard","meta":{"footnotes":""},"categories":[21],"tags":[],"class_list":["post-34712","post","type-post","status-publish","format-standard","has-post-thumbnail","hentry","category-societe"],"_links":{"self":[{"href":"https:\/\/dekkbi.com\/index.php?rest_route=\/wp\/v2\/posts\/34712","targetHints":{"allow":["GET"]}}],"collection":[{"href":"https:\/\/dekkbi.com\/index.php?rest_route=\/wp\/v2\/posts"}],"about":[{"href":"https:\/\/dekkbi.com\/index.php?rest_route=\/wp\/v2\/types\/post"}],"author":[{"embeddable":true,"href":"https:\/\/dekkbi.com\/index.php?rest_route=\/wp\/v2\/users\/1"}],"replies":[{"embeddable":true,"href":"https:\/\/dekkbi.com\/index.php?rest_route=%2Fwp%2Fv2%2Fcomments&post=34712"}],"version-history":[{"count":1,"href":"https:\/\/dekkbi.com\/index.php?rest_route=\/wp\/v2\/posts\/34712\/revisions"}],"predecessor-version":[{"id":34713,"href":"https:\/\/dekkbi.com\/index.php?rest_route=\/wp\/v2\/posts\/34712\/revisions\/34713"}],"wp:featuredmedia":[{"embeddable":true,"href":"https:\/\/dekkbi.com\/index.php?rest_route=\/wp\/v2\/media\/26620"}],"wp:attachment":[{"href":"https:\/\/dekkbi.com\/index.php?rest_route=%2Fwp%2Fv2%2Fmedia&parent=34712"}],"wp:term":[{"taxonomy":"category","embeddable":true,"href":"https:\/\/dekkbi.com\/index.php?rest_route=%2Fwp%2Fv2%2Fcategories&post=34712"},{"taxonomy":"post_tag","embeddable":true,"href":"https:\/\/dekkbi.com\/index.php?rest_route=%2Fwp%2Fv2%2Ftags&post=34712"}],"curies":[{"name":"wp","href":"https:\/\/api.w.org\/{rel}","templated":true}]}}