{"id":34688,"date":"2024-04-13T15:10:31","date_gmt":"2024-04-13T15:10:31","guid":{"rendered":"https:\/\/dekkbi.com\/?p=34688"},"modified":"2024-04-13T15:10:31","modified_gmt":"2024-04-13T15:10:31","slug":"nadal-devrait-bien-faire-son-retour-a-la-competition-a-barcelone","status":"publish","type":"post","link":"https:\/\/dekkbi.com\/?p=34688","title":{"rendered":"Nadal devrait bien faire son retour \u00e0 la comp\u00e9tition \u00e0 Barcelone"},"content":{"rendered":"\n<p>Rafael Nadal effectuera son retour \u00e0 la comp\u00e9tition la semaine prochaine au tournoi ATP 500 sur terre battue de Barcelone. L\u2019Espagnol, \u00e9cart\u00e9 des courts depuis janvier et retomb\u00e9 au 646e rang mondial, affrontera l\u2019Italen Flavio Cobolli, 63e mondial, au premier tour, selon le tirage au sort effectu\u00e9 samedi.<\/p>\n\n\n\n<p>Le vainqueur de ce duel sera oppos\u00e9 au deuxi\u00e8me tour \u00e0 l\u2019Australien Alex De Minaur, 11\u1d49 mondial et dispens\u00e9 de premier tour gr\u00e2ce \u00e0 son statut de t\u00eate de s\u00e9rie N.4.<\/p>\n\n\n\n<p>Rafael Nadal, qui f\u00eatera ses 38 ans le 3 juin en plein Roland-Garros, n\u2019a jou\u00e9 que trois matchs officiels depuis sa blessure au deuxi\u00e8me tour de l\u2019Open d\u2019Australie 2023. <\/p>\n\n\n\n<p>C\u2019\u00e9tait en janvier dernier \u00e0 Brisbane o\u00f9 il a \u00e9t\u00e9 \u00e9limin\u00e9 en quarts de finale.Depuis, le Majorquin n\u2019a cess\u00e9 de repousser son retour, ayant d\u00e9clar\u00e9 forfait successivement \u00e0 l\u2019Open d\u2019Australie, Doha, Indian Wells et Monte-Carlo la semaine derni\u00e8re.<\/p>\n\n\n\n<p>Barcelone est un des tournois f\u00e9tiches de Nadal, qui s\u2019y est impos\u00e9 12 fois (2005-2009, 2011-2013, 2016-2018 et 2021). Son premier succ\u00e8s en 2005 a pr\u00e9c\u00e9d\u00e9 le premier de ses 14 titres \u00e0 Roland-Garros.<\/p>\n\n\n\n<p>Double tenant du titre, l\u2019Espagnol Carlos Alcaraz (ATP 3) sera la 1e t\u00eate de s\u00e9rie du tournoi catalan.<\/p>\n\n\n\n<p>SOURCE RFI<\/p>\n","protected":false},"excerpt":{"rendered":"<p>Rafael Nadal effectuera son retour \u00e0 la comp\u00e9tition la semaine prochaine au tournoi ATP 500 sur terre battue de Barcelone.<\/p>\n","protected":false},"author":1,"featured_media":28218,"comment_status":"open","ping_status":"open","sticky":false,"template":"","format":"standard","meta":{"footnotes":""},"categories":[9],"tags":[],"class_list":["post-34688","post","type-post","status-publish","format-standard","has-post-thumbnail","hentry","category-sports"],"_links":{"self":[{"href":"https:\/\/dekkbi.com\/index.php?rest_route=\/wp\/v2\/posts\/34688","targetHints":{"allow":["GET"]}}],"collection":[{"href":"https:\/\/dekkbi.com\/index.php?rest_route=\/wp\/v2\/posts"}],"about":[{"href":"https:\/\/dekkbi.com\/index.php?rest_route=\/wp\/v2\/types\/post"}],"author":[{"embeddable":true,"href":"https:\/\/dekkbi.com\/index.php?rest_route=\/wp\/v2\/users\/1"}],"replies":[{"embeddable":true,"href":"https:\/\/dekkbi.com\/index.php?rest_route=%2Fwp%2Fv2%2Fcomments&post=34688"}],"version-history":[{"count":1,"href":"https:\/\/dekkbi.com\/index.php?rest_route=\/wp\/v2\/posts\/34688\/revisions"}],"predecessor-version":[{"id":34689,"href":"https:\/\/dekkbi.com\/index.php?rest_route=\/wp\/v2\/posts\/34688\/revisions\/34689"}],"wp:featuredmedia":[{"embeddable":true,"href":"https:\/\/dekkbi.com\/index.php?rest_route=\/wp\/v2\/media\/28218"}],"wp:attachment":[{"href":"https:\/\/dekkbi.com\/index.php?rest_route=%2Fwp%2Fv2%2Fmedia&parent=34688"}],"wp:term":[{"taxonomy":"category","embeddable":true,"href":"https:\/\/dekkbi.com\/index.php?rest_route=%2Fwp%2Fv2%2Fcategories&post=34688"},{"taxonomy":"post_tag","embeddable":true,"href":"https:\/\/dekkbi.com\/index.php?rest_route=%2Fwp%2Fv2%2Ftags&post=34688"}],"curies":[{"name":"wp","href":"https:\/\/api.w.org\/{rel}","templated":true}]}}