{"id":34665,"date":"2024-04-13T13:47:55","date_gmt":"2024-04-13T13:47:55","guid":{"rendered":"https:\/\/dekkbi.com\/?p=34665"},"modified":"2024-04-13T13:47:55","modified_gmt":"2024-04-13T13:47:55","slug":"me-cledor-cire-ly-aucun-detenu-politique-ne-doit-passer-ce-week-end-en-prison","status":"publish","type":"post","link":"https:\/\/dekkbi.com\/?p=34665","title":{"rendered":"Me Cl\u00e9dor Cir\u00e9 Ly &#8211; \u00ab\u00a0Aucun d\u00e9tenu politique ne doit passer ce week-end en prison\u00a0\u00bb"},"content":{"rendered":"\n<p>Depuis l&rsquo;Allemagne o\u00f9 il est hospitalis\u00e9, Me Cl\u00e9dor Cir\u00e9 Ly s&rsquo;est fendu aujourd&rsquo;hui d&rsquo;un communiqu\u00e9 pour d\u00e9noncer la situation des personnes d\u00e9tenues qui devraient \u00eatre lib\u00e9r\u00e9es sur la base de la loi d&rsquo;amnistie. <\/p>\n\n\n\n<p>\u00ab\u00a0C&rsquo;est un  situation confuse et tous ceux qui ont \u00e9t\u00e9 victimes d&rsquo;arrestations arbitraires et abus de qualifications du parquet r\u00e9gional, ne sont pas encore lib\u00e9r\u00e9s\u00a0\u00bb, a fait remarquer l&rsquo;avocat. Dans le communiqu\u00e9, la robe noire de dire que \u00ab\u00a0tous ceux qui avaient b\u00e9n\u00e9fici\u00e9 de libert\u00e9 conditionnelle avec des bracelets \u00e9lectroniques encombrants et avilissants sous le r\u00e9gime de terreur, n&rsquo;ont pas \u00e9t\u00e9 lib\u00e9r\u00e9s de leurs chaines\u00a0\u00bb.<\/p>\n\n\n\n<p>\u00abIl est \u00e0 rappeler que la loi d&rsquo;amnistie est une loi d&rsquo;Etat et que toutes les personnes qui ont le pouvoir de mettre fin \u00e0 la d\u00e9tention des personnes qui en b\u00e9n\u00e9ficient et qui s&rsquo;abstiennent d&rsquo;y mettre fin, peuvent \u00eatre poursuivies pour d\u00e9tentions arbitraires quels que soient leurs qualit\u00e9s ou leurs rangs. <\/p>\n\n\n\n<p>Il a \u00e9t\u00e9 relev\u00e9 les situations suivantes :<\/p>\n\n\n\n<p>Les personnes renvoy\u00e9es devant les juridictions de jugement et dont les dossiers ont \u00e9t\u00e9 programm\u00e9s \u00e0 des dates diff\u00e9rentes et lointaines, les personnes dont les dossiers sont d\u00e9j\u00e0 jug\u00e9es par  la Chambre d&rsquo;accusation mais qui sont entre la cour d&rsquo;appel et les cabinets d&rsquo;instructions, les personnes dont les dossiers se trouvent devant la Chambre d&rsquo;accusation et qui n&rsquo;ont pas encore fait l&rsquo;objet d&rsquo;aucun traitement d\u00e9finitif, des personnes concern\u00e9es par la loi d\u2019amnistie pour lesquelles la police ou la gendarmerie a ajout\u00e9 d&rsquo;autres infractions irr\u00e9elles pour charger leurs situations et dont une analyse sommaire fait appara\u00eetre des qualifications juridiquement incompatibles ou inconcevables\u00a0\u00bb, a \u00e9num\u00e9r\u00e9 Me Ly. <\/p>\n\n\n\n<p>Selon lui, toujours dans cette cat\u00e9gorie, \u00ab\u00a0il y a des militaires qui font l&rsquo;objet d&rsquo;un transf\u00e8rement \u00e0 Dakar et qui d\u00e9pendent de la juridiction de Ziguinchor et enfin, il y a les personnes renvoy\u00e9es devant les juridictions de jugement et dont les dossiers n&rsquo;ont pas \u00e9t\u00e9 enr\u00f4l\u00e9s par le parquet.<\/p>\n\n\n\n<p> Pour lui, il urge pour  une solution rapide et globale qui remplit les exigences de la loi d&rsquo;amnistie, il revient aux procureurs des r\u00e9gions d&rsquo;\u00e9tablir les listes exhaustives de toutes les personnes arr\u00eat\u00e9es depuis mars 2021, la situation dont  rel\u00e8ve chaque d\u00e9tenu, d&rsquo;attirer l&rsquo;attention des procureurs g\u00e9n\u00e9raux, des chambres d&rsquo;accusation, des juges d&rsquo;instruction et des premiers pr\u00e9sidents des tribunaux de grande instance et les administrations p\u00e9nitentiaires (pour les personnes d\u00e9j\u00e0 condamn\u00e9es), pour leurs mises en libert\u00e9 imm\u00e9diate \u00bb<\/p>\n\n\n\n<p>.\u00abTout le formalisme invoqu\u00e9 ne se justifie pas, puisque c&rsquo;est la loi d&rsquo;amnistie qui est le fondement juridique de la disparition des infractions qui leurs avaient \u00e9t\u00e9 \u00e0 tort et arbitrairement imput\u00e9es, et qui effacent les crimes ou d\u00e9lits. Le nouveau ministre de la justice doit veiller \u00e0 ce qu&rsquo;aucun d\u00e9tenu politique ne passe ce week-end en prison \u00bb, plaide l\u2019avocat.<\/p>\n","protected":false},"excerpt":{"rendered":"<p>Depuis l&rsquo;Allemagne o\u00f9 il est hospitalis\u00e9, Me Cl\u00e9dor Cir\u00e9 Ly s&rsquo;est fendu aujourd&rsquo;hui d&rsquo;un communiqu\u00e9 pour d\u00e9noncer la situation des<\/p>\n","protected":false},"author":1,"featured_media":34666,"comment_status":"open","ping_status":"open","sticky":false,"template":"","format":"standard","meta":{"footnotes":""},"categories":[26],"tags":[],"class_list":["post-34665","post","type-post","status-publish","format-standard","has-post-thumbnail","hentry","category-fait-divers"],"_links":{"self":[{"href":"https:\/\/dekkbi.com\/index.php?rest_route=\/wp\/v2\/posts\/34665","targetHints":{"allow":["GET"]}}],"collection":[{"href":"https:\/\/dekkbi.com\/index.php?rest_route=\/wp\/v2\/posts"}],"about":[{"href":"https:\/\/dekkbi.com\/index.php?rest_route=\/wp\/v2\/types\/post"}],"author":[{"embeddable":true,"href":"https:\/\/dekkbi.com\/index.php?rest_route=\/wp\/v2\/users\/1"}],"replies":[{"embeddable":true,"href":"https:\/\/dekkbi.com\/index.php?rest_route=%2Fwp%2Fv2%2Fcomments&post=34665"}],"version-history":[{"count":1,"href":"https:\/\/dekkbi.com\/index.php?rest_route=\/wp\/v2\/posts\/34665\/revisions"}],"predecessor-version":[{"id":34667,"href":"https:\/\/dekkbi.com\/index.php?rest_route=\/wp\/v2\/posts\/34665\/revisions\/34667"}],"wp:featuredmedia":[{"embeddable":true,"href":"https:\/\/dekkbi.com\/index.php?rest_route=\/wp\/v2\/media\/34666"}],"wp:attachment":[{"href":"https:\/\/dekkbi.com\/index.php?rest_route=%2Fwp%2Fv2%2Fmedia&parent=34665"}],"wp:term":[{"taxonomy":"category","embeddable":true,"href":"https:\/\/dekkbi.com\/index.php?rest_route=%2Fwp%2Fv2%2Fcategories&post=34665"},{"taxonomy":"post_tag","embeddable":true,"href":"https:\/\/dekkbi.com\/index.php?rest_route=%2Fwp%2Fv2%2Ftags&post=34665"}],"curies":[{"name":"wp","href":"https:\/\/api.w.org\/{rel}","templated":true}]}}