{"id":34660,"date":"2024-04-13T13:37:04","date_gmt":"2024-04-13T13:37:04","guid":{"rendered":"https:\/\/dekkbi.com\/?p=34660"},"modified":"2024-04-13T13:37:05","modified_gmt":"2024-04-13T13:37:05","slug":"organisation-can-2025-la-nouvelle-declaration-du-maroc","status":"publish","type":"post","link":"https:\/\/dekkbi.com\/?p=34660","title":{"rendered":"Organisation CAN 2025 : la nouvelle d\u00e9claration du Maroc"},"content":{"rendered":"\n<p>iGFM (Dakar) Alors que la Coupe d&rsquo;Afrique des Nations 2025 se tiendra \u00e0 une date encore \u00e0 d\u00e9terminer, le Maroc se montre pr\u00eat et d\u00e9termin\u00e9 \u00e0 accueillir l&rsquo;\u00e9v\u00e9nement footballistique le plus prestigieux du continent, et ce quelle que soit la p\u00e9riode retenue.<\/p>\n\n\n\n<p>Pour le magazine Jeune Afrique, un membre de la F\u00e9d\u00e9ration Royale Marocaine de Football (FRMF) a r\u00e9cemment affirm\u00e9 dans un \u00e9lan de confiance : \u00ab S\u2019il faut acc\u00e9l\u00e9rer les choses, on saura le faire \u00bb. <\/p>\n\n\n\n<p>Cette d\u00e9claration survient malgr\u00e9 les travaux toujours en cours dans cinq des six stades pour accueillir le tournoi (Agadir, Casablanca, F\u00e8s, Tanger et Marrakech).<\/p>\n\n\n\n<p> Si certains seront pr\u00eats courant 2024, le stade de Rabat sera en revanche le seul parmi les six pr\u00e9vus \u00e0 ne pas \u00eatre pr\u00eat dans les temps. Quoi qu&rsquo;il en soit, les instances marocaines se sentent confiantes \u00e0 l&rsquo;id\u00e9e d&rsquo;accueillir la CAN l&rsquo;ann\u00e9e prochaine.<\/p>\n\n\n\n<p> Et peut-\u00eatre plus rapidement que pr\u00e9vu\u2026<\/p>\n\n\n\n<p>Face \u00e0 la complexit\u00e9 du calendrier international et aux enjeux logistiques, la p\u00e9riode de janvier-f\u00e9vrier 2025 semble en effet \u00e9merger comme la fen\u00eatre id\u00e9ale pour la tenue de la CAN. <\/p>\n\n\n\n<p>Plusieurs raisons justifient cette hypoth\u00e8se comme la probable meilleure option pour l&rsquo;organisation du tournoi. Premi\u00e8rement, la concurrence avec d&rsquo;autres grands \u00e9v\u00e9nements sportifs serait moindre. Organiser la CAN en juin-juillet, comme initialement souhait\u00e9 par certains, s&rsquo;av\u00e8re complexe en raison de la nouvelle formule de la Coupe du monde des clubs de la FIFA pr\u00e9vue aux \u00c9tats-Unis \u00e0 la m\u00eame p\u00e9riode. <\/p>\n\n\n\n<p>Ce chevauchement pourrait affecter la disponibilit\u00e9 des joueurs africains participant \u00e0 la CAN, en raison de leurs engagements avec leurs clubs.Une date toujours inconnue<\/p>\n\n\n\n<p>Ensuite, la proposition d&rsquo;organiser la CAN entre juillet et ao\u00fbt, apr\u00e8s la Coupe du monde des clubs, a \u00e9t\u00e9 rapidement \u00e9cart\u00e9e.<\/p>\n\n\n\n<p> Outre les d\u00e9fis li\u00e9s au climat et \u00e0 la fatigue des joueurs, cette p\u00e9riode correspond en effet \u00e0 la p\u00e9riode de pr\u00e9paration des clubs et elle obligerait les joueurs \u00e0 encha\u00eener Mondial des clubs-CAN puis qualifications pour la Coupe du monde 2026 en l&rsquo;espace d&rsquo;un mois, imposant un rythme insoutenable.<\/p>\n\n\n\n<p> Janvier-f\u00e9vrier 2026 est compliqu\u00e9 aussi car ce cr\u00e9neau intervient seulement quelques mois avant la Coupe du monde 2026.<\/p>\n\n\n\n<p>La fen\u00eatre de janvier-f\u00e9vrier 2025, qui se profile vite \u00e0 l&rsquo;horizon (dans moins d&rsquo;un an !) pr\u00e9sente donc des avantages significatifs. Elle permettrait d&rsquo;\u00e9viter les complications calendaires et garantirait une participation optimale des joueurs, m\u00eame si elle ferait \u00e9videmment grincer des dents une fois de plus les clubs europ\u00e9ens.<\/p>\n\n\n\n<p> De plus, le Maroc, fort de son exp\u00e9rience en mati\u00e8re d&rsquo;organisation d&rsquo;\u00e9v\u00e9nements sportifs d&rsquo;envergure dispose des infrastructures n\u00e9cessaires pour accueillir la comp\u00e9tition dans les meilleures conditions dans un d\u00e9lai aussi restreint. Bien s\u00fbr, rien n&rsquo;est officiel pour l&rsquo;instant et la date exacte de la CAN 2025 reste \u00e0 confirmer.<\/p>\n","protected":false},"excerpt":{"rendered":"<p>iGFM (Dakar) Alors que la Coupe d&rsquo;Afrique des Nations 2025 se tiendra \u00e0 une date encore \u00e0 d\u00e9terminer, le Maroc<\/p>\n","protected":false},"author":1,"featured_media":28010,"comment_status":"open","ping_status":"open","sticky":false,"template":"","format":"standard","meta":{"footnotes":""},"categories":[9],"tags":[],"class_list":["post-34660","post","type-post","status-publish","format-standard","has-post-thumbnail","hentry","category-sports"],"_links":{"self":[{"href":"https:\/\/dekkbi.com\/index.php?rest_route=\/wp\/v2\/posts\/34660","targetHints":{"allow":["GET"]}}],"collection":[{"href":"https:\/\/dekkbi.com\/index.php?rest_route=\/wp\/v2\/posts"}],"about":[{"href":"https:\/\/dekkbi.com\/index.php?rest_route=\/wp\/v2\/types\/post"}],"author":[{"embeddable":true,"href":"https:\/\/dekkbi.com\/index.php?rest_route=\/wp\/v2\/users\/1"}],"replies":[{"embeddable":true,"href":"https:\/\/dekkbi.com\/index.php?rest_route=%2Fwp%2Fv2%2Fcomments&post=34660"}],"version-history":[{"count":1,"href":"https:\/\/dekkbi.com\/index.php?rest_route=\/wp\/v2\/posts\/34660\/revisions"}],"predecessor-version":[{"id":34661,"href":"https:\/\/dekkbi.com\/index.php?rest_route=\/wp\/v2\/posts\/34660\/revisions\/34661"}],"wp:featuredmedia":[{"embeddable":true,"href":"https:\/\/dekkbi.com\/index.php?rest_route=\/wp\/v2\/media\/28010"}],"wp:attachment":[{"href":"https:\/\/dekkbi.com\/index.php?rest_route=%2Fwp%2Fv2%2Fmedia&parent=34660"}],"wp:term":[{"taxonomy":"category","embeddable":true,"href":"https:\/\/dekkbi.com\/index.php?rest_route=%2Fwp%2Fv2%2Fcategories&post=34660"},{"taxonomy":"post_tag","embeddable":true,"href":"https:\/\/dekkbi.com\/index.php?rest_route=%2Fwp%2Fv2%2Ftags&post=34660"}],"curies":[{"name":"wp","href":"https:\/\/api.w.org\/{rel}","templated":true}]}}