{"id":34655,"date":"2024-04-13T13:29:24","date_gmt":"2024-04-13T13:29:24","guid":{"rendered":"https:\/\/dekkbi.com\/?p=34655"},"modified":"2024-04-13T13:29:25","modified_gmt":"2024-04-13T13:29:25","slug":"contrat-daffermage-de-leau-une-privatisation-problematique","status":"publish","type":"post","link":"https:\/\/dekkbi.com\/?p=34655","title":{"rendered":"Contrat d\u2019affermage de l\u2019eau : une privatisation probl\u00e9matique"},"content":{"rendered":"\n<p><strong>Le journal les \u00c9chos a annonc\u00e9 la signature par l\u2019ancien pr\u00e9sident de la R\u00e9publique, Macky Sall, d\u2019un avenant pour la Suez avant son d\u00e9part du pouvoir. Cette signature remet sur la table les probl\u00e8mes qui entourent l\u2019attribution des contrats d\u2019affermage de l\u2019eau en milieu urbain. La situation est aussi identique dans le monde rural o\u00f9 les populations d\u00e9crient la r\u00e9forme de l\u2019hydraulique rurale.<\/strong><\/p>\n\n\n\n<p>Le quotidien les \u00c9chos a donn\u00e9 l\u2019information dans sa parution d\u2019hier, vendredi 12 avril 2024. L\u2019ancien pr\u00e9sident de la R\u00e9publique, Macky Sall, aurait sign\u00e9 un avenant pour Suez avant son d\u00e9part, un contrat qui fait d\u00e9bat et qui m\u00e9riterait la r\u00e9action du nouveau ministre de l\u2019hydraulique et de l\u2019assainissement, Cheikh Tidiane Di\u00e9ye.\u00a0 Rappelons que ce contrat avec Suez a toujours suscit\u00e9 des inqui\u00e9tudes. <\/p>\n\n\n\n<p>La signature du contrat d\u2019affermage de l\u2019eau en milieu urbain et p\u00e9riurbain avec cette soci\u00e9t\u00e9, pour les quinze prochaines ann\u00e9es, a eu lieu le 30 d\u00e9cembre 2019. La soci\u00e9t\u00e9 concessionnaire a d\u00e9marr\u00e9 ses activit\u00e9s le 1<sup>er\u00a0<\/sup>janvier 2020, sous l\u2019appellation de la Sen \u2019Eau, le contrat de son pr\u00e9d\u00e9cesseur, la S\u00e9n\u00e9galaise de l\u2019Eau (Sde) ayant pris fin la veille, le 31 d\u00e9cembre 2019, apr\u00e8s un an de contentieux sur le choix de l\u2019adjudicataire. Sen Eau assure depuis cette date l\u2019approvisionnement en eau des villes s\u00e9n\u00e9galaises avec souvent des griefs des utilisateurs. <\/p>\n\n\n\n<p>La chert\u00e9 de l\u2019eau est d\u00e9nonc\u00e9e. Serigne Mbaye Thiam, ministre de l\u2019Eau et de l\u2019assainissement, avait annonc\u00e9 l\u2019audit du syst\u00e8me d\u2019approvisionnement. Les r\u00e9sultats ne sont pas connus.<\/p>\n\n\n\n<p> L\u2019eau dans le monde rural connait aussi des difficult\u00e9s. En 2014, l\u2019Etat a pris des mesures pour confier la distribution de l\u2019eau dans le monde rural \u00e0 des priv\u00e9s. <\/p>\n\n\n\n<p>C\u2019est ainsi qu\u2019\u00e0 travers le minist\u00e8re de l\u2019Hydraulique et l\u2019Office des forages ruraux (OFOR), il a introduit des entreprises priv\u00e9es dans la gestion qui \u00e9tait autrefois confi\u00e9e \u00e0 des groupements locaux d\u00e9nomm\u00e9s Associations des usagers des forages ruraux (ASUFOR). Dans le monde rural, il est aussi d\u00e9nonc\u00e9 la mauvaise qualit\u00e9 de l\u2019eau. <\/p>\n\n\n\n<p>Dans ses promesses de campagne, l\u2019actuel pr\u00e9sident de la R\u00e9publique, Bassirou Diomaye Faye, avait promis d\u2019entreprendre d\u00e8s son accession au pouvoir, des r\u00e9formes sur la gestion de l\u2019hydraulique rurale.<\/p>\n\n\n\n<p><strong>F NDIAYE<\/strong><\/p>\n","protected":false},"excerpt":{"rendered":"<p>Le journal les \u00c9chos a annonc\u00e9 la signature par l\u2019ancien pr\u00e9sident de la R\u00e9publique, Macky Sall, d\u2019un avenant pour la<\/p>\n","protected":false},"author":1,"featured_media":34656,"comment_status":"open","ping_status":"open","sticky":false,"template":"","format":"standard","meta":{"footnotes":""},"categories":[3],"tags":[],"class_list":["post-34655","post","type-post","status-publish","format-standard","has-post-thumbnail","hentry","category-event-more-news"],"_links":{"self":[{"href":"https:\/\/dekkbi.com\/index.php?rest_route=\/wp\/v2\/posts\/34655","targetHints":{"allow":["GET"]}}],"collection":[{"href":"https:\/\/dekkbi.com\/index.php?rest_route=\/wp\/v2\/posts"}],"about":[{"href":"https:\/\/dekkbi.com\/index.php?rest_route=\/wp\/v2\/types\/post"}],"author":[{"embeddable":true,"href":"https:\/\/dekkbi.com\/index.php?rest_route=\/wp\/v2\/users\/1"}],"replies":[{"embeddable":true,"href":"https:\/\/dekkbi.com\/index.php?rest_route=%2Fwp%2Fv2%2Fcomments&post=34655"}],"version-history":[{"count":1,"href":"https:\/\/dekkbi.com\/index.php?rest_route=\/wp\/v2\/posts\/34655\/revisions"}],"predecessor-version":[{"id":34657,"href":"https:\/\/dekkbi.com\/index.php?rest_route=\/wp\/v2\/posts\/34655\/revisions\/34657"}],"wp:featuredmedia":[{"embeddable":true,"href":"https:\/\/dekkbi.com\/index.php?rest_route=\/wp\/v2\/media\/34656"}],"wp:attachment":[{"href":"https:\/\/dekkbi.com\/index.php?rest_route=%2Fwp%2Fv2%2Fmedia&parent=34655"}],"wp:term":[{"taxonomy":"category","embeddable":true,"href":"https:\/\/dekkbi.com\/index.php?rest_route=%2Fwp%2Fv2%2Fcategories&post=34655"},{"taxonomy":"post_tag","embeddable":true,"href":"https:\/\/dekkbi.com\/index.php?rest_route=%2Fwp%2Fv2%2Ftags&post=34655"}],"curies":[{"name":"wp","href":"https:\/\/api.w.org\/{rel}","templated":true}]}}