{"id":3465,"date":"2022-11-17T11:44:15","date_gmt":"2022-11-17T11:44:15","guid":{"rendered":"https:\/\/dekkbi.com\/?p=3465"},"modified":"2022-11-17T11:44:16","modified_gmt":"2022-11-17T11:44:16","slug":"acclame-a-la-cop27-lula-promet-larret-de-la-deforestation-avant-2030","status":"publish","type":"post","link":"https:\/\/dekkbi.com\/?p=3465","title":{"rendered":"Acclam\u00e9 \u00e0 la COP27, Lula promet l&rsquo;arr\u00eat de la d\u00e9forestation avant 2030"},"content":{"rendered":"\n<p>La 27e Conf\u00e9rence des Parties (COP) s\u2019est ouverte lundi 7 novembre \u00e0 Charm el-Cheikh (\u00c9gypte). Cette 5e COP \u00ab\u00a0africaine\u00a0\u00bb se tient dans un contexte international peu propice pour progresser sur le chemin de la lutte contre le r\u00e9chauffement climatique, qui fait sentir ses effets de plus en plus fr\u00e9quemment partout dans le monde. \u00ab\u00a0Un jour \u00e0 la COP\u00a0\u00bb livre un condens\u00e9 de ce qui s\u2019est dit et nou\u00e9 durant la journ\u00e9e de n\u00e9gociations, et part \u00e0 la rencontre de quelques-uns de ses acteurs. Th\u00e8me du jour\u00a0: biodiversit\u00e9 et oc\u00e9an.<\/p>\n\n\n\n<p><em>Avec nos envoy\u00e9s sp\u00e9ciaux\u00a0\u00e0 Charm el-Cheikh<\/em> -RFI<\/p>\n\n\n\n<p><strong>C\u2019EST DIT&nbsp;!<\/strong><\/p>\n\n\n\n<p>a lanc\u00e9 \u00e0 plusieurs reprises le futur pr\u00e9sident Lula da Silva, accueilli par une foule compacte surexcit\u00e9e qui scandait son nom&nbsp;(lire ci-dessous).<\/p>\n\n\n\n<p><strong>\u00c0 LA COP CE MERCREDI<\/strong><\/p>\n\n\n\n<p><strong>\u2666 L\u2019homme du jour<\/strong>, c\u2019est le pr\u00e9sident br\u00e9silien Lula da Silva, \u00e9lu le 30&nbsp;octobre dernier et&nbsp;attendu comme le messie \u00e0 cette COP. Il suscite beaucoup d&rsquo;espoirs sur la sc\u00e8ne climatique, apr\u00e8s l&rsquo;\u00e8re du climato-sceptique&nbsp;Jair Bolsonaro. La majeure partie de la for\u00eat amazonienne, l\u2019un des grands puits de carbone de la plan\u00e8te, se situe au Br\u00e9sil. Dans son discours, pas d\u2019annonces majeures, mais la volont\u00e9 r\u00e9affirm\u00e9e de faire de la protection du climat et de l\u2019environnement&nbsp;une priorit\u00e9. \u00ab&nbsp;<em>Je suis l\u00e0 aujourd\u2019hui pour vous dire que le Br\u00e9sil est de retour&nbsp;! Il n\u2019y a pas de s\u00e9curit\u00e9 climatique pour le monde sans une Amazonie prot\u00e9g\u00e9e. Nous ferons tout ce qu\u2019il faudra pour avoir z\u00e9ro&nbsp;d\u00e9forestation et d\u00e9gradation de nos \u00e9cosyst\u00e8mes d\u2019ici 2030. Le combat contre le changement climatique se refl\u00e8tera dans la composition de mon gouvernement.<\/em>&nbsp;\u00bb<\/p>\n\n\n\n<p>Il explique vouloir d\u00e9velopper l\u2019agro-\u00e9cologie, valoriser les savoirs des peuples indig\u00e8nes,&nbsp;plaider pour renforcer l\u2019aide financi\u00e8re aux pays vuln\u00e9rables au changement climatique et d\u00e9fendre la cr\u00e9ation d\u2019une ONU climat. \u00ab&nbsp;<em>Nous sommes de retour pour proposer une nouvelle gouvernance mondiale. Le monde d\u2019aujourd\u2019hui n\u2019est plus celui de 1945. Il est n\u00e9cessaire d\u2019inclure plus de pays au Conseil de s\u00e9curit\u00e9 de l\u2019ONU et en finir avec le droit de veto.<\/em>&nbsp;\u00bb Lula assure vouloir en faire encore plus pour l\u2019environnement que lors de ses pr\u00e9c\u00e9dents mandats&nbsp;et souhaite que la COP30 en 2025 soit accueillie en Amazonie. Il s&rsquo;est \u00e9galement prononc\u00e9 sur la th\u00e9matique br\u00fblante des pertes et dommages tant attendue par les pays les plus affect\u00e9s par les effets du climat (lire ci-dessous)&nbsp;:&nbsp;\u00ab&nbsp;<em>Nous avons un besoin urgent de m\u00e9canismes financiers pour rem\u00e9dier aux pertes et dommages caus\u00e9s par le changement climatique, nous ne pouvons plus reporter ce d\u00e9bat.<\/em>&nbsp;\u00bb(par&nbsp;<strong>Jeanne Richard<\/strong>)<\/p>\n\n\n\n<p><strong>\u2666\u00a0La conclusion du G20\u00a0en Indon\u00e9sie\u00a0<\/strong>\u00e9tait tr\u00e8s attendue \u00e0 Charm el-Cheikh. Les engagements environnementaux de certains des plus grands \u00c9tats pollueurs \u00e9tant devenus incertains : tensions sino-am\u00e9ricaines sur Ta\u00efwan, crise de l\u2019\u00e9nergie \u00e0 cause de la guerre en Ukraine\u2026\u00a0Depuis quelques jours, le bruit courrait dans les couloirs de la COP\u2026 Certains pays r\u00e9calcitrants\u00a0<strong>souhaitent remettre en cause<\/strong>\u00a0l\u2019engagement des 1,5\u00b0.<\/p>\n\n\n\n<p>Dans le communiqu\u00e9 final publi\u00e9 ce mercredi, les pays aux \u00e9conomies les plus d\u00e9velopp\u00e9es ont notamment d\u00e9clarer vouloir tenir leur engagement des 1,5\u00b0C. Un soulagement pour beaucoup \u00e0 Charm El-Cheikh : \u00ab&nbsp;<em>C&rsquo;est un signal politique fort&nbsp;de continuer sur ce m\u00eame niveau d&rsquo;ambition<\/em>&nbsp;\u00bb, r\u00e9agit&nbsp;Aurore Mathieu du R\u00e9seau action climat. Cependant, poursuit-elle,&nbsp;\u00ab&nbsp;<em>on aimerait bien que \u00e7a se traduise&nbsp;concr\u00e8tement ici par une date de sortie des \u00e9nergies fossiles notamment puisqu&rsquo;on sait que pour r\u00e9duire ses \u00e9missions il faut sortir des \u00e9nergies fossiles notamment.<\/em>&nbsp;\u00bb (par&nbsp;<strong>Charlotte Cosset<\/strong>).<\/p>\n\n\n\n<p>Toujours \u00e0 Bali, Emmanuel Macron a annonc\u00e9 pour juin un futur sommet sur les financements, notamment climat, qui traitera aussi de la question des pertes et dommages.<\/p>\n\n\n\n<p><strong>\u2666&nbsp;<\/strong><strong>Les petites \u00eeles&nbsp;<\/strong>craignent que les pertes et dommages passent \u00e0 l\u2019as. L\u2019Aosis, la coalition qui regroupe ces \u00c9tats extr\u00eamement vuln\u00e9rables \u00e0 la mont\u00e9e de l\u2019eau,<em>&nbsp;a&nbsp;<\/em>\u00ab<em>&nbsp;travaill\u00e9 sans rel\u00e2che cette ann\u00e9e pour construire un consensus, concevoir une r\u00e9ponse claire et s\u2019assurer de l\u2019engagement de la communaut\u00e9 internationale de venir \u00e0 cette COP27 et n\u00e9gocier en confiance sur ce probl\u00e8me. Maintenant, nous sommes l\u00e0 et quelques pays d\u00e9velopp\u00e9s essaient furieusement de bloquer les avanc\u00e9es, et pire, tentent de saper les petits \u00c9tats insulaires en voie de d\u00e9veloppement. Il n\u2019y a eu jusque-l\u00e0 que des consultations informelles sur ce point cl\u00e9 et aucun lancement officiel des n\u00e9gociations&nbsp;<\/em>\u00bb, a-t-elle r\u00e9agi dans un communiqu\u00e9. \u00ab&nbsp;<em>Pourquoi continuez-vous \u00e0 faire la sourde oreille aux cris de notre peuple&nbsp;?<\/em>&nbsp;\u00bb, a-t-elle encore demand\u00e9, affirmant que les petites \u00eeles \u00ab&nbsp;<em>n\u2019accepteront plus de d\u00e9lai sur le financement des pertes et dommages<\/em>&nbsp;\u00bb.<\/p>\n\n\n\n<p><strong>\u2666 M\u00eame inqui\u00e9tude du c\u00f4t\u00e9 des pays africains&nbsp;:&nbsp;<\/strong>ils n\u2019ont toujours pas d\u2019avanc\u00e9e notable sur les points qui leur tiennent \u00e0 c\u0153ur, \u00e0 savoir les financements pour s\u2019adapter au changement climatique et r\u00e9parer les d\u00e9g\u00e2ts qu\u2019ils subissent d\u00e9j\u00e0.&nbsp;Le probl\u00e8me, explique Mamadou Honadia, conseiller sur les n\u00e9gociations climat au sein de la C\u00e9d\u00e9ao, c\u2019est que les pays d\u00e9velopp\u00e9s misent avant tout sur l\u2019att\u00e9nuation du changement climatique, \u00e0 savoir la baisse mondiale des \u00e9missions de gaz \u00e0 effet de serre&nbsp;(recueilli de&nbsp;<strong>Claire Fages<\/strong>).<\/p>\n\n\n\n<p>MAMADOU HONADIA<\/p>\n\n\n\n<p>Claire Fages<\/p>\n\n\n\n<p><strong>\u2666 Un milliard d&rsquo;euros pour l&rsquo;adaptation en Afrique.\u00a0<\/strong>Comme en \u00e9cho \u00e0 ces inqui\u00e9tudes, au m\u00eame moment, l\u2019Union europ\u00e9enne, quatre de ses pays membres\u00a0et l\u2019Union africaine annon\u00e7aient une nouvelle initiative sur l\u2019adaptation au changement climatique en Afrique. Dot\u00e9e d\u2019un\u00a0milliard d\u2019euros, elle en consacrera 60 millions aux pertes et dommages, sans cr\u00e9er de fonds d\u00e9di\u00e9.\u00a0Une partie de cet argent devrait \u00eatre vers\u00e9 au\u00a0<strong>Bouclier global contre les risques climatiques<\/strong>, un syst\u00e8me assurantiel pour aider \u00e0 la r\u00e9paration qui ne suscite pas l\u2019enthousiasme.<\/p>\n\n\n\n<p>\u2666&nbsp;<strong>Le r\u00f4le de la nature<\/strong>&nbsp;est souvent sous-estim\u00e9 lorsqu\u2019on parle de changement climatique. Pourtant, selon les scientifiques, les solutions que peuvent apporter la nature sont essentielles, rappelle Brian O\u2019Donnell, directeur de l\u2019ONG Campain for Nature&nbsp;: \u00ab&nbsp;<em>Jusqu\u2019\u00e0 un tiers de la solution \u00e0 la crise climatique peut \u00eatre apport\u00e9e par la protection et la conservation de la nature. Les oc\u00e9ans ont un r\u00f4le \u00e9norme \u00e0 jouer en absorbant le CO2 et en r\u00e9gulant le cycle naturel du carbone. Aujourd\u2019hui, sans les oc\u00e9ans, l\u2019impact de la crise climatique serait bien pire. Les for\u00eats, les mangroves, et les autres zones riches en biodiversit\u00e9 absorbent des quantit\u00e9s gigantesques de CO2 atmosph\u00e9rique. Trop souvent on court apr\u00e8s des technologies qui n\u2019ont pas encore \u00e9t\u00e9 invent\u00e9es ou qui sont incroyablement ch\u00e8res et on ignore des solutions prouv\u00e9es qu\u2019on a sous les yeux&nbsp;: for\u00eats, mangroves, herbiers marins. Selon les experts du Giec, il faut qu\u2019on prot\u00e8ge entre 30 et 50 % des terres et oc\u00e9ans pour atteindre nos objectifs climatiques.&nbsp;<\/em>\u00bb<\/p>\n\n\n\n<p><strong>LES COULISSES EN IMAGE.<\/strong><\/p>\n\n\n\n<p>L\u2019image du jour, c\u2019est la fr\u00e9n\u00e9sie qui s\u2019est empar\u00e9e de la cour principale de la COP alors qu\u2019une prise de parole du pr\u00e9sident Lula \u00e9tait annonc\u00e9e, en milieu d\u2019apr\u00e8s-midi. Dans la foule, beaucoup de Sud-Am\u00e9ricains \u00e9videmment, dont un certain nombre de m\u00e9dias br\u00e9siliens.<\/p>\n\n\n\n<p><strong>ILS FONT LA COP.&nbsp;<\/strong>Des rivi\u00e8res dans l\u2019atmosph\u00e8re&nbsp;: trois questions au Dr Marty&nbsp;Ralph, m\u00e9t\u00e9orologiste, sp\u00e9cialiste des ph\u00e9nom\u00e8nes extr\u00eames \u00e0 l\u2019universit\u00e9 de San Diego, en Californie, un \u00c9tat am\u00e9ricain particuli\u00e8rement vuln\u00e9rable aux effets du changement climatiques. V\u00e9ritable ponte dans son domaine, ce chercheur am\u00e9ricain intervenait au pavillon Oc\u00e9an sur une question \u00e9mergente&nbsp;: les rivi\u00e8res atmosph\u00e9riques.<\/p>\n\n\n\n<p><strong>Qu\u2019est-ce qu\u2019une rivi\u00e8re atmosph\u00e9rique&nbsp;?<\/strong><\/p>\n\n\n\n<p><strong>Dr Marty&nbsp;Ralph&nbsp;<\/strong>: C\u2019est une r\u00e9gion de l\u2019atmosph\u00e8re constitu\u00e9e de vapeur d\u2019eau. Ces masses de vapeur se forment et se transforment en courant avant d\u2019\u00eatre pouss\u00e9s loin par les vents. Ils sont larges de quelques centaines de kilom\u00e8tres et longues de milliers de kilom\u00e8tres. La quantit\u00e9 d\u2019eau contenue dans une rivi\u00e8re atmosph\u00e9rique est \u00e9quivalente \u00e0 deux fois celle de la rivi\u00e8re amazonienne, qui est le plus grand fleuve du monde. Mais l\u00e0, c\u2019est dans l\u2019atmosph\u00e8re.<\/p>\n\n\n\n<p>On les trouve dans les zones sub-tropicales et dans les zones polaires. Elles ont tendance \u00e0 circuler d\u2019ouest en est, et dans les parties nord-ouest des continents &#8211; nord-ouest de l\u2019Am\u00e9rique du Nord et du Sud, ouest de l\u2019Europe, l\u2019ouest de l\u2019Australie et de la Nouvelle-Z\u00e9lande.<\/p>\n\n\n\n<p>Dans l\u2019h\u00e9misph\u00e8re nord, il peut y avoir trois ou quatre rivi\u00e8res atmosph\u00e9riques. Elles transportent pr\u00e8s de 90% de la vapeur d\u2019eau des latitudes moyennes. Les toutes derni\u00e8res recherches ont montr\u00e9 leur r\u00f4le majeur tant dans le potentiel d\u2019approvisionnement en eau que dans les inondations, dans de grandes parties du monde, y compris en Europe de l\u2019Ouest, comme la France.<\/p>\n\n\n\n<p>L\u2019une d\u2019entre elles a frapp\u00e9 durement la Colombie-Britannique en novembre et elle est arriv\u00e9e juste apr\u00e8s une autre tout aussi grosse. On dispose d\u2019une \u00e9chelle pour les rivi\u00e8res atmosph\u00e9riques, de 1 \u00e0 5.&nbsp;<strong><a href=\"https:\/\/lesactualites.news\/nouvelles\/la-colombie-britannique-fait-face-a-la-2e-riviere-atmospherique-en-une-semaine\/\" target=\"_blank\" rel=\"noreferrer noopener\">Ces deux rivi\u00e8res<\/a><\/strong>&nbsp;\u00e9taient au niveau 4 et elles ont g\u00e9n\u00e9r\u00e9 des inondations catastrophiques, d\u00e9truisant des routes et les lignes de chemins de fer qui transportent le fr\u00eat \u00e0 travers les [montagnes] Rocheuses.<\/p>\n\n\n\n<p><strong>En quoi le changement climatique peut-il avoir des effets sur ces rivi\u00e8res atmosph\u00e9riques&nbsp;?<\/strong><\/p>\n\n\n\n<p>Le r\u00e9chauffement climatique provoque plus de vapeur d\u2019eau et la vapeur d\u2019eau est le carburant des rivi\u00e8res atmosph\u00e9riques, donc il y aura de plus grosses rivi\u00e8res. Il y a beaucoup de nouveaux enjeux avec le changement du climat.<\/p>\n\n\n\n<p>Dans certaines parties du monde, l\u2019\u00e9vapo-transpiration des plantes peuvent aussi former beaucoup de vapeur d\u2019eau dans l\u2019atmosph\u00e8re. Les grandes couvertures de for\u00eats tropicales s\u2019ajoutent de mani\u00e8re substantielle \u00e0 la vapeur d\u2019eau automatiquement transport\u00e9e par les rivi\u00e8res atmosph\u00e9riques. Si quelque chose vient \u00e0 changer cette quantit\u00e9 d\u2019\u00e9vapo-transpiration, comme la d\u00e9forestation, cela peut modifier la rivi\u00e8re atmosph\u00e9rique en influen\u00e7ant les pr\u00e9cipitations.<\/p>\n\n\n\n<p><strong>Les rivi\u00e8res atmosph\u00e9riques peuvent aussi avoir des effets b\u00e9n\u00e9fiques. Lesquels&nbsp;?<\/strong><\/p>\n\n\n\n<p>En approfondissant les recherches, notre adaptation pourrait s\u2019am\u00e9liorer en mettant par exemple \u00e0 profit les pr\u00e9visions sur les rivi\u00e8res atmosph\u00e9riques. Cela pourrait permettre de maximiser l\u2019utilisation de r\u00e9servoir et des barrages pour garder l\u2019eau et si les pr\u00e9visions annoncent une nouvelle rivi\u00e8re, lib\u00e9rer les masses d\u2019eau.<\/p>\n\n\n\n<p>On travaille avec le corps du g\u00e9nie de l\u2019arm\u00e9e am\u00e9ricaine sp\u00e9cialis\u00e9 dans la gestion de l\u2019eau, avec le d\u00e9partement californien des ressources hydriques, on a \u00e9tudi\u00e9 les meilleures fa\u00e7ons d\u2019utiliser les r\u00e9servoirs d\u2019eau. Gr\u00e2ce \u00e0 une am\u00e9lioration des m\u00e9thodes, il y a eu une augmentation de 20% d\u2019eau pendant la troisi\u00e8me ann\u00e9e la plus chaude de l\u2019histoire.<\/p>\n","protected":false},"excerpt":{"rendered":"<p>La 27e Conf\u00e9rence des Parties (COP) s\u2019est ouverte lundi 7 novembre \u00e0 Charm el-Cheikh (\u00c9gypte). Cette 5e COP \u00ab\u00a0africaine\u00a0\u00bb se<\/p>\n","protected":false},"author":1,"featured_media":3366,"comment_status":"open","ping_status":"open","sticky":false,"template":"","format":"standard","meta":{"footnotes":""},"categories":[51],"tags":[],"class_list":["post-3465","post","type-post","status-publish","format-standard","has-post-thumbnail","hentry","category-general"],"_links":{"self":[{"href":"https:\/\/dekkbi.com\/index.php?rest_route=\/wp\/v2\/posts\/3465","targetHints":{"allow":["GET"]}}],"collection":[{"href":"https:\/\/dekkbi.com\/index.php?rest_route=\/wp\/v2\/posts"}],"about":[{"href":"https:\/\/dekkbi.com\/index.php?rest_route=\/wp\/v2\/types\/post"}],"author":[{"embeddable":true,"href":"https:\/\/dekkbi.com\/index.php?rest_route=\/wp\/v2\/users\/1"}],"replies":[{"embeddable":true,"href":"https:\/\/dekkbi.com\/index.php?rest_route=%2Fwp%2Fv2%2Fcomments&post=3465"}],"version-history":[{"count":1,"href":"https:\/\/dekkbi.com\/index.php?rest_route=\/wp\/v2\/posts\/3465\/revisions"}],"predecessor-version":[{"id":3468,"href":"https:\/\/dekkbi.com\/index.php?rest_route=\/wp\/v2\/posts\/3465\/revisions\/3468"}],"wp:featuredmedia":[{"embeddable":true,"href":"https:\/\/dekkbi.com\/index.php?rest_route=\/wp\/v2\/media\/3366"}],"wp:attachment":[{"href":"https:\/\/dekkbi.com\/index.php?rest_route=%2Fwp%2Fv2%2Fmedia&parent=3465"}],"wp:term":[{"taxonomy":"category","embeddable":true,"href":"https:\/\/dekkbi.com\/index.php?rest_route=%2Fwp%2Fv2%2Fcategories&post=3465"},{"taxonomy":"post_tag","embeddable":true,"href":"https:\/\/dekkbi.com\/index.php?rest_route=%2Fwp%2Fv2%2Ftags&post=3465"}],"curies":[{"name":"wp","href":"https:\/\/api.w.org\/{rel}","templated":true}]}}