{"id":34626,"date":"2024-04-13T12:32:50","date_gmt":"2024-04-13T12:32:50","guid":{"rendered":"https:\/\/dekkbi.com\/?p=34626"},"modified":"2024-04-13T12:38:45","modified_gmt":"2024-04-13T12:38:45","slug":"la-norvege-annonce-louverture-dune-ambassade-a-dakar","status":"publish","type":"post","link":"https:\/\/dekkbi.com\/?p=34626","title":{"rendered":"La Norv\u00e8ge annonce l\u2019ouverture d\u2019une ambassade \u00e0 Dakar"},"content":{"rendered":"\n<p>Dakar, (APS) \u2013 La Norv\u00e8ge pr\u00e9voit d\u2019ouvrir pour la premi\u00e8re fois une ambassade \u00e0 Dakar, une repr\u00e9sentation diplomatique qui va couvrir cinq autres pays de l\u2019Afrique de l\u2019ouest, a appris l\u2019APS de source diplomatique.\u2018\u2019La Norv\u00e8ge va ouvrir une ambassade \u00e0 Dakar \u00e0 l\u2019automne 2024. Cette ambassade couvrira plusieurs pays de l\u2019Afrique de l\u2019Ouest. C\u2019est la premi\u00e8re fois qu\u2019Oslo ouvre une ambassade au S\u00e9n\u00e9gal\u2019\u2019, a annonc\u00e9 la diplomatie norv\u00e9gienne dans une note transmise \u00e0 l\u2019APS.<\/p>\n\n\n\n<p>Cette repr\u00e9sentation diplomatique va s\u2019occuper \u00e9galement des relations de la Norv\u00e8ge avec le Burkina Faso, le Mali, la Mauritanie, le Niger et le Tchad, Oslo n\u2019ayant pas d\u2019ambassade dans ces pays.\u2018\u2018Je suis heureux que nous ayons bient\u00f4t des diplomates norv\u00e9giens au S\u00e9n\u00e9gal. Ils s\u2019efforceront de renforcer notre partenariat avec le S\u00e9n\u00e9gal et d\u2019\u0153uvrer pour la stabilisation et le d\u00e9veloppement de la r\u00e9gion\u201d, a d\u00e9clar\u00e9 le ministre norv\u00e9gien des Affaires \u00e9trang\u00e8res, Espen Barth Eide.<\/p>\n\n\n\n<p>Dans des propos rapport\u00e9s dans la note d\u2019information, le chef de la diplomatie norv\u00e9gienne assure que son pays donne la priorit\u00e9 \u00e0 l\u2019aide au d\u00e9veloppement dans les pays africains, aux efforts en faveur de la r\u00e9solution des conflits et \u00e0 la promotion de la d\u00e9mocratie et des droits de l\u2019homme.\u201dLa Norv\u00e8ge soutient depuis longtemps l\u2019ONU et l\u2019Union africaine. La Norv\u00e8ge et le S\u00e9n\u00e9gal ont de bons pr\u00e9requis pour renforcer leur coop\u00e9ration\u201d, a affirm\u00e9 M. Eide.<\/p>\n\n\n\n<p>De son c\u00f4t\u00e9, la ministre du D\u00e9veloppement international, Anne Beathe Tvinnereim a estim\u00e9 qu\u2019il \u00e9tait \u00e0 la fois important et juste qu\u2019Oslo consolide sa coop\u00e9ration avec le S\u00e9n\u00e9gal.\u2018\u2019Le S\u00e9n\u00e9gal est un partenaire multilat\u00e9ral important pour la Norv\u00e8ge, notamment dans la lutte contre les changements climatiques, mais aussi pour la souverainet\u00e9 alimentaire, la d\u00e9mocratie et les droits humains\u201d, a-t-elle fait valoir.La Norv\u00e8ge investit beaucoup dans l\u2019aide aux pays du Sahel. <\/p>\n\n\n\n<p>En 2022, elle a ainsi donn\u00e9 569 millions de couronnes norv\u00e9giennes, soit environ USD 54 million, pour des initiatives au Mali, au Burkina Faso, au Niger et au S\u00e9n\u00e9gal. Cette aide \u00e9tait principalement destin\u00e9e \u00e0 la pr\u00e9vention des conflits, au travail humanitaire et \u00e0 l\u2019\u00e9ducation.\u201dOutre le renforcement de notre partenariat avec le S\u00e9n\u00e9gal, nous souhaitons pouvoir analyser au mieux la situation dans la r\u00e9gion. <\/p>\n\n\n\n<p>Beaucoup de gens dans la r\u00e9gion sont affect\u00e9s par des crises qui n\u2019attirent gu\u00e8re l\u2019attention de la communaut\u00e9 internationale. Par voie d\u2019assistance humanitaire et d\u2019aide au d\u00e9veloppement \u00e0 long terme, nous contribuerons \u00e0 am\u00e9liorer la s\u00e9curit\u00e9 alimentaire et le d\u00e9veloppement durable dans la r\u00e9gion\u201d, a annonc\u00e9 Mme Tvinnereim.<\/p>\n\n\n\n<p>AKS\/OID<\/p>\n","protected":false},"excerpt":{"rendered":"<p>Dakar, (APS) \u2013 La Norv\u00e8ge pr\u00e9voit d\u2019ouvrir pour la premi\u00e8re fois une ambassade \u00e0 Dakar, une repr\u00e9sentation diplomatique qui va<\/p>\n","protected":false},"author":1,"featured_media":34627,"comment_status":"open","ping_status":"open","sticky":false,"template":"","format":"standard","meta":{"footnotes":""},"categories":[6],"tags":[],"class_list":["post-34626","post","type-post","status-publish","format-standard","has-post-thumbnail","hentry","category-politics"],"_links":{"self":[{"href":"https:\/\/dekkbi.com\/index.php?rest_route=\/wp\/v2\/posts\/34626","targetHints":{"allow":["GET"]}}],"collection":[{"href":"https:\/\/dekkbi.com\/index.php?rest_route=\/wp\/v2\/posts"}],"about":[{"href":"https:\/\/dekkbi.com\/index.php?rest_route=\/wp\/v2\/types\/post"}],"author":[{"embeddable":true,"href":"https:\/\/dekkbi.com\/index.php?rest_route=\/wp\/v2\/users\/1"}],"replies":[{"embeddable":true,"href":"https:\/\/dekkbi.com\/index.php?rest_route=%2Fwp%2Fv2%2Fcomments&post=34626"}],"version-history":[{"count":1,"href":"https:\/\/dekkbi.com\/index.php?rest_route=\/wp\/v2\/posts\/34626\/revisions"}],"predecessor-version":[{"id":34628,"href":"https:\/\/dekkbi.com\/index.php?rest_route=\/wp\/v2\/posts\/34626\/revisions\/34628"}],"wp:featuredmedia":[{"embeddable":true,"href":"https:\/\/dekkbi.com\/index.php?rest_route=\/wp\/v2\/media\/34627"}],"wp:attachment":[{"href":"https:\/\/dekkbi.com\/index.php?rest_route=%2Fwp%2Fv2%2Fmedia&parent=34626"}],"wp:term":[{"taxonomy":"category","embeddable":true,"href":"https:\/\/dekkbi.com\/index.php?rest_route=%2Fwp%2Fv2%2Fcategories&post=34626"},{"taxonomy":"post_tag","embeddable":true,"href":"https:\/\/dekkbi.com\/index.php?rest_route=%2Fwp%2Fv2%2Ftags&post=34626"}],"curies":[{"name":"wp","href":"https:\/\/api.w.org\/{rel}","templated":true}]}}