{"id":34607,"date":"2024-04-12T15:04:34","date_gmt":"2024-04-12T15:04:34","guid":{"rendered":"https:\/\/dekkbi.com\/?p=34607"},"modified":"2024-04-12T15:05:20","modified_gmt":"2024-04-12T15:05:20","slug":"ministere-de-la-fonction-publique-et-de-la-reforme-du-service-public-olivier-boucal-annonce-de-grandes-reformes","status":"publish","type":"post","link":"https:\/\/dekkbi.com\/?p=34607","title":{"rendered":"Olivier Boucal annonce de \u00ab grandes r\u00e9formes \u00bb"},"content":{"rendered":"\n<p>Le ministre de la Fonction publique et de la Transformation du secteur public, Gallo B\u00e2 a pass\u00e9 le t\u00e9moin \u00e0 son successeur Olivier Boucal, qui pilote d\u00e9sormais ce d\u00e9partement, qui devient le minist\u00e8re de la Fonction publique et de la R\u00e9forme du service public. M. Boucal annonce de \u00ab grandes<\/p>\n\n\n\n<p>Le nouveau ministre en charge de la fonction publique et de la r\u00e9forme du service public pr\u00e9voit de \u00ab&nbsp;grandes r\u00e9formes&nbsp;\u00bb. \u00ab&nbsp;Pour transformer profond\u00e9ment l\u2019action publique, pour la rendre plus proche, plus compr\u00e9hensible, plus comp\u00e9titive, plus efficace, plus utile, il faut r\u00e9former et r\u00e9parer afin que les r\u00e9sultats de nos projets ou d\u00e9cisions servent quotidiennement aux S\u00e9n\u00e9galais&nbsp;\u00bb, a expliqu\u00e9 Olivier BOUCAL.<br><br>Il s\u2019exprimait lors de la c\u00e9r\u00e9monie de passation de service avec son pr\u00e9d\u00e9cesseur Gallo Ba et durant laquelle il a soulign\u00e9 que pour r\u00e9aliser cette ambition, nous faisons vraiment et totalement confiance au pr\u00e9sident la R\u00e9publique Bassirou Diomaye Diakhar FAYE et au premier ministre Ousmane SONKO&nbsp;\u00bb.<br><br>\u00ab&nbsp;Aujourd\u2019hui, il m\u2019est confi\u00e9 ce minist\u00e8re qui s\u2019appelle d\u00e9sormais minist\u00e8re de la Fonction publique et de la R\u00e9forme du service public&nbsp;\u00bb, a-t-il dit, soulignant qu\u2019il y a du \u00ab&nbsp;renouveau&nbsp;\u00bb car, \u00ab&nbsp;on passe \u00e0 la r\u00e9forme&nbsp;\u00bb. Il a d\u00e9clar\u00e9 en ce sens que \u00ab&nbsp;de grandes r\u00e9formes seront engag\u00e9es&nbsp;\u00bb. \u00ab&nbsp;De nombreuses r\u00e9formes structurantes&nbsp;\u00bb, a-t-il insist\u00e9.<br><br>Des r\u00e9formes qui, selon lui, agiront sur tous les leviers de la gestion des ressources humaines : m\u00e9diation, management, recrutement, diversit\u00e9, formation, sant\u00e9, gestion des carri\u00e8res, retraites, \u00e9quit\u00e9, \u00e9thique.<br><br>Il a fait savoir que seul un service public de qualit\u00e9 totale permettra de faire travailler de fa\u00e7on inclusive toutes les comp\u00e9tences, toutes les administrations concern\u00e9es ou d\u00e9di\u00e9es. Il faut voir ici, d\u2019apr\u00e8s lui, que ces transformations ou r\u00e9formes ne sont pas que celles de l\u2019\u00c9tat.<br><br>\u00ab&nbsp;Chaque citoyen est acteur de l\u2019action publique&nbsp;\u00bb, a-t-il expliqu\u00e9. Avant d\u2019ajouter que tous les S\u00e9n\u00e9galais doivent pouvoir acc\u00e9der \u00e0 l\u2019emploi public. A l\u2019en croire, chaque service public doit, aujourd\u2019hui, entrer totalement et directement dans les attentes des compatriotes.<br><br>Ces r\u00e9formes sont aussi li\u00e9es \u00e0 celles des collectivit\u00e9s territoriales, a-t-il d\u00e9clar\u00e9. Soulignant qu\u2019il faut voir que c\u2019est ensemble qu\u2019il faut r\u00e9fl\u00e9chir pour porter des actions au niveau le plus pertinent, mener des r\u00e9flexions sur la meilleure mani\u00e8re d\u2019\u00eatre efficace.<br><br>Pour r\u00e9ussir cette vision, pour avoir des r\u00e9sultats probants, Olivier BOUCAL a confi\u00e9 que l\u2019autre priorit\u00e9 est de donner les moyens, de transf\u00e9rer le pouvoir d\u2019initier, de donner du sens \u00e0 tous les acteurs de l\u2019int\u00e9r\u00eat g\u00e9n\u00e9ral. \u00ab&nbsp;Les agents publics et les fonctionnaires auront toute notre attention et m\u00e9riteront tout notre soutien&nbsp;\u00bb, a-t-il rassur\u00e9.<br><br>Plus que jamais, il a soutenu que les agents publics et les fonctionnaires doivent \u00eatre reconnus et la confiance que les s\u00e9n\u00e9galais ont sur eux renouvel\u00e9e. A ce titre, le ministre s\u2019est engag\u00e9 qu\u2019ils trouveront les moyens qui permettent \u00e0 ces agents d\u2019agir efficacement et de servir la nation avec passion et fiert\u00e9.<br><br><strong>Bassirou MBAYE<\/strong><br><\/p>\n\n\n\n<p>Source :\u00a0https:\/\/www.lejecos.com<\/p>\n","protected":false},"excerpt":{"rendered":"<p>Le ministre de la Fonction publique et de la Transformation du secteur public, Gallo B\u00e2 a pass\u00e9 le t\u00e9moin \u00e0<\/p>\n","protected":false},"author":1,"featured_media":34608,"comment_status":"open","ping_status":"open","sticky":false,"template":"","format":"standard","meta":{"footnotes":""},"categories":[21],"tags":[],"class_list":["post-34607","post","type-post","status-publish","format-standard","has-post-thumbnail","hentry","category-societe"],"_links":{"self":[{"href":"https:\/\/dekkbi.com\/index.php?rest_route=\/wp\/v2\/posts\/34607","targetHints":{"allow":["GET"]}}],"collection":[{"href":"https:\/\/dekkbi.com\/index.php?rest_route=\/wp\/v2\/posts"}],"about":[{"href":"https:\/\/dekkbi.com\/index.php?rest_route=\/wp\/v2\/types\/post"}],"author":[{"embeddable":true,"href":"https:\/\/dekkbi.com\/index.php?rest_route=\/wp\/v2\/users\/1"}],"replies":[{"embeddable":true,"href":"https:\/\/dekkbi.com\/index.php?rest_route=%2Fwp%2Fv2%2Fcomments&post=34607"}],"version-history":[{"count":2,"href":"https:\/\/dekkbi.com\/index.php?rest_route=\/wp\/v2\/posts\/34607\/revisions"}],"predecessor-version":[{"id":34610,"href":"https:\/\/dekkbi.com\/index.php?rest_route=\/wp\/v2\/posts\/34607\/revisions\/34610"}],"wp:featuredmedia":[{"embeddable":true,"href":"https:\/\/dekkbi.com\/index.php?rest_route=\/wp\/v2\/media\/34608"}],"wp:attachment":[{"href":"https:\/\/dekkbi.com\/index.php?rest_route=%2Fwp%2Fv2%2Fmedia&parent=34607"}],"wp:term":[{"taxonomy":"category","embeddable":true,"href":"https:\/\/dekkbi.com\/index.php?rest_route=%2Fwp%2Fv2%2Fcategories&post=34607"},{"taxonomy":"post_tag","embeddable":true,"href":"https:\/\/dekkbi.com\/index.php?rest_route=%2Fwp%2Fv2%2Ftags&post=34607"}],"curies":[{"name":"wp","href":"https:\/\/api.w.org\/{rel}","templated":true}]}}