{"id":34603,"date":"2024-04-12T14:57:11","date_gmt":"2024-04-12T14:57:11","guid":{"rendered":"https:\/\/dekkbi.com\/?p=34603"},"modified":"2024-04-12T14:57:34","modified_gmt":"2024-04-12T14:57:34","slug":"trafic-de-migrants-une-filiere-nepalaise-demantelee-a-dakar-9-arrestations","status":"publish","type":"post","link":"https:\/\/dekkbi.com\/?p=34603","title":{"rendered":"Trafic de migrants: Une fili\u00e8re n\u00e9palaise d\u00e9mantel\u00e9e \u00e0 Dakar"},"content":{"rendered":"\n<p>Un r\u00e9seau de trafic de migrants et de traite de personnes a \u00e9t\u00e9 d\u00e9mantel\u00e9e au centre-ville (Plateau), par la S\u00fbret\u00e9 urbaine.<\/p>\n\n\n\n<p>Un r\u00e9seau de trafic de migrants entretenu par des N\u00e9palais, a \u00e9t\u00e9 d\u00e9mantel\u00e9e par les \u00e9l\u00e9ments de la S\u00fbret\u00e9 urbaine. Neuf N\u00e9palais ont \u00e9t\u00e9 dans un immeuble sis au Plateau, pr\u00e9cis\u00e9ment \u00e0 la Rue Saint-Michel X Ngalandou Diouf.<\/p>\n\n\n\n<p>\u00c2g\u00e9s entre 19 et 41 ans, ces derniers, soup\u00e7onn\u00e9s d\u2019\u00eatre au centre d\u2019un trafic de migrants et de personnes, ont d\u00e9clar\u00e9 vouloir se rendre aux \u00c9tats-Unis via le Nicaragua. \u00ab\u00a0Lib\u00e9ration\u00a0\u00bb qui donne la nouvelle, r\u00e9v\u00e8le qu\u2019un commer\u00e7ant a \u00e9t\u00e9 \u00e9galement interpell\u00e9 aux Parcelles Assainies. Il a reconnu les faits.<\/p>\n\n\n\n<p>Les candidats \u00e0 l\u2019\u00e9migration ont confi\u00e9 aux policiers, avoir rejoint le S\u00e9n\u00e9gal gr\u00e2ce \u00e0 un certain Mamadou Diallo, un commer\u00e7ant guin\u00e9en qui travaille avec un contact bas\u00e9 \u00e0 Duba\u00ef, nomm\u00e9 Bissal.<\/p>\n\n\n\n<p>Chacun a d\u00e9bours\u00e9 30 000 dollars (environ 18 millions FCfa) pour le voyage aux \u00c9tats-Unis. \u00ab\u00a0<em>De Duba\u00ef, ils devaient rejoindre le Portugal, mais faute de visa de transit, ils se sont repli\u00e9s \u00e0 Dakar.<\/em>\u00ab\u00a0<\/p>\n\n\n\n<p><strong>Senenews<\/strong><\/p>\n","protected":false},"excerpt":{"rendered":"<p>Un r\u00e9seau de trafic de migrants et de traite de personnes a \u00e9t\u00e9 d\u00e9mantel\u00e9e au centre-ville (Plateau), par la S\u00fbret\u00e9<\/p>\n","protected":false},"author":1,"featured_media":34604,"comment_status":"open","ping_status":"open","sticky":false,"template":"","format":"standard","meta":{"footnotes":""},"categories":[21],"tags":[],"class_list":["post-34603","post","type-post","status-publish","format-standard","has-post-thumbnail","hentry","category-societe"],"_links":{"self":[{"href":"https:\/\/dekkbi.com\/index.php?rest_route=\/wp\/v2\/posts\/34603","targetHints":{"allow":["GET"]}}],"collection":[{"href":"https:\/\/dekkbi.com\/index.php?rest_route=\/wp\/v2\/posts"}],"about":[{"href":"https:\/\/dekkbi.com\/index.php?rest_route=\/wp\/v2\/types\/post"}],"author":[{"embeddable":true,"href":"https:\/\/dekkbi.com\/index.php?rest_route=\/wp\/v2\/users\/1"}],"replies":[{"embeddable":true,"href":"https:\/\/dekkbi.com\/index.php?rest_route=%2Fwp%2Fv2%2Fcomments&post=34603"}],"version-history":[{"count":2,"href":"https:\/\/dekkbi.com\/index.php?rest_route=\/wp\/v2\/posts\/34603\/revisions"}],"predecessor-version":[{"id":34606,"href":"https:\/\/dekkbi.com\/index.php?rest_route=\/wp\/v2\/posts\/34603\/revisions\/34606"}],"wp:featuredmedia":[{"embeddable":true,"href":"https:\/\/dekkbi.com\/index.php?rest_route=\/wp\/v2\/media\/34604"}],"wp:attachment":[{"href":"https:\/\/dekkbi.com\/index.php?rest_route=%2Fwp%2Fv2%2Fmedia&parent=34603"}],"wp:term":[{"taxonomy":"category","embeddable":true,"href":"https:\/\/dekkbi.com\/index.php?rest_route=%2Fwp%2Fv2%2Fcategories&post=34603"},{"taxonomy":"post_tag","embeddable":true,"href":"https:\/\/dekkbi.com\/index.php?rest_route=%2Fwp%2Fv2%2Ftags&post=34603"}],"curies":[{"name":"wp","href":"https:\/\/api.w.org\/{rel}","templated":true}]}}