{"id":34598,"date":"2024-04-12T14:51:08","date_gmt":"2024-04-12T14:51:08","guid":{"rendered":"https:\/\/dekkbi.com\/?p=34598"},"modified":"2024-04-12T14:51:50","modified_gmt":"2024-04-12T14:51:50","slug":"explosion-dans-une-centrale-hydroelectrique-en-italie-bilan-definitif-de-7-morts","status":"publish","type":"post","link":"https:\/\/dekkbi.com\/?p=34598","title":{"rendered":"Explosion dans une centrale hydro\u00e9lectrique en Italie"},"content":{"rendered":"\n<p>Sept personnes ont \u00e9t\u00e9 tu\u00e9es dans l&rsquo;explosion survenue mardi dans une centrale hydro\u00e9lectrique du nord de l&rsquo;Italie, selon un bilan d\u00e9finitif rendu public vendredi par les pompiers, qui ont r\u00e9cup\u00e9r\u00e9 dans la matin\u00e9e le corps du dernier disparu.<\/p>\n\n\n\n<p>La centrale est g\u00e9r\u00e9e par Enel Green Power, l&rsquo;unit\u00e9 de production d&rsquo;\u00e9nergie renouvelable du g\u00e9ant italien Enel, qui a mis en place un fonds de deux millions d&rsquo;euros en faveur des victimes et leurs proches.<\/p>\n\n\n\n<p>Dans une d\u00e9claration \u00e0 l&rsquo;AFP, l&rsquo;entreprise avait expliqu\u00e9 qu&rsquo;un incendie avait touch\u00e9 l&rsquo;un des deux groupes de la centrale du lieu-dit Bargi, mais l&rsquo;origine de la catastrophe demeure floue.<\/p>\n\n\n\n<p>Des \u00ab\u00a0travaux d&rsquo;am\u00e9lioration de l&rsquo;efficacit\u00e9\u00a0\u00bb \u00e9tait en cours dans la centrale quand l&rsquo;explosion s&rsquo;est produite, selon Enel Green Power.<\/p>\n\n\n\n<p>\u00ab\u00a0Il n&rsquo;y avait aucun probl\u00e8me de s\u00e9curit\u00e9, c&rsquo;\u00e9tait une intervention pr\u00e9vue depuis septembre 2022 (&#8230;) pour une mise \u00e0 jour technique\u00a0\u00bb, a expliqu\u00e9 jeudi le PDG d&rsquo;Enel Green Power, Salvatore Bernabei, cit\u00e9 par le journal Il Corriere della Sera.<\/p>\n\n\n\n<p>Ces travaux avaient \u00e9t\u00e9 confi\u00e9s \u00e0 trois importantes entreprises sp\u00e9cialis\u00e9es: Siemens, ABB et Voith.<\/p>\n\n\n\n<p>Une enqu\u00eate du parquet de Bologne est en cours pour examiner, entre autres, la cha\u00eene des sous-traitants, a pr\u00e9cis\u00e9 le procureur de Bologne, Giuseppe Amato, devant la presse locale.<\/p>\n\n\n\n<p>L\u2019Italie comptait fin 2021 4.646 centrales hydro\u00e9lectriques, situ\u00e9es en majorit\u00e9 dans le nord du pays. Fin 2021, les centrales hydro\u00e9lectriques, avec une production de 45,39 t\u00e9rawattheures, repr\u00e9sentaient plus de 14% de la consommation nationale et 39% de la production des sources renouvelables.<\/p>\n","protected":false},"excerpt":{"rendered":"<p>Sept personnes ont \u00e9t\u00e9 tu\u00e9es dans l&rsquo;explosion survenue mardi dans une centrale hydro\u00e9lectrique du nord de l&rsquo;Italie, selon un bilan<\/p>\n","protected":false},"author":1,"featured_media":34599,"comment_status":"open","ping_status":"open","sticky":false,"template":"","format":"standard","meta":{"footnotes":""},"categories":[51],"tags":[],"class_list":["post-34598","post","type-post","status-publish","format-standard","has-post-thumbnail","hentry","category-general"],"_links":{"self":[{"href":"https:\/\/dekkbi.com\/index.php?rest_route=\/wp\/v2\/posts\/34598","targetHints":{"allow":["GET"]}}],"collection":[{"href":"https:\/\/dekkbi.com\/index.php?rest_route=\/wp\/v2\/posts"}],"about":[{"href":"https:\/\/dekkbi.com\/index.php?rest_route=\/wp\/v2\/types\/post"}],"author":[{"embeddable":true,"href":"https:\/\/dekkbi.com\/index.php?rest_route=\/wp\/v2\/users\/1"}],"replies":[{"embeddable":true,"href":"https:\/\/dekkbi.com\/index.php?rest_route=%2Fwp%2Fv2%2Fcomments&post=34598"}],"version-history":[{"count":2,"href":"https:\/\/dekkbi.com\/index.php?rest_route=\/wp\/v2\/posts\/34598\/revisions"}],"predecessor-version":[{"id":34601,"href":"https:\/\/dekkbi.com\/index.php?rest_route=\/wp\/v2\/posts\/34598\/revisions\/34601"}],"wp:featuredmedia":[{"embeddable":true,"href":"https:\/\/dekkbi.com\/index.php?rest_route=\/wp\/v2\/media\/34599"}],"wp:attachment":[{"href":"https:\/\/dekkbi.com\/index.php?rest_route=%2Fwp%2Fv2%2Fmedia&parent=34598"}],"wp:term":[{"taxonomy":"category","embeddable":true,"href":"https:\/\/dekkbi.com\/index.php?rest_route=%2Fwp%2Fv2%2Fcategories&post=34598"},{"taxonomy":"post_tag","embeddable":true,"href":"https:\/\/dekkbi.com\/index.php?rest_route=%2Fwp%2Fv2%2Ftags&post=34598"}],"curies":[{"name":"wp","href":"https:\/\/api.w.org\/{rel}","templated":true}]}}