{"id":34564,"date":"2024-04-12T12:29:28","date_gmt":"2024-04-12T12:29:28","guid":{"rendered":"https:\/\/dekkbi.com\/?p=34564"},"modified":"2024-04-12T14:52:47","modified_gmt":"2024-04-12T14:52:47","slug":"le-pape-francois-bientot-dans-quatre-pays-dasie-et-doceanie","status":"publish","type":"post","link":"https:\/\/dekkbi.com\/?p=34564","title":{"rendered":"Le pape Fran\u00e7ois bient\u00f4t dans quatre pays d&rsquo;Asie et d&rsquo;Oc\u00e9anie : Indon\u00e9sie, Papouasie-Nouvelle-Guin\u00e9e, Timor oriental et Singapour"},"content":{"rendered":"\n<p>Le Saint-Si\u00e8ge a annonc\u00e9 ce vendredi 12 avril un nouveau voyage apostolique pour le souverain pontife. Fran\u00e7ois est attendu en Indon\u00e9sie, en Papouasie-Nouvelle-Guin\u00e9e, au Timor oriental et \u00e0 Singapour du 2 au 13 septembre prochains. Un p\u00e9riple de 30 000 kilom\u00e8tres confirm\u00e9 malgr\u00e9 la sant\u00e9 fragile du chef de l&rsquo;\u00c9glise catholique.<\/p>\n\n\n\n<p> Par : RFI avec AFP<\/p>\n\n\n\n<p>Apr\u00e8s la Cor\u00e9e du Sud, les Philippines ou encore le Japon, le\u00a0<strong>pape Fran\u00e7ois<\/strong>\u00a0va donc ajouter une nouvelle tourn\u00e9e en Asie \u00e0 la liste de ses voyages apostoliques, rapporte notre correspondant \u00e0 Rome,\u00a0<strong>\u00c9ric S\u00e9nanque<\/strong>.<\/p>\n\n\n\n<p>Des pays tr\u00e8s diff\u00e9rents o\u00f9 les communaut\u00e9s catholiques sont tr\u00e8s diverses, parfois ultra-minoritaires comme en Indon\u00e9sie o\u00f9 ils sont moins de 3 %. L&rsquo;<strong>Indon\u00e9sie<\/strong>, qui abrite la plus grande population musulmane au monde, a estim\u00e9 vendredi dans un communiqu\u00e9 que cette visite rev\u00eatait \u00ab\u00a0<em>une importance significative (&#8230;) non seulement pour les catholiques, mais aussi pour toutes les communaut\u00e9s religieuses<\/em>\u00a0\u00bb.<\/p>\n\n\n\n<p>Plus de neuf millions de chr\u00e9tiens -quasiment toute la population- vivent en\u00a0<strong>Papouasie-Nouvelle-Guin\u00e9e<\/strong>. La religion protestante est toutefois majoritaire dans ce pays qui reste par ailleurs empreint de traditions animistes. Aucun pape ne s&rsquo;y est rendu depuis Jean-Paul II en 1995.<\/p>\n\n\n\n<h2 class=\"wp-block-heading\">Un tour de force pour le souverain pontife<\/h2>\n\n\n\n<p>Un voyage dont les th\u00e9matiques fortes devraient \u00eatre le dialogue interreligieux, la r\u00e9conciliation comme au\u00a0<strong>Timor-Oriental\u00a0<\/strong>ou encore l\u2019\u00e9cologie en Papouasie-Nouvelle-Guin\u00e9e. Le pays d\u2019Oc\u00e9anie, v\u00e9ritable \u00ab p\u00e9riph\u00e9rie \u00bb comme les affectionne Fran\u00e7ois, accueillera un pape, quarante ans apr\u00e8s la venue de Jean-Paul II.<\/p>\n\n\n\n<p>En janvier dernier, le souverain pontife avait rappel\u00e9 sa volont\u00e9 de se rendre une nouvelle fois en Asie. Certaines de ces \u00e9tapes, comme l\u2019Indon\u00e9sie, \u00e9taient \u00e0 l\u2019agenda en 2020, mais avaient \u00e9t\u00e9 annul\u00e9es en raison de la pand\u00e9mie de Covid. Ce voyage de onze jours et quatre pays-\u00e9tape sera le plus long du pontificat du pape argentin, un tour de force pour le souverain pontife de 87 ans apr\u00e8s ses nombreux p\u00e9pins de sant\u00e9 de ces derniers mois. En d\u00e9cembre dernier, Fran\u00e7ois avait d\u00fb annuler \u00e0 la derni\u00e8re minute un d\u00e9placement \u00e0 Duba\u00ef \u00e0 l\u2019occasion de la conf\u00e9rence de l\u2019ONU sur le climat.<\/p>\n\n\n\n<p>Cette annonce intervient apr\u00e8s des inqui\u00e9tudes sur la sant\u00e9 du souverain pontife au moment des<strong>\u00a0f\u00eates de P\u00e2ques<\/strong>\u00a0: apparu fatigu\u00e9, il avait annul\u00e9 sa participation \u00e0 un \u00e9v\u00e9nement cl\u00e9 de la Semaine sainte et d\u00e9l\u00e9gu\u00e9 la lecture de ses discours en invoquant une bronchite. Jorge Bergoglio, qui se d\u00e9place en fauteuil roulant depuis deux ans, a accumul\u00e9 les probl\u00e8mes de sant\u00e9 ces derni\u00e8res ann\u00e9es, notamment aux genoux, aux hanches et au c\u00f4lon, et conna\u00eet des fragilit\u00e9s respiratoires.<\/p>\n\n\n\n<p>Avec plus de 30 heures de vol, un d\u00e9calage horaire de huit heures, une s\u00e9rie de rencontres et de messes, ce voyage devrait repr\u00e9senter un d\u00e9fi physique tr\u00e8s ambitieux pour le chef de l&rsquo;\u00c9glise catholique.<\/p>\n","protected":false},"excerpt":{"rendered":"<p>Le Saint-Si\u00e8ge a annonc\u00e9 ce vendredi 12 avril un nouveau voyage apostolique pour le souverain pontife. Fran\u00e7ois est attendu en<\/p>\n","protected":false},"author":1,"featured_media":8449,"comment_status":"open","ping_status":"open","sticky":false,"template":"","format":"standard","meta":{"footnotes":""},"categories":[51],"tags":[],"class_list":["post-34564","post","type-post","status-publish","format-standard","has-post-thumbnail","hentry","category-general"],"_links":{"self":[{"href":"https:\/\/dekkbi.com\/index.php?rest_route=\/wp\/v2\/posts\/34564","targetHints":{"allow":["GET"]}}],"collection":[{"href":"https:\/\/dekkbi.com\/index.php?rest_route=\/wp\/v2\/posts"}],"about":[{"href":"https:\/\/dekkbi.com\/index.php?rest_route=\/wp\/v2\/types\/post"}],"author":[{"embeddable":true,"href":"https:\/\/dekkbi.com\/index.php?rest_route=\/wp\/v2\/users\/1"}],"replies":[{"embeddable":true,"href":"https:\/\/dekkbi.com\/index.php?rest_route=%2Fwp%2Fv2%2Fcomments&post=34564"}],"version-history":[{"count":2,"href":"https:\/\/dekkbi.com\/index.php?rest_route=\/wp\/v2\/posts\/34564\/revisions"}],"predecessor-version":[{"id":34602,"href":"https:\/\/dekkbi.com\/index.php?rest_route=\/wp\/v2\/posts\/34564\/revisions\/34602"}],"wp:featuredmedia":[{"embeddable":true,"href":"https:\/\/dekkbi.com\/index.php?rest_route=\/wp\/v2\/media\/8449"}],"wp:attachment":[{"href":"https:\/\/dekkbi.com\/index.php?rest_route=%2Fwp%2Fv2%2Fmedia&parent=34564"}],"wp:term":[{"taxonomy":"category","embeddable":true,"href":"https:\/\/dekkbi.com\/index.php?rest_route=%2Fwp%2Fv2%2Fcategories&post=34564"},{"taxonomy":"post_tag","embeddable":true,"href":"https:\/\/dekkbi.com\/index.php?rest_route=%2Fwp%2Fv2%2Ftags&post=34564"}],"curies":[{"name":"wp","href":"https:\/\/api.w.org\/{rel}","templated":true}]}}